{"id":44817,"date":"2022-02-15T17:02:01","date_gmt":"2022-02-15T17:02:01","guid":{"rendered":"http:\/\/cordobadirecto.com\/index.php\/2022\/02\/15\/soledad-karina-y-los-palmeras-cerraron-el-festival-de-la-chaya-en-la-rioja\/"},"modified":"2022-02-15T17:02:01","modified_gmt":"2022-02-15T17:02:01","slug":"soledad-karina-y-los-palmeras-cerraron-el-festival-de-la-chaya-en-la-rioja","status":"publish","type":"post","link":"http:\/\/cordobadirecto.com\/index.php\/2022\/02\/15\/soledad-karina-y-los-palmeras-cerraron-el-festival-de-la-chaya-en-la-rioja\/","title":{"rendered":"Soledad, Karina y Los Palmeras cerraron el festival de La Chaya en La Rioja"},"content":{"rendered":"<figure class=\"mb-3\"><img loading=\"lazy\" src=\"http:\/\/cordobadirecto.com\/wp-content\/uploads\/2022\/02\/soledad-karina-y-los-palmeras-cerraron-el-festival-de-la-chaya-en-la-rioja.jpg\" width=\"100%\" height=\"100%\" alt=\"Soledad Karina y Los Palmeras juntos en La Rioja\"><figcaption> Soledad, Karina y Los Palmeras, juntos en La Rioja. <\/figcaption><\/figure>\n<p>La Fiesta Nacional de la Chaya, que fue un \u00e9xito, cerr\u00f3 con los reconocidos artistas nacionales&nbsp;<strong>Soledad, Karina y Los Palmeras<\/strong>.<\/p>\n<p>El festival se celebr\u00f3 en La Rioja e&nbsp;<strong>hizo colmar la ocupaci\u00f3n hotelera de la capital provincial<\/strong>, con turistas nacionales, extranjeros y locales, inform\u00f3 la Secretar\u00eda de Turismo riojana.<\/p>\n<p>Esta ancestral celebraci\u00f3n pagana del febrero riojano se festeja en toda la provincia, pero tiene su epicentro en la capital del 10 al 14 de de febrero<strong>.<\/strong><\/p>\n<p>El movimiento tur\u00edstico de estas cuatro jornadas tambi\u00e9n se reflej\u00f3 en la gastronom\u00eda, el transporte de larga, media y corta distancia, taxis y remises, y se extiendi\u00f3 a otros servicios como farmacias, kioscos y supermercados, a ra\u00edz de la gran demanda del p\u00fabico que visita la ciudad.<\/p>\n<p>Esta edici\u00f3n de la Chaya recibi\u00f3 a su p\u00fablico con un \u00fanico y mega escenario por el que pasaron artistas de renombre nacional y local todas las noches, coronadas con la tradicional nube blanca de harina y perfumadas con ramitos de albahaca.<\/p>\n<p>Para ingresar al festival, en el Complejo Chayero, vecino al aut\u00f3dromo capitalino, se requer\u00eda carn\u00e9 de vacunaci\u00f3n, uso de barbijo y alcohol desinfectante, como principales prevenciones ante la pandemia de coronavirus.<\/p>\n<p>El llamado &#8220;Kit Chayero&#8221; inclu\u00eda tambi\u00e9n ropa y calzado c\u00f3modo, albahaca (para colocar sobre la oreja, como distintivo del festejo), pa\u00f1uelo, gorra o sombrero, film o bolsa protectora para cubrir el celular, lentes o antiparras y piloto en caso de lluvia.<\/p>\n<p>Adem\u00e1s de disfrutar del festival en las noches y madrugadas, los turistas pudieron visitar en la ciudad y alrededores otros atractivos, como el Paseo Cultural Castro Barros, el Paseo del Norte Grande (en el complejo chayero), las Cascadas Abrastain y El Surral, en el Paraje Juan Caro a unos 12 kil\u00f3metros de la capital.<\/p>\n<p>Vecino a la ciudad est\u00e1 el dique de Los Sauces y en el casco urbano hay un circuito de iglesias y monumentos como Las Padercitas y Monumento al Tinkunaco, el Convento de Santo Domingo y las iglesias de San Francisco y el Ni\u00f1o Alcalde. <\/p>\n","protected":false},"excerpt":{"rendered":"<p>Soledad, Karina y Los Palmeras, juntos en La Rioja. La Fiesta Nacional de la Chaya, que fue un \u00e9xito, cerr\u00f3 con los reconocidos artistas nacionales&nbsp;Soledad, Karina y Los Palmeras. El festival se celebr\u00f3 en La Rioja e&nbsp;hizo colmar la ocupaci\u00f3n hotelera de la capital provincial, con turistas nacionales, extranjeros y locales, inform\u00f3 la Secretar\u00eda de [&hellip;]<\/p>\n","protected":false},"author":1,"featured_media":44818,"comment_status":"closed","ping_status":"closed","sticky":false,"template":"","format":"standard","meta":[],"categories":[20],"tags":[],"_links":{"self":[{"href":"http:\/\/cordobadirecto.com\/index.php\/wp-json\/wp\/v2\/posts\/44817"}],"collection":[{"href":"http:\/\/cordobadirecto.com\/index.php\/wp-json\/wp\/v2\/posts"}],"about":[{"href":"http:\/\/cordobadirecto.com\/index.php\/wp-json\/wp\/v2\/types\/post"}],"author":[{"embeddable":true,"href":"http:\/\/cordobadirecto.com\/index.php\/wp-json\/wp\/v2\/users\/1"}],"replies":[{"embeddable":true,"href":"http:\/\/cordobadirecto.com\/index.php\/wp-json\/wp\/v2\/comments?post=44817"}],"version-history":[{"count":0,"href":"http:\/\/cordobadirecto.com\/index.php\/wp-json\/wp\/v2\/posts\/44817\/revisions"}],"wp:featuredmedia":[{"embeddable":true,"href":"http:\/\/cordobadirecto.com\/index.php\/wp-json\/wp\/v2\/media\/44818"}],"wp:attachment":[{"href":"http:\/\/cordobadirecto.com\/index.php\/wp-json\/wp\/v2\/media?parent=44817"}],"wp:term":[{"taxonomy":"category","embeddable":true,"href":"http:\/\/cordobadirecto.com\/index.php\/wp-json\/wp\/v2\/categories?post=44817"},{"taxonomy":"post_tag","embeddable":true,"href":"http:\/\/cordobadirecto.com\/index.php\/wp-json\/wp\/v2\/tags?post=44817"}],"curies":[{"name":"wp","href":"https:\/\/api.w.org\/{rel}","templated":true}]}}