{"id":44819,"date":"2022-02-15T16:26:05","date_gmt":"2022-02-15T16:26:05","guid":{"rendered":"https:\/\/www.espinof.com\/listas\/quien-anna-7-cambios-importantes-serie-netflix-respecto-a-historia-real-que-adapta"},"modified":"2022-02-15T16:26:05","modified_gmt":"2022-02-15T16:26:05","slug":"quien-es-anna-los-7-cambios-mas-importantes-de-la-serie-de-netflix-respecto-a-la-historia-real-que-adapta","status":"publish","type":"post","link":"http:\/\/cordobadirecto.com\/index.php\/2022\/02\/15\/quien-es-anna-los-7-cambios-mas-importantes-de-la-serie-de-netflix-respecto-a-la-historia-real-que-adapta\/","title":{"rendered":"&#8216;\u00bfQui\u00e9n es Anna?&#8217;: los 7 cambios m\u00e1s importantes de la serie de Netflix respecto a la historia real que adapta"},"content":{"rendered":"<p><a href=\"https:\/\/www.espinof.com\/criticas\/quien-anna-estupenda-primera-serie-shonda-rhimes-para-netflix-merece-ser-fenomeno-grande-como-bridgerton\">&#8216;\u00bfQui\u00e9n es Anna?&#8217;<\/a> se ha convertido en el \u00faltimo fen\u00f3meno de <strong>Netflix<\/strong>. Creada por <strong>Shonda Rhimes<\/strong> a partir de un llamativo caso real, la serie se toma varias licencias respecto a lo sucedido en el caso de Anna Sorokin y a continuaci\u00f3n vamos a repasar <strong>los 7 cambios m\u00e1s importantes <\/strong>respecto a lo que pas\u00f3 realmente.<\/p>\n<p><!-- BREAK 1 --><\/p>\n<blockquote><p><strong>Obviamente, a partir de aqu\u00ed encontrar\u00e9is spoilers de &#8216;\u00bfQui\u00e9n es Anna?&#8217;<\/strong><\/p><\/blockquote>\n<h2>Nombres de personajes y lugares<\/h2>\n<div class=\"article-asset-image article-asset-large\">\n<div class=\"asset-content\">\n<div class=\"base-wrapper-image\"> <img class=\"sf-lazy \" data-sf-srcset=\"http:\/\/cordobadirecto.com\/wp-content\/uploads\/2022\/02\/quien-es-anna-los-7-cambios-mas-importantes-de-la-serie-de-netflix-respecto-a-la-historia-real-que-adapta.jpg 450w, http:\/\/cordobadirecto.com\/wp-content\/uploads\/2022\/02\/quien-es-anna-los-7-cambios-mas-importantes-de-la-serie-de-netflix-respecto-a-la-historia-real-que-adapta-10.jpg 681w,http:\/\/cordobadirecto.com\/wp-content\/uploads\/2022\/02\/quien-es-anna-los-7-cambios-mas-importantes-de-la-serie-de-netflix-respecto-a-la-historia-real-que-adapta-11.jpg 1024w, http:\/\/cordobadirecto.com\/wp-content\/uploads\/2022\/02\/quien-es-anna-los-7-cambios-mas-importantes-de-la-serie-de-netflix-respecto-a-la-historia-real-que-adapta-12.jpg 1366w,\" data-sf-src=\"http:\/\/cordobadirecto.com\/wp-content\/uploads\/2022\/02\/quien-es-anna-los-7-cambios-mas-importantes-de-la-serie-de-netflix-respecto-a-la-historia-real-que-adapta.jpg\" alt=\"Quien Es Anna Alan Reed\"> <noscript><img alt=\"Quien Es Anna Alan Reed\" class src=\"http:\/\/cordobadirecto.com\/wp-content\/uploads\/2022\/02\/quien-es-anna-los-7-cambios-mas-importantes-de-la-serie-de-netflix-respecto-a-la-historia-real-que-adapta.jpg\"><\/noscript> <\/div><\/div>\n<\/div>\n<p>La propia serie destaca al final del \u00faltimo episodio que se han hecho algunos cambios. Por ejemplo, <strong>el personaje de Vivian Kent est\u00e1 en realidad inspirado en la periodista Jessica Pressler<\/strong>, mientras que el asesor financiero de Anna se llama Andy Lance en la vida real y no Alan Reed.<\/p>\n<p><!-- BREAK 2 --> <\/p>\n<p>Adem\u00e1s, la revista en la que trabaja la protagonista se llama Manhattan, mientras que Pressler trabajaba para la New York Magazine. Otro cambio destacable es que el hotel en el que Anna estuvo meses dando propinas de 100 d\u00f3lares <strong>se llama realmente 11 Howard y no 12 George.<\/strong><\/p>\n<p><!-- BREAK 3 --><\/p>\n<div class=\"article-asset article-asset-normal article-asset-center\">\n<div class=\"desvio-container\">\n<div class=\"desvio\">\n<div class=\"desvio-figure js-desvio-figure\"> <a href=\"https:\/\/www.espinof.com\/listas\/mejores-series-netflix-2021\"> <img alt=\"Las 23 mejores series de Netflix en 2021\" src=\"http:\/\/cordobadirecto.com\/wp-content\/uploads\/2022\/02\/quien-es-anna-los-7-cambios-mas-importantes-de-la-serie-de-netflix-respecto-a-la-historia-real-que-adapta-1.jpg\"> <\/a> <\/div><\/div><\/div>\n<\/div>\n<h2>La reputaci\u00f3n da\u00f1ada de Vivian<\/h2>\n<div class=\"article-asset-image article-asset-large\">\n<div class=\"asset-content\">\n<div class=\"base-wrapper-image\"> <img class=\"sf-lazy \" data-sf-srcset=\"http:\/\/cordobadirecto.com\/wp-content\/uploads\/2022\/02\/quien-es-anna-los-7-cambios-mas-importantes-de-la-serie-de-netflix-respecto-a-la-historia-real-que-adapta-2.jpg 450w, http:\/\/cordobadirecto.com\/wp-content\/uploads\/2022\/02\/quien-es-anna-los-7-cambios-mas-importantes-de-la-serie-de-netflix-respecto-a-la-historia-real-que-adapta-13.jpg 681w,http:\/\/cordobadirecto.com\/wp-content\/uploads\/2022\/02\/quien-es-anna-los-7-cambios-mas-importantes-de-la-serie-de-netflix-respecto-a-la-historia-real-que-adapta-14.jpg 1024w, http:\/\/cordobadirecto.com\/wp-content\/uploads\/2022\/02\/quien-es-anna-los-7-cambios-mas-importantes-de-la-serie-de-netflix-respecto-a-la-historia-real-que-adapta-15.jpg 1366w,\" data-sf-src=\"http:\/\/cordobadirecto.com\/wp-content\/uploads\/2022\/02\/quien-es-anna-los-7-cambios-mas-importantes-de-la-serie-de-netflix-respecto-a-la-historia-real-que-adapta-2.jpg\" alt=\"Vivian Kent\"> <noscript><img alt=\"Vivian Kent\" class src=\"http:\/\/cordobadirecto.com\/wp-content\/uploads\/2022\/02\/quien-es-anna-los-7-cambios-mas-importantes-de-la-serie-de-netflix-respecto-a-la-historia-real-que-adapta-2.jpg\"><\/noscript> <\/div><\/div>\n<\/div>\n<p>&#8216;\u00bfQui\u00e9n es Anna?&#8217; hace especial hincapi\u00e9 en el hecho de que la reputaci\u00f3n de Vivian est\u00e1 en horas muy bajas tras un art\u00edculo que sali\u00f3 mal. Algo similar s\u00ed le sucedi\u00f3 a Pressler en la vida real, pero <strong>ya se hab\u00eda recuperado<\/strong> con la publicaci\u00f3n de un reportaje en 2015 que acab\u00f3 sirviendo como base para la pel\u00edcula <a href=\"https:\/\/www.espinof.com\/criticas\/estafadoras-wall-street-jennifer-lopez-brilla-adaptacion-llamativa-historia-real\">&#8216;Estafadoras de Wall Street&#8217;<\/a>.<\/p>\n<p><!-- BREAK 4 --><\/p>\n<h2>Vivian no convenci\u00f3 a Anna para ir a juicio<\/h2>\n<div class=\"article-asset-image article-asset-large\">\n<div class=\"asset-content\">\n<div class=\"base-wrapper-image\"> <img class=\"sf-lazy \" data-sf-srcset=\"http:\/\/cordobadirecto.com\/wp-content\/uploads\/2022\/02\/quien-es-anna-los-7-cambios-mas-importantes-de-la-serie-de-netflix-respecto-a-la-historia-real-que-adapta-3.jpg 450w, http:\/\/cordobadirecto.com\/wp-content\/uploads\/2022\/02\/quien-es-anna-los-7-cambios-mas-importantes-de-la-serie-de-netflix-respecto-a-la-historia-real-que-adapta-16.jpg 681w,http:\/\/cordobadirecto.com\/wp-content\/uploads\/2022\/02\/quien-es-anna-los-7-cambios-mas-importantes-de-la-serie-de-netflix-respecto-a-la-historia-real-que-adapta-17.jpg 1024w, http:\/\/cordobadirecto.com\/wp-content\/uploads\/2022\/02\/quien-es-anna-los-7-cambios-mas-importantes-de-la-serie-de-netflix-respecto-a-la-historia-real-que-adapta-18.jpg 1366w,\" data-sf-src=\"http:\/\/cordobadirecto.com\/wp-content\/uploads\/2022\/02\/quien-es-anna-los-7-cambios-mas-importantes-de-la-serie-de-netflix-respecto-a-la-historia-real-que-adapta-3.jpg\" alt=\"Quien Es Anna Protagonistas Serie\"> <noscript><img alt=\"Quien Es Anna Protagonistas Serie\" class src=\"http:\/\/cordobadirecto.com\/wp-content\/uploads\/2022\/02\/quien-es-anna-los-7-cambios-mas-importantes-de-la-serie-de-netflix-respecto-a-la-historia-real-que-adapta-3.jpg\"><\/noscript> <\/div><\/div>\n<\/div>\n<p>La serie de Netflix vende la idea de que la participaci\u00f3n de Vivian es esencial para que Anna rechace el trato que le han ofrecido y decida ir a juicio. Eso no sucedi\u00f3 realmente, pues <strong>Pressler no descubri\u00f3 la existencia de Anna hasta que ella ya hab\u00eda tomado la decisi\u00f3n de ir a juicio.<\/strong><\/p>\n<p><!-- BREAK 5 --><\/p>\n<h2>El motivo del viaje de Vivian a Alemania<\/h2>\n<div class=\"article-asset-image article-asset-large\">\n<div class=\"asset-content\">\n<div class=\"base-wrapper-image\"> <img class=\"sf-lazy \" data-sf-srcset=\"http:\/\/cordobadirecto.com\/wp-content\/uploads\/2022\/02\/quien-es-anna-los-7-cambios-mas-importantes-de-la-serie-de-netflix-respecto-a-la-historia-real-que-adapta-4.jpg 450w, http:\/\/cordobadirecto.com\/wp-content\/uploads\/2022\/02\/quien-es-anna-los-7-cambios-mas-importantes-de-la-serie-de-netflix-respecto-a-la-historia-real-que-adapta-19.jpg 681w,http:\/\/cordobadirecto.com\/wp-content\/uploads\/2022\/02\/quien-es-anna-los-7-cambios-mas-importantes-de-la-serie-de-netflix-respecto-a-la-historia-real-que-adapta-20.jpg 1024w, http:\/\/cordobadirecto.com\/wp-content\/uploads\/2022\/02\/quien-es-anna-los-7-cambios-mas-importantes-de-la-serie-de-netflix-respecto-a-la-historia-real-que-adapta-21.jpg 1366w,\" data-sf-src=\"http:\/\/cordobadirecto.com\/wp-content\/uploads\/2022\/02\/quien-es-anna-los-7-cambios-mas-importantes-de-la-serie-de-netflix-respecto-a-la-historia-real-que-adapta-4.jpg\" alt=\"Quien Es Anna Escena\"> <noscript><img alt=\"Quien Es Anna Escena\" class src=\"http:\/\/cordobadirecto.com\/wp-content\/uploads\/2022\/02\/quien-es-anna-los-7-cambios-mas-importantes-de-la-serie-de-netflix-respecto-a-la-historia-real-que-adapta-4.jpg\"><\/noscript> <\/div><\/div>\n<\/div>\n<p>Al igual que sucede en la serie, Pressler visit\u00f3 Alemania para conocer m\u00e1s sobre los or\u00edgenes de Anna, pero no lo hizo por su cuenta.<strong> La propia Sorokin ayud\u00f3 a Pressler a organizar el viaje<\/strong>, recomend\u00e1ndole lugares que visitar que fueron importantes durante su adolescencia. Y adem\u00e1s los padres de Anna estaban al tanto de su visita.<\/p>\n<p><!-- BREAK 6 --><\/p>\n<h2>El final del embarazo de Vivian<\/h2>\n<div class=\"article-asset-image article-asset-large\">\n<div class=\"asset-content\">\n<div class=\"base-wrapper-image\"> <img class=\"sf-lazy \" data-sf-srcset=\"http:\/\/cordobadirecto.com\/wp-content\/uploads\/2022\/02\/quien-es-anna-los-7-cambios-mas-importantes-de-la-serie-de-netflix-respecto-a-la-historia-real-que-adapta-5.jpg 450w, http:\/\/cordobadirecto.com\/wp-content\/uploads\/2022\/02\/quien-es-anna-los-7-cambios-mas-importantes-de-la-serie-de-netflix-respecto-a-la-historia-real-que-adapta-22.jpg 681w,http:\/\/cordobadirecto.com\/wp-content\/uploads\/2022\/02\/quien-es-anna-los-7-cambios-mas-importantes-de-la-serie-de-netflix-respecto-a-la-historia-real-que-adapta-23.jpg 1024w, http:\/\/cordobadirecto.com\/wp-content\/uploads\/2022\/02\/quien-es-anna-los-7-cambios-mas-importantes-de-la-serie-de-netflix-respecto-a-la-historia-real-que-adapta-24.jpg 1366w,\" data-sf-src=\"http:\/\/cordobadirecto.com\/wp-content\/uploads\/2022\/02\/quien-es-anna-los-7-cambios-mas-importantes-de-la-serie-de-netflix-respecto-a-la-historia-real-que-adapta-5.jpg\" alt=\"Quien Es Anna Vivian Embarazada\"> <noscript><img alt=\"Quien Es Anna Vivian Embarazada\" class src=\"http:\/\/cordobadirecto.com\/wp-content\/uploads\/2022\/02\/quien-es-anna-los-7-cambios-mas-importantes-de-la-serie-de-netflix-respecto-a-la-historia-real-que-adapta-5.jpg\"><\/noscript> <\/div><\/div>\n<\/div>\n<p>En la serie de Netflix se mantuvo el hecho de que Jessica Pressler estaba embarazada cuando trabaj\u00f3 en la historia de Anna, pero Shonda Rhimes parece que quiso buscar un gran efecto dram\u00e1tico al vincular la finalizaci\u00f3n del mismo con el momento en el que Vivian se pone de parto. Eso no sucedi\u00f3 as\u00ed realmente, ya que <strong>Pressler no tuvo a su beb\u00e9 hasta un par de semanas de haber acabado y entregado el texto.<\/strong><\/p>\n<p><!-- BREAK 7 --><\/p>\n<h2>El apoyo de la familia de Anna<\/h2>\n<p>&#8216;\u00bfQui\u00e9n es Anna?&#8217; propone que los padres de la protagonista poco m\u00e1s que han dado por perdida a su hija, desentendi\u00e9ndose por completo de lo que pueda pasarle. No es que el trato fuese muy cercano entre ellos en la vida real -por ejemplo, no hubo rastro de ellos en el juicio o durante la lectura de la sentencia-, pero <strong>s\u00ed que se tomaron la molestia de escribir un carta al juez de su caso pidiendo que fueran benevolentes con ella.<\/strong><\/p>\n<p><!-- BREAK 8 --><\/p>\n<div class=\"article-asset article-asset-normal article-asset-center\">\n<div class=\"desvio-container\">\n<div class=\"desvio\">\n<div class=\"desvio-figure js-desvio-figure\"> <a href=\"https:\/\/www.espinof.com\/listas\/mejores-peliculas-basadas-hechos-reales-historia\"> <img alt=\"Las 27 mejores pel\u00edculas basadas en hechos reales de la historia\" src=\"http:\/\/cordobadirecto.com\/wp-content\/uploads\/2022\/02\/quien-es-anna-los-7-cambios-mas-importantes-de-la-serie-de-netflix-respecto-a-la-historia-real-que-adapta-6.jpg\"> <\/a> <\/div><\/div><\/div>\n<\/div>\n<h2>El remordimiento de Anna<\/h2>\n<div class=\"article-asset-image article-asset-large\">\n<div class=\"asset-content\">\n<div class=\"base-wrapper-image\"> <img class=\"sf-lazy \" data-sf-srcset=\"http:\/\/cordobadirecto.com\/wp-content\/uploads\/2022\/02\/quien-es-anna-los-7-cambios-mas-importantes-de-la-serie-de-netflix-respecto-a-la-historia-real-que-adapta-7.jpg 450w, http:\/\/cordobadirecto.com\/wp-content\/uploads\/2022\/02\/quien-es-anna-los-7-cambios-mas-importantes-de-la-serie-de-netflix-respecto-a-la-historia-real-que-adapta-25.jpg 681w,http:\/\/cordobadirecto.com\/wp-content\/uploads\/2022\/02\/quien-es-anna-los-7-cambios-mas-importantes-de-la-serie-de-netflix-respecto-a-la-historia-real-que-adapta-26.jpg 1024w, http:\/\/cordobadirecto.com\/wp-content\/uploads\/2022\/02\/quien-es-anna-los-7-cambios-mas-importantes-de-la-serie-de-netflix-respecto-a-la-historia-real-que-adapta-27.jpg 1366w,\" data-sf-src=\"http:\/\/cordobadirecto.com\/wp-content\/uploads\/2022\/02\/quien-es-anna-los-7-cambios-mas-importantes-de-la-serie-de-netflix-respecto-a-la-historia-real-que-adapta-7.jpg\" alt=\"Quien Es Anna Escena Juicio\"> <noscript><img alt=\"Quien Es Anna Escena Juicio\" class src=\"http:\/\/cordobadirecto.com\/wp-content\/uploads\/2022\/02\/quien-es-anna-los-7-cambios-mas-importantes-de-la-serie-de-netflix-respecto-a-la-historia-real-que-adapta-7.jpg\"><\/noscript> <\/div><\/div>\n<\/div>\n<p>La serie de Shonda Rhimes prefiri\u00f3 destacar la primera reacci\u00f3n de Anna sobre lo que sucedido. Y es que ella dijo que no se arrepent\u00eda de lo que hab\u00eda hecho, pero s\u00ed de la forma en la que hizo ciertas cosas. No obstante, <strong>Sorokin se retract\u00f3 en octubre de 2019 <\/strong>en una audiencia para ver si se le conced\u00eda la libertad condicional. All\u00ed destac\u00f3 que se hab\u00edan sacado de contexto y que estaba &#8220;<em>realmente avergonzada y arrepentida<\/em>&#8221; por sus acciones.<\/p>\n<p><!-- BREAK 9 --> <\/p>\n","protected":false},"excerpt":{"rendered":"<p>&#8216;\u00bfQui\u00e9n es Anna?&#8217; se ha convertido en el \u00faltimo fen\u00f3meno de Netflix. Creada por Shonda Rhimes a partir de un llamativo caso real, la serie se toma varias licencias respecto a lo sucedido en el caso de Anna Sorokin y a continuaci\u00f3n vamos a repasar los 7 cambios m\u00e1s importantes respecto a lo que pas\u00f3 [&hellip;]<\/p>\n","protected":false},"author":1,"featured_media":44820,"comment_status":"closed","ping_status":"closed","sticky":false,"template":"","format":"standard","meta":[],"categories":[17],"tags":[],"_links":{"self":[{"href":"http:\/\/cordobadirecto.com\/index.php\/wp-json\/wp\/v2\/posts\/44819"}],"collection":[{"href":"http:\/\/cordobadirecto.com\/index.php\/wp-json\/wp\/v2\/posts"}],"about":[{"href":"http:\/\/cordobadirecto.com\/index.php\/wp-json\/wp\/v2\/types\/post"}],"author":[{"embeddable":true,"href":"http:\/\/cordobadirecto.com\/index.php\/wp-json\/wp\/v2\/users\/1"}],"replies":[{"embeddable":true,"href":"http:\/\/cordobadirecto.com\/index.php\/wp-json\/wp\/v2\/comments?post=44819"}],"version-history":[{"count":0,"href":"http:\/\/cordobadirecto.com\/index.php\/wp-json\/wp\/v2\/posts\/44819\/revisions"}],"wp:featuredmedia":[{"embeddable":true,"href":"http:\/\/cordobadirecto.com\/index.php\/wp-json\/wp\/v2\/media\/44820"}],"wp:attachment":[{"href":"http:\/\/cordobadirecto.com\/index.php\/wp-json\/wp\/v2\/media?parent=44819"}],"wp:term":[{"taxonomy":"category","embeddable":true,"href":"http:\/\/cordobadirecto.com\/index.php\/wp-json\/wp\/v2\/categories?post=44819"},{"taxonomy":"post_tag","embeddable":true,"href":"http:\/\/cordobadirecto.com\/index.php\/wp-json\/wp\/v2\/tags?post=44819"}],"curies":[{"name":"wp","href":"https:\/\/api.w.org\/{rel}","templated":true}]}}