{"id":44821,"date":"2022-02-15T14:00:01","date_gmt":"2022-02-15T14:00:01","guid":{"rendered":"https:\/\/www.ole.com.ar\/autos\/nuevo-williams-salio-luz_0_9NmlSWxiBj.html"},"modified":"2022-02-15T14:00:01","modified_gmt":"2022-02-15T14:00:01","slug":"salio-a-la-luz","status":"publish","type":"post","link":"http:\/\/cordobadirecto.com\/index.php\/2022\/02\/15\/salio-a-la-luz\/","title":{"rendered":"\u00a1Sali\u00f3 a la luz!"},"content":{"rendered":"<p>La temporada 2022 de F\u00f3rmula 1 comenzar\u00e1 el pr\u00f3ximo 20 de marzo con el Gran Premio de Bahr\u00e9in. De cara a la cita apertura, los equipos van presentando sus autos y este martes fue el turno de la escuder\u00eda Williams, quien sac\u00f3 a la luz el FW44.<\/p>\n<div class=\"sp__SM\">\n<div class=\"content-new \">\n<span class=\"tit-mobile\">Mir\u00e1 tambi\u00e9n<\/span><\/p>\n<div class=\"mg\">\n<div class=\"wrap-figure\">\n<picture>\n<a href=\"https:\/\/www.ole.com.ar\/autos\/presento-alphatauri_0_tDhZyFknVq.html\" target=\"_self\" rel=\"noopener\"><br \/>\n<img class=\"img-responsive\" alt=\"Se present\u00f3 el AlphaTauri\" src=\"http:\/\/cordobadirecto.com\/wp-content\/uploads\/2022\/02\/salio-a-la-luz.jpg\" loading=\"lazy\"><br \/>\n<\/a>\n<\/picture>\n<\/div>\n<\/div><\/div>\n<\/div>\n<p><mark>El nuevo Williams FW44 tuvo su presentaci\u00f3n en la f\u00e1brica de Grove y cont\u00f3 con la presencia del director del equipo, Jost Capito, y los pilotos Nicholas Latifi y Alexander Albon.<\/mark> El canadiense tendr\u00e1 su tercera temporada consecutiva y tendr\u00e1 como compa\u00f1ero al ex representante de Red Bull, que vuelve a la F\u00f3rmula 1.<\/p>\n<p><mark>Williams tambi\u00e9n hizo una renovaci\u00f3n en su look. El equipo brit\u00e1nico dio a conocer el lunes el desembarco de Duracell como flamante e importante patrocinador a largo plazo que aparece al costado del auto.<\/mark> El color azul predomina con diferentes tonos a lo largo del veh\u00edculo.<\/p>\n<div class=\"sp__SM\">\n<div class=\"content-new \">\n<span class=\"tit-mobile\">Mir\u00e1 tambi\u00e9n<\/span><\/p>\n<div class=\"mg\">\n<div class=\"wrap-figure\">\n<picture>\n<a href=\"https:\/\/www.ole.com.ar\/autos\/mensaje-mercedes_0_luPUaa60wS.html\" target=\"_self\" rel=\"noopener\"><br \/>\n<img class=\"img-responsive\" alt=\"Hamilton y el mensaje de Mercedes\" src=\"http:\/\/cordobadirecto.com\/wp-content\/uploads\/2022\/02\/salio-a-la-luz-1.jpg\" loading=\"lazy\"><br \/>\n<\/a>\n<\/picture>\n<\/div>\n<\/div><\/div>\n<\/div>\n<div class=\"entry-tags\">\n<h2>TEMAS QUE APARECEN EN ESTA NOTA<\/h2>\n<\/p><\/div>\n","protected":false},"excerpt":{"rendered":"<p>La temporada 2022 de F\u00f3rmula 1 comenzar\u00e1 el pr\u00f3ximo 20 de marzo con el Gran Premio de Bahr\u00e9in. De cara a la cita apertura, los equipos van presentando sus autos y este martes fue el turno de la escuder\u00eda Williams, quien sac\u00f3 a la luz el FW44. Mir\u00e1 tambi\u00e9n El nuevo Williams FW44 tuvo su [&hellip;]<\/p>\n","protected":false},"author":1,"featured_media":44822,"comment_status":"closed","ping_status":"closed","sticky":false,"template":"","format":"standard","meta":[],"categories":[21],"tags":[],"_links":{"self":[{"href":"http:\/\/cordobadirecto.com\/index.php\/wp-json\/wp\/v2\/posts\/44821"}],"collection":[{"href":"http:\/\/cordobadirecto.com\/index.php\/wp-json\/wp\/v2\/posts"}],"about":[{"href":"http:\/\/cordobadirecto.com\/index.php\/wp-json\/wp\/v2\/types\/post"}],"author":[{"embeddable":true,"href":"http:\/\/cordobadirecto.com\/index.php\/wp-json\/wp\/v2\/users\/1"}],"replies":[{"embeddable":true,"href":"http:\/\/cordobadirecto.com\/index.php\/wp-json\/wp\/v2\/comments?post=44821"}],"version-history":[{"count":0,"href":"http:\/\/cordobadirecto.com\/index.php\/wp-json\/wp\/v2\/posts\/44821\/revisions"}],"wp:featuredmedia":[{"embeddable":true,"href":"http:\/\/cordobadirecto.com\/index.php\/wp-json\/wp\/v2\/media\/44822"}],"wp:attachment":[{"href":"http:\/\/cordobadirecto.com\/index.php\/wp-json\/wp\/v2\/media?parent=44821"}],"wp:term":[{"taxonomy":"category","embeddable":true,"href":"http:\/\/cordobadirecto.com\/index.php\/wp-json\/wp\/v2\/categories?post=44821"},{"taxonomy":"post_tag","embeddable":true,"href":"http:\/\/cordobadirecto.com\/index.php\/wp-json\/wp\/v2\/tags?post=44821"}],"curies":[{"name":"wp","href":"https:\/\/api.w.org\/{rel}","templated":true}]}}