{"id":44856,"date":"2022-02-16T04:11:00","date_gmt":"2022-02-16T04:11:00","guid":{"rendered":"https:\/\/puntoapunto.com.ar\/?p=321529"},"modified":"2022-02-16T04:11:00","modified_gmt":"2022-02-16T04:11:00","slug":"lee-la-edicion-semanal-como-tiene-que-crecer-cordoba","status":"publish","type":"post","link":"http:\/\/cordobadirecto.com\/index.php\/2022\/02\/16\/lee-la-edicion-semanal-como-tiene-que-crecer-cordoba\/","title":{"rendered":"Le\u00e9 la edici\u00f3n semanal: C\u00f3mo tiene que crecer C\u00f3rdoba"},"content":{"rendered":"<div class=\"g g-146\">\n<div class=\"g-single a-410\"><a class=\"gofollow\" data-track=\"NDEwLDE0NiwxLDYw\" href=\"https:\/\/www.grupocanter.com.ar\/notas\/2022-de-proyeccion\/?utm_source=Punto%20a%20Punto&amp;utm_medium=Banner&amp;utm_campaign=Departamentos&amp;utm_term=Banner%20Pie%20de%20Nota\" target=\"_blank\" rel=\"noopener\"><img src=\"http:\/\/cordobadirecto.com\/wp-content\/uploads\/2022\/02\/lee-la-edicion-semanal-como-tiene-que-crecer-cordoba.gif\"><\/a><\/div>\n<\/div>\n<p><strong>Roque Lenti, presiente de GNI<\/strong> y uno de los referentes del real estate local, habla de los desaf\u00edos, necesidades y oportunidades que tiene C\u00f3rdoba para seguir creciendo. <strong>\u00bfHay lugar para el co-living en C\u00f3rdoba?<\/strong><\/p>\n<p><strong>Esteban Avil\u00e9s<\/strong>, presidente de la Agencia C\u00f3rdoba Turismo, analiza c\u00f3mo viene la temporada de verano en C\u00f3rdoba y adelanta las cu\u00e1les son las proyecciones para este a\u00f1o. <strong>\u201cEsta temporada ya es comparable con las temporadas prepandemia\u201d<\/strong>, asegura.<\/p>\n<p>Samsung lanz\u00f3 su nueva l\u00ednea de smartphones y tablets apostando al segmento premium. Charlamos con <strong>Eliseo Outes<\/strong>, gerente senior de marketing quien asegura que la compa\u00f1\u00eda ya tiene el <strong>60% de share de mercado.<\/strong><\/p>\n<h4><span><strong>Le\u00e9 la edici\u00f3n semanal en tu dispositivo favorito:<\/strong><\/span><\/h4>\n<p><a href=\"https:\/\/indd.adobe.com\/view\/1c8068c1-faf9-496a-8999-015dea98fba2\" target=\"_blank\" rel=\"noopener\"><img loading=\"lazy\" class=\"alignnone size-medium wp-image-318023\" src=\"http:\/\/cordobadirecto.com\/wp-content\/uploads\/2022\/02\/lee-la-edicion-semanal-como-tiene-que-crecer-cordoba.png\" alt width=\"300\" height=\"75\" srcset=\"http:\/\/cordobadirecto.com\/wp-content\/uploads\/2022\/02\/lee-la-edicion-semanal-como-tiene-que-crecer-cordoba.png 300w, http:\/\/cordobadirecto.com\/wp-content\/uploads\/2022\/02\/lee-la-edicion-semanal-como-tiene-que-crecer-cordoba-2.png 768w, http:\/\/cordobadirecto.com\/wp-content\/uploads\/2022\/02\/lee-la-edicion-semanal-como-tiene-que-crecer-cordoba-3.png 150w, http:\/\/cordobadirecto.com\/wp-content\/uploads\/2022\/02\/lee-la-edicion-semanal-como-tiene-que-crecer-cordoba-4.png 696w, http:\/\/cordobadirecto.com\/wp-content\/uploads\/2022\/02\/lee-la-edicion-semanal-como-tiene-que-crecer-cordoba-5.png 800w\" sizes=\"(max-width: 300px) 100vw, 300px\"><\/a><\/p>\n<p><a href=\"https:\/\/indd.adobe.com\/view\/2a01b332-e9b2-4485-b75d-f04aa4b124b5\" target=\"_blank\" rel=\"noopener\"><img loading=\"lazy\" class=\"alignnone size-medium wp-image-318021\" src=\"http:\/\/cordobadirecto.com\/wp-content\/uploads\/2022\/02\/lee-la-edicion-semanal-como-tiene-que-crecer-cordoba-1.png\" alt width=\"300\" height=\"75\" srcset=\"http:\/\/cordobadirecto.com\/wp-content\/uploads\/2022\/02\/lee-la-edicion-semanal-como-tiene-que-crecer-cordoba-1.png 300w, http:\/\/cordobadirecto.com\/wp-content\/uploads\/2022\/02\/lee-la-edicion-semanal-como-tiene-que-crecer-cordoba-6.png 768w, http:\/\/cordobadirecto.com\/wp-content\/uploads\/2022\/02\/lee-la-edicion-semanal-como-tiene-que-crecer-cordoba-7.png 150w, http:\/\/cordobadirecto.com\/wp-content\/uploads\/2022\/02\/lee-la-edicion-semanal-como-tiene-que-crecer-cordoba-8.png 696w, http:\/\/cordobadirecto.com\/wp-content\/uploads\/2022\/02\/lee-la-edicion-semanal-como-tiene-que-crecer-cordoba-9.png 800w\" sizes=\"(max-width: 300px) 100vw, 300px\"><\/a><\/p>\n<p>No tags for this post. <\/p>\n","protected":false},"excerpt":{"rendered":"<p>Roque Lenti, presiente de GNI y uno de los referentes del real estate local, habla de los desaf\u00edos, necesidades y oportunidades que tiene C\u00f3rdoba para seguir creciendo. \u00bfHay lugar para el co-living en C\u00f3rdoba? Esteban Avil\u00e9s, presidente de la Agencia C\u00f3rdoba Turismo, analiza c\u00f3mo viene la temporada de verano en C\u00f3rdoba y adelanta las cu\u00e1les [&hellip;]<\/p>\n","protected":false},"author":1,"featured_media":44857,"comment_status":"closed","ping_status":"closed","sticky":false,"template":"","format":"standard","meta":[],"categories":[25],"tags":[],"_links":{"self":[{"href":"http:\/\/cordobadirecto.com\/index.php\/wp-json\/wp\/v2\/posts\/44856"}],"collection":[{"href":"http:\/\/cordobadirecto.com\/index.php\/wp-json\/wp\/v2\/posts"}],"about":[{"href":"http:\/\/cordobadirecto.com\/index.php\/wp-json\/wp\/v2\/types\/post"}],"author":[{"embeddable":true,"href":"http:\/\/cordobadirecto.com\/index.php\/wp-json\/wp\/v2\/users\/1"}],"replies":[{"embeddable":true,"href":"http:\/\/cordobadirecto.com\/index.php\/wp-json\/wp\/v2\/comments?post=44856"}],"version-history":[{"count":0,"href":"http:\/\/cordobadirecto.com\/index.php\/wp-json\/wp\/v2\/posts\/44856\/revisions"}],"wp:featuredmedia":[{"embeddable":true,"href":"http:\/\/cordobadirecto.com\/index.php\/wp-json\/wp\/v2\/media\/44857"}],"wp:attachment":[{"href":"http:\/\/cordobadirecto.com\/index.php\/wp-json\/wp\/v2\/media?parent=44856"}],"wp:term":[{"taxonomy":"category","embeddable":true,"href":"http:\/\/cordobadirecto.com\/index.php\/wp-json\/wp\/v2\/categories?post=44856"},{"taxonomy":"post_tag","embeddable":true,"href":"http:\/\/cordobadirecto.com\/index.php\/wp-json\/wp\/v2\/tags?post=44856"}],"curies":[{"name":"wp","href":"https:\/\/api.w.org\/{rel}","templated":true}]}}