{"id":44862,"date":"2022-02-15T15:42:15","date_gmt":"2022-02-15T15:42:15","guid":{"rendered":"https:\/\/cordoba.gob.ar\/?p=20245"},"modified":"2022-02-15T15:42:15","modified_gmt":"2022-02-15T15:42:15","slug":"la-avenida-illia-contara-con-un-kilometro-de-nuevo-asfalto","status":"publish","type":"post","link":"http:\/\/cordobadirecto.com\/index.php\/2022\/02\/15\/la-avenida-illia-contara-con-un-kilometro-de-nuevo-asfalto\/","title":{"rendered":"La Avenida Illia contar\u00e1 con un kil\u00f3metro de nuevo asfalto"},"content":{"rendered":"<div><img src=\"http:\/\/cordobadirecto.com\/wp-content\/uploads\/2022\/02\/la-avenida-illia-contara-con-un-kilometro-de-nuevo-asfalto.jpg\" class=\"ff-og-image-inserted\"><\/div>\n<ul>\n<li><strong>Comenzaron las obras que incluir\u00e1n ambas manos entre Tr\u00e1nsito C\u00e1ceres de Allende y Bv. Chacabuco.<\/strong><\/li>\n<\/ul>\n<hr>\n<p>Hoy, la Secretar\u00eda de Desarrollo Urbano municipal dio inicio a las tareas de fresado del antiguo pavimento para la fundaci\u00f3n de nueva carpeta asf\u00e1ltica en la traza este del Bv. Illia, en las proximidades de la Terminal de \u00d3mnibus.<\/p>\n<p>La importante arteria ser\u00e1 intervenida en los 1.000 metros lineales entre ambas manos que unen Tr\u00e1nsito C\u00e1ceres de Allende con Bv. Chacabuco.<\/p>\n<p>Los inicios se desarrollan en la mano derecha de la calzada sur, en las inmediaciones de Bv. Chacabuco.<\/p>\n<p>Adem\u00e1s, la nueva calzada permitir\u00e1 una mejor transitabilidad hacia y desde el sector sureste capitalino, donde confluyen gran cantidad de ciudadanos por la Av. Amadeo Sabattini y la salida de colectivos de la Terminal de \u00d3mnibus.<\/p>\n<p>En la integridad de las tareas, previamente la Municipalidad rehabilit\u00f3 tres kil\u00f3metros lineales del cuadrante comprendido por la Av. Poeta Lugones, Bv. Chacabuco y Bv. Illia, agilizando y mejorando la circulaci\u00f3n vehicular en un sector de alto tr\u00e1nsito.<\/p>\n<p>Por medio del segundo Plan de Bacheo y Rehabilitaci\u00f3n, se invierten $605 millones para la recuperaci\u00f3n de las principales arterias del \u00e1rea central.<\/p>\n<p>La rehabilitaci\u00f3n de calzada avanza en las calles De\u00e1n Funes y Paso de los Andes en barrio Alberdi y Jer\u00f3nimo Luis de Cabrera de Alta C\u00f3rdoba con material asf\u00e1ltico; 1.600 metros lineales de Julio A. Roca y 360 de Duarte Quir\u00f3s con hormig\u00f3n.<\/p>\n","protected":false},"excerpt":{"rendered":"<p>Comenzaron las obras que incluir\u00e1n ambas manos entre Tr\u00e1nsito C\u00e1ceres de Allende y Bv. Chacabuco. Hoy, la Secretar\u00eda de Desarrollo Urbano municipal dio inicio a las tareas de fresado del antiguo pavimento para la fundaci\u00f3n de nueva carpeta asf\u00e1ltica en la traza este del Bv. Illia, en las proximidades de la Terminal de \u00d3mnibus. La [&hellip;]<\/p>\n","protected":false},"author":1,"featured_media":44863,"comment_status":"closed","ping_status":"closed","sticky":false,"template":"","format":"standard","meta":[],"categories":[44],"tags":[],"_links":{"self":[{"href":"http:\/\/cordobadirecto.com\/index.php\/wp-json\/wp\/v2\/posts\/44862"}],"collection":[{"href":"http:\/\/cordobadirecto.com\/index.php\/wp-json\/wp\/v2\/posts"}],"about":[{"href":"http:\/\/cordobadirecto.com\/index.php\/wp-json\/wp\/v2\/types\/post"}],"author":[{"embeddable":true,"href":"http:\/\/cordobadirecto.com\/index.php\/wp-json\/wp\/v2\/users\/1"}],"replies":[{"embeddable":true,"href":"http:\/\/cordobadirecto.com\/index.php\/wp-json\/wp\/v2\/comments?post=44862"}],"version-history":[{"count":0,"href":"http:\/\/cordobadirecto.com\/index.php\/wp-json\/wp\/v2\/posts\/44862\/revisions"}],"wp:featuredmedia":[{"embeddable":true,"href":"http:\/\/cordobadirecto.com\/index.php\/wp-json\/wp\/v2\/media\/44863"}],"wp:attachment":[{"href":"http:\/\/cordobadirecto.com\/index.php\/wp-json\/wp\/v2\/media?parent=44862"}],"wp:term":[{"taxonomy":"category","embeddable":true,"href":"http:\/\/cordobadirecto.com\/index.php\/wp-json\/wp\/v2\/categories?post=44862"},{"taxonomy":"post_tag","embeddable":true,"href":"http:\/\/cordobadirecto.com\/index.php\/wp-json\/wp\/v2\/tags?post=44862"}],"curies":[{"name":"wp","href":"https:\/\/api.w.org\/{rel}","templated":true}]}}