{"id":44869,"date":"2022-02-15T21:54:00","date_gmt":"2022-02-15T21:54:00","guid":{"rendered":"http:\/\/cordobadirecto.com\/index.php\/2022\/02\/15\/declaran-inconstitucional-que-se-plebiscite-la-eutanasia\/"},"modified":"2022-02-15T21:54:00","modified_gmt":"2022-02-15T21:54:00","slug":"declaran-inconstitucional-que-se-plebiscite-la-eutanasia","status":"publish","type":"post","link":"http:\/\/cordobadirecto.com\/index.php\/2022\/02\/15\/declaran-inconstitucional-que-se-plebiscite-la-eutanasia\/","title":{"rendered":"Declaran inconstitucional que se plebiscite la eutanasia"},"content":{"rendered":"<figure class=\"mb-3\"><img loading=\"lazy\" src=\"http:\/\/cordobadirecto.com\/wp-content\/uploads\/2022\/02\/declaran-inconstitucional-que-se-plebiscite-la-eutanasia.jpg\" width=\"100%\" height=\"100%\" alt=\"Tras el rechazo de la Corte al plebiscito la centroizquierda buscar aprobar en el Parlamento el suicidio asistido Foto Archivo\"><figcaption> Tras el rechazo de la Corte al plebiscito, la centroizquierda buscar\u00e1 aprobar en el Parlamento el suicidio asistido. Foto: Archivo <\/figcaption><\/figure>\n<p>La Corte Constitucional italiana declar\u00f3 este martes &#8220;inadmisible&#8221; que se haga un plebiscito para decidir la despenalizaci\u00f3n de la eutanasia.<\/p>\n<p>Tras una reuni\u00f3n de la que participaron los 15 jueces que integran el m\u00e1ximo tribunal constitucional del pa\u00eds, la Corte decidi\u00f3 rechazar la propuesta de refef\u00e9ndum porque <strong>&#8220;no se preservar\u00eda la tutela m\u00ednima constitucionalmente necesaria de la vida humana en general&#8221;<\/strong>, inform\u00f3 la oficina de comunicaci\u00f3n.<\/p>\n<p>Adem\u00e1s, a la espera de la sentencia completa,<strong> la oficina de comunicaci\u00f3n agreg\u00f3 que en caso de aprobarse una ley sobre eutanasia tampoco se tutelar\u00eda la vida &#8220;con referencia particular a las personas d\u00e9biles y vulnerables&#8221;.<\/strong><\/p>\n<blockquote class=\"twitter-tweet\" readability=\"2.8090909090909\">\n<p lang=\"it\" dir=\"ltr\">Inammissibile il referendum sull\u2019omicidio del consenziente.<a href=\"https:\/\/t.co\/3WmSDrQt3k\">https:\/\/t.co\/3WmSDrQt3k<\/a><a href=\"https:\/\/twitter.com\/hashtag\/Comunicato?src=hash&amp;ref_src=twsrc%5Etfw\">#Comunicato<\/a> <a href=\"https:\/\/twitter.com\/hashtag\/Sentenza?src=hash&amp;ref_src=twsrc%5Etfw\">#Sentenza<\/a> <a href=\"https:\/\/twitter.com\/hashtag\/Referendum?src=hash&amp;ref_src=twsrc%5Etfw\">#Referendum<\/a> <a href=\"https:\/\/twitter.com\/hashtag\/Cortecostituzionale?src=hash&amp;ref_src=twsrc%5Etfw\">#Cortecostituzionale<\/a> <a href=\"https:\/\/t.co\/uECNyFSrRD\">pic.twitter.com\/uECNyFSrRD<\/a><\/p>\n<p>\u2014 Corte Costituzionale (@CorteCost) <a href=\"https:\/\/twitter.com\/CorteCost\/status\/1493657807761125379?ref_src=twsrc%5Etfw\">February 15, 2022<\/a><\/p><\/blockquote>\n<p><strong>El refer\u00e9ndum, para el que se hab\u00edan superado el mill\u00f3n de firmas, buscaba despenalizar el homicidio de la persona consentida<\/strong>, sancionado por el art\u00edculo 579 del c\u00f3digo penal con pena de 6 a 15 a\u00f1os.<\/p>\n<p><strong>Tras el rechazo de la Corte al plebiscito, la centroizquierda italiana buscar\u00e1 ahora aprobar en el Parlamento una propuesta sobre suicidio asistido<\/strong>, adelant\u00f3 este martes por la noche el secretario del oficialista Partido Democr\u00e1tico Enrico Letta. <\/p>\n","protected":false},"excerpt":{"rendered":"<p>Tras el rechazo de la Corte al plebiscito, la centroizquierda buscar\u00e1 aprobar en el Parlamento el suicidio asistido. Foto: Archivo La Corte Constitucional italiana declar\u00f3 este martes &#8220;inadmisible&#8221; que se haga un plebiscito para decidir la despenalizaci\u00f3n de la eutanasia. Tras una reuni\u00f3n de la que participaron los 15 jueces que integran el m\u00e1ximo tribunal [&hellip;]<\/p>\n","protected":false},"author":1,"featured_media":44870,"comment_status":"closed","ping_status":"closed","sticky":false,"template":"","format":"standard","meta":[],"categories":[24],"tags":[],"_links":{"self":[{"href":"http:\/\/cordobadirecto.com\/index.php\/wp-json\/wp\/v2\/posts\/44869"}],"collection":[{"href":"http:\/\/cordobadirecto.com\/index.php\/wp-json\/wp\/v2\/posts"}],"about":[{"href":"http:\/\/cordobadirecto.com\/index.php\/wp-json\/wp\/v2\/types\/post"}],"author":[{"embeddable":true,"href":"http:\/\/cordobadirecto.com\/index.php\/wp-json\/wp\/v2\/users\/1"}],"replies":[{"embeddable":true,"href":"http:\/\/cordobadirecto.com\/index.php\/wp-json\/wp\/v2\/comments?post=44869"}],"version-history":[{"count":0,"href":"http:\/\/cordobadirecto.com\/index.php\/wp-json\/wp\/v2\/posts\/44869\/revisions"}],"wp:featuredmedia":[{"embeddable":true,"href":"http:\/\/cordobadirecto.com\/index.php\/wp-json\/wp\/v2\/media\/44870"}],"wp:attachment":[{"href":"http:\/\/cordobadirecto.com\/index.php\/wp-json\/wp\/v2\/media?parent=44869"}],"wp:term":[{"taxonomy":"category","embeddable":true,"href":"http:\/\/cordobadirecto.com\/index.php\/wp-json\/wp\/v2\/categories?post=44869"},{"taxonomy":"post_tag","embeddable":true,"href":"http:\/\/cordobadirecto.com\/index.php\/wp-json\/wp\/v2\/tags?post=44869"}],"curies":[{"name":"wp","href":"https:\/\/api.w.org\/{rel}","templated":true}]}}