{"id":44899,"date":"2022-02-16T12:24:55","date_gmt":"2022-02-16T12:24:55","guid":{"rendered":"https:\/\/www.bbc.com\/mundo\/noticias-america-latina-60384020"},"modified":"2022-02-16T12:24:55","modified_gmt":"2022-02-16T12:24:55","slug":"no-estoy-saliendo-de-mi-casa-por-miedo-de-que-me-arresten-el-drama-de-los-miles-de-colombo-venezolanos-a-los-que-les-anularon-la-cedula-en-colombia","status":"publish","type":"post","link":"http:\/\/cordobadirecto.com\/index.php\/2022\/02\/16\/no-estoy-saliendo-de-mi-casa-por-miedo-de-que-me-arresten-el-drama-de-los-miles-de-colombo-venezolanos-a-los-que-les-anularon-la-cedula-en-colombia\/","title":{"rendered":"&#8220;No estoy saliendo de mi casa por miedo de que me arresten&#8221;: el drama de los miles de colombo-venezolanos a los que les anularon la c\u00e9dula en Colombia"},"content":{"rendered":"<div dir=\"ltr\" class=\"e1j2237y5 bbc-q4ibpr e57qer20\">\n<div class=\"bbc-1atl7vu e1c9i7u14\">\n<ul role=\"list\" class=\"bbc-k0l9bd e1c9i7u12\">\n<li role=\"listitem\" class=\"bbc-1a3w4ok e1c9i7u11\">Daniel Pardo<\/li>\n<li role=\"listitem\" class=\"bbc-1p92jtu e1c9i7u10\">Corresponsal de BBC Mundo en Colombia<\/li>\n<\/ul>\n<\/div>\n<\/div>\n<p><time datetime=\"2022-02-16\" class=\"bbc-14xtggo e4zesg50\">4 horas<\/time><\/p>\n<div dir=\"ltr\" class=\"bbc-1ka88fa e57qer20\">\n<figure class=\"bbc-1qdcvv9 e6bmn90\">\n<div dir=\"ltr\" class=\"bbc-172p16q e57qer20\">\n<div dir=\"ltr\" class=\"bbc-189y18v e57qer20\" readability=\"6.5\">\n<div data-e2e=\"image-placeholder\" class=\"bbc-997y1y e1whu0\" readability=\"8\"><picture class=\"bbc-yfiktt e1enwo3v1\"><source srcset=\"https:\/\/ichef.bbci.co.uk\/news\/240\/cpsprodpb\/6852\/production\/_123260762_gettyimages-1124269741.jpg.webp 240w, https:\/\/ichef.bbci.co.uk\/news\/320\/cpsprodpb\/6852\/production\/_123260762_gettyimages-1124269741.jpg.webp 320w, https:\/\/ichef.bbci.co.uk\/news\/480\/cpsprodpb\/6852\/production\/_123260762_gettyimages-1124269741.jpg.webp 480w, https:\/\/ichef.bbci.co.uk\/news\/624\/cpsprodpb\/6852\/production\/_123260762_gettyimages-1124269741.jpg.webp 624w, https:\/\/ichef.bbci.co.uk\/news\/800\/cpsprodpb\/6852\/production\/_123260762_gettyimages-1124269741.jpg.webp 800w\" type=\"image\/webp\" sizes=\"(min-width: 1008px) 645px, 100vw\"><source srcset=\"https:\/\/ichef.bbci.co.uk\/news\/240\/cpsprodpb\/6852\/production\/_123260762_gettyimages-1124269741.jpg 240w, https:\/\/ichef.bbci.co.uk\/news\/320\/cpsprodpb\/6852\/production\/_123260762_gettyimages-1124269741.jpg 320w, https:\/\/ichef.bbci.co.uk\/news\/480\/cpsprodpb\/6852\/production\/_123260762_gettyimages-1124269741.jpg 480w, https:\/\/ichef.bbci.co.uk\/news\/624\/cpsprodpb\/6852\/production\/_123260762_gettyimages-1124269741.jpg 624w, https:\/\/ichef.bbci.co.uk\/news\/800\/cpsprodpb\/6852\/production\/_123260762_gettyimages-1124269741.jpg 800w\" type=\"image\/jpeg\" sizes=\"(min-width: 1008px) 645px, 100vw\"><img loading=\"lazy\" src=\"http:\/\/cordobadirecto.com\/wp-content\/uploads\/2022\/02\/no-estoy-saliendo-de-mi-casa-por-miedo-de-que-me-arresten-el-drama-de-los-miles-de-colombo-venezolanos-a-los-que-les-anularon-la-cedula-en-colombia.jpg\" alt=\"Migrante venezolano\" width=\"976\" height=\"549\" class=\"eehpdyc0 bbc-rb7xa0 e1enwo3v0\"><\/picture>\n<p role=\"text\" class=\"bbc-1s1cxbv etq3yw90\"><span class=\"bbc-1gnhmg2 e1yt7oin0\">Fuente de la imagen, <\/span><span lang=\"en-GB\">Getty Images<\/span><\/p>\n<\/div>\n<\/div>\n<\/div>\n<\/figure>\n<\/div>\n<div dir=\"ltr\" class=\"bbc-19j92fr e57qer20\" readability=\"12\">\n<p dir=\"ltr\" class=\"bbc-bm53ic e1cc2ql70\"><b>Como parte de su rutina como paciente de VIH, Miguel* fue a hacerse unos ex\u00e1menes y a recoger sus antiretrovirales al hospital la semana pasada. Pero, tras a\u00f1os de tratamiento, esta vez no lo atendieron. <\/b><\/p>\n<\/div>\n<div dir=\"ltr\" class=\"bbc-19j92fr e57qer20\" readability=\"12\">\n<p dir=\"ltr\" class=\"bbc-bm53ic e1cc2ql70\">&#8220;Me dijeron que estaba incurriendo en falsa identidad, que ten\u00eda que hablar con la Registradur\u00eda (\u2026) fui para all\u00e1 y me dijeron que s\u00ed, que mi c\u00e9dula estaba anulada porque mi apostilla era falsa&#8221;, declara. <\/p>\n<\/div>\n<div dir=\"ltr\" class=\"bbc-19j92fr e57qer20\" readability=\"14\">\n<p dir=\"ltr\" class=\"bbc-bm53ic e1cc2ql70\">Como \u00e9l, unos <b>43.000 migrantes venezolanos <\/b>que obtuvieron la nacionalidad colombiana en los \u00faltimos a\u00f1os se enteraron este mes, sin previo aviso, que la Registradur\u00eda, el ente gubernamental encargado de las identificaciones en Colombia, les anul\u00f3 la c\u00e9dula. <\/p>\n<\/div>\n<div dir=\"ltr\" class=\"bbc-19j92fr e57qer20\" readability=\"11\">\n<p dir=\"ltr\" class=\"bbc-bm53ic e1cc2ql70\">BBC Mundo conoci\u00f3 casos de personas que fueron a sacar plata del banco, les negaron la transacci\u00f3n y llevan semanas sin dinero; que les inmovilizaron el carro y para poder sacarlo sin c\u00e9dula les cobraron una millonada; que fueron detenidos por 36 horas; que no los dejaron volver a entrar al pa\u00eds; que no han podido registrar a sus hijos ni llevarlos al m\u00e9dico tras cuatro meses de nacidos. <\/p>\n<\/div>\n<div dir=\"ltr\" class=\"bbc-19j92fr e57qer20\" readability=\"14\">\n<p dir=\"ltr\" class=\"bbc-bm53ic e1cc2ql70\">El director nacional de Registro Civil, Rodrigo P\u00e9rez, explica: &#8220;Hicimos una verificaci\u00f3n que nos tom\u00f3 6 meses, que cont\u00f3 con 450 analistas, de casi 300.000 registros de extranjeros y encontramos novedades en 43.000 de ellos, sobre todo en lo que se refiere a la <b>apostilla<\/b>&#8220;. <\/p>\n<\/div>\n<div dir=\"ltr\" class=\"bbc-19j92fr e57qer20\" readability=\"10\">\n<p dir=\"ltr\" class=\"bbc-bm53ic e1cc2ql70\">La apostilla es un certificado otorgado por el Estado de un pa\u00eds para que un documento sea v\u00e1lido en otro. Conseguirlos en Venezuela es, al menos, una haza\u00f1a. <\/p>\n<\/div>\n<div dir=\"ltr\" class=\"bbc-1ka88fa e57qer20\">\n<figure class=\"bbc-1qdcvv9 e6bmn90\">\n<div dir=\"ltr\" class=\"bbc-172p16q e57qer20\">\n<div dir=\"ltr\" class=\"bbc-189y18v e57qer20\" readability=\"6.5\">\n<div data-e2e=\"image-placeholder\" class=\"bbc-997y1y e1whu0\" readability=\"8\"><noscript><picture class=\"bbc-yfiktt e1enwo3v1\"><source srcset=\"http:\/\/cordobadirecto.com\/wp-content\/uploads\/2022\/02\/no-estoy-saliendo-de-mi-casa-por-miedo-de-que-me-arresten-el-drama-de-los-miles-de-colombo-venezolanos-a-los-que-les-anularon-la-cedula-en-colombia.webp 240w, http:\/\/cordobadirecto.com\/wp-content\/uploads\/2022\/02\/no-estoy-saliendo-de-mi-casa-por-miedo-de-que-me-arresten-el-drama-de-los-miles-de-colombo-venezolanos-a-los-que-les-anularon-la-cedula-en-colombia-1.webp 320w, http:\/\/cordobadirecto.com\/wp-content\/uploads\/2022\/02\/no-estoy-saliendo-de-mi-casa-por-miedo-de-que-me-arresten-el-drama-de-los-miles-de-colombo-venezolanos-a-los-que-les-anularon-la-cedula-en-colombia-2.webp 480w, http:\/\/cordobadirecto.com\/wp-content\/uploads\/2022\/02\/no-estoy-saliendo-de-mi-casa-por-miedo-de-que-me-arresten-el-drama-de-los-miles-de-colombo-venezolanos-a-los-que-les-anularon-la-cedula-en-colombia-3.webp 624w, http:\/\/cordobadirecto.com\/wp-content\/uploads\/2022\/02\/no-estoy-saliendo-de-mi-casa-por-miedo-de-que-me-arresten-el-drama-de-los-miles-de-colombo-venezolanos-a-los-que-les-anularon-la-cedula-en-colombia-4.webp 800w\" type=\"image\/webp\" sizes=\"(min-width: 1008px) 645px, 100vw\"><source srcset=\"https:\/\/ichef.bbci.co.uk\/news\/240\/cpsprodpb\/8F62\/production\/_123260763_gettyimages-1020245582.jpg 240w, https:\/\/ichef.bbci.co.uk\/news\/320\/cpsprodpb\/8F62\/production\/_123260763_gettyimages-1020245582.jpg 320w, https:\/\/ichef.bbci.co.uk\/news\/480\/cpsprodpb\/8F62\/production\/_123260763_gettyimages-1020245582.jpg 480w, https:\/\/ichef.bbci.co.uk\/news\/624\/cpsprodpb\/8F62\/production\/_123260763_gettyimages-1020245582.jpg 624w, https:\/\/ichef.bbci.co.uk\/news\/800\/cpsprodpb\/8F62\/production\/_123260763_gettyimages-1020245582.jpg 800w\" type=\"image\/jpeg\" sizes=\"(min-width: 1008px) 645px, 100vw\"><img loading=\"lazy\" src=\"http:\/\/cordobadirecto.com\/wp-content\/uploads\/2022\/02\/no-estoy-saliendo-de-mi-casa-por-miedo-de-que-me-arresten-el-drama-de-los-miles-de-colombo-venezolanos-a-los-que-les-anularon-la-cedula-en-colombia-1.jpg\" alt=\"Migrante venezolano\" width=\"976\" height=\"549\" class=\"eehpdyc0 bbc-rb7xa0 e1enwo3v0\"><\/picture><\/noscript><\/p>\n<p role=\"text\" class=\"bbc-1s1cxbv etq3yw90\"><span class=\"bbc-1gnhmg2 e1yt7oin0\">Fuente de la imagen, <\/span><span lang=\"en-GB\">Getty Images<\/span><\/p>\n<\/div>\n<\/div>\n<\/div>\n<\/figure>\n<\/div>\n<p><h2 id=\"A\u00f1os-trabajando-y-ahora-esto\" tabindex=\"-1\" class=\"bbc-l3e97o e14hemmw0\">&#8220;A\u00f1os trabajando y ahora esto&#8221;<\/h2>\n<\/p>\n<div dir=\"ltr\" class=\"bbc-19j92fr e57qer20\" readability=\"11\">\n<p dir=\"ltr\" class=\"bbc-bm53ic e1cc2ql70\">De los seis millones de venezolanos que salieron del pa\u00eds por la crisis en los \u00faltimos a\u00f1os, un tercio vinieron a Colombia, entre otras razones porque muchos son hijos de colombianos que migraron a Venezuela por la violencia en los 80 y 90. <\/p>\n<\/div>\n<div dir=\"ltr\" class=\"bbc-19j92fr e57qer20\" readability=\"10\">\n<p dir=\"ltr\" class=\"bbc-bm53ic e1cc2ql70\">Pero hacerse colombianos no result\u00f3 precisamente f\u00e1cil: en ambos pa\u00edses, los tr\u00e1mites para sacar y legalizar documentos requieren tiempo, esfuerzo y dinero. <\/p>\n<\/div>\n<div dir=\"ltr\" class=\"bbc-19j92fr e57qer20\" readability=\"14\">\n<p dir=\"ltr\" class=\"bbc-bm53ic e1cc2ql70\">Y para estos 43.000 venezolanos nacionalizados parece que la odisea no termin\u00f3 cuando les entregaron su c\u00e9dula: ahora, seg\u00fan Rodrigo P\u00e9rez, no tienen otra opci\u00f3n que volver a registrarse como si acabaran de migrar. Con la diferencia de que, ahora, <b>la relaci\u00f3n consular entre los dos pa\u00edses es casi nula. <\/b><\/p>\n<\/div>\n<div dir=\"ltr\" class=\"bbc-19j92fr e57qer20\" readability=\"11\">\n<p dir=\"ltr\" class=\"bbc-bm53ic e1cc2ql70\">&#8220;Me siento impotente y no tengo qu\u00e9 hacer&#8221;, dice un migrante que, como muchos, pag\u00f3 a un gestor en Venezuela para conseguir la apostilla. <\/p>\n<\/div>\n<div dir=\"ltr\" class=\"bbc-19j92fr e57qer20\" readability=\"12\">\n<p dir=\"ltr\" class=\"bbc-bm53ic e1cc2ql70\">&#8220;No estoy saliendo de mi casa por miedo de que me arresten&#8221;, indica otro que se registr\u00f3, al igual que muchos migrantes, sin apostilla gracias a un decreto presidencial de 2016 que flexibilizaba ese requisito. <\/p>\n<\/div>\n<div dir=\"ltr\" class=\"bbc-19j92fr e57qer20\" readability=\"9\">\n<p dir=\"ltr\" class=\"bbc-bm53ic e1cc2ql70\">Todos tienen una historia frustrante y en su opini\u00f3n injusta: <b>ninguno dice haber falsificado documentos<\/b>, pero tienen una raz\u00f3n por la cual no sacaron la apostilla de manera formal. <\/p>\n<\/div>\n<div dir=\"ltr\" class=\"bbc-19j92fr e57qer20\" readability=\"13\">\n<p dir=\"ltr\" class=\"bbc-bm53ic e1cc2ql70\">&#8220;Es que as\u00ed funcionan las cosas en Venezuela, y un poco tambi\u00e9n en Colombia&#8221;, dice Mar\u00eda Carolina S\u00e1nchez, cuyo hijo est\u00e1 entre los afectados. &#8220;Todo tema legislativo en estos pa\u00edses es sin\u00f3nimo de mucho tr\u00e1mite, mucha espera y mucho dinero que casi nadie tiene&#8221;.<\/p>\n<\/div>\n<div dir=\"ltr\" class=\"bbc-19j92fr e57qer20\" readability=\"11\">\n<p dir=\"ltr\" class=\"bbc-bm53ic e1cc2ql70\">&#8220;Duramos a\u00f1os trabajando para sacar esta nacionalidad y ahora esto, de verdad, nos dej\u00f3 devastados&#8221;, a\u00f1ade. <\/p>\n<\/div>\n<div class=\"bbc-sffzb7 e8v25yx0\">\n<div dir=\"ltr\" class=\"bbc-1ka88fa e57qer20\">\n<figure class=\"bbc-1qdcvv9 e6bmn90\">\n<div dir=\"ltr\" class=\"bbc-172p16q e57qer20\">\n<div dir=\"ltr\" class=\"bbc-189y18v e57qer20\" readability=\"6.5\">\n<div data-e2e=\"image-placeholder\" class=\"bbc-997y1y e1whu0\" readability=\"8\"><noscript><picture class=\"bbc-yfiktt e1enwo3v1\"><source srcset=\"http:\/\/cordobadirecto.com\/wp-content\/uploads\/2022\/02\/no-estoy-saliendo-de-mi-casa-por-miedo-de-que-me-arresten-el-drama-de-los-miles-de-colombo-venezolanos-a-los-que-les-anularon-la-cedula-en-colombia-5.webp 240w, http:\/\/cordobadirecto.com\/wp-content\/uploads\/2022\/02\/no-estoy-saliendo-de-mi-casa-por-miedo-de-que-me-arresten-el-drama-de-los-miles-de-colombo-venezolanos-a-los-que-les-anularon-la-cedula-en-colombia-6.webp 320w, http:\/\/cordobadirecto.com\/wp-content\/uploads\/2022\/02\/no-estoy-saliendo-de-mi-casa-por-miedo-de-que-me-arresten-el-drama-de-los-miles-de-colombo-venezolanos-a-los-que-les-anularon-la-cedula-en-colombia-7.webp 480w, http:\/\/cordobadirecto.com\/wp-content\/uploads\/2022\/02\/no-estoy-saliendo-de-mi-casa-por-miedo-de-que-me-arresten-el-drama-de-los-miles-de-colombo-venezolanos-a-los-que-les-anularon-la-cedula-en-colombia-8.webp 624w, http:\/\/cordobadirecto.com\/wp-content\/uploads\/2022\/02\/no-estoy-saliendo-de-mi-casa-por-miedo-de-que-me-arresten-el-drama-de-los-miles-de-colombo-venezolanos-a-los-que-les-anularon-la-cedula-en-colombia-9.webp 800w\" type=\"image\/webp\" sizes=\"(min-width: 1008px) 645px, 100vw\"><source srcset=\"https:\/\/ichef.bbci.co.uk\/news\/240\/cpsprodpb\/B672\/production\/_123260764_gettyimages-1367986771.jpg 240w, https:\/\/ichef.bbci.co.uk\/news\/320\/cpsprodpb\/B672\/production\/_123260764_gettyimages-1367986771.jpg 320w, https:\/\/ichef.bbci.co.uk\/news\/480\/cpsprodpb\/B672\/production\/_123260764_gettyimages-1367986771.jpg 480w, https:\/\/ichef.bbci.co.uk\/news\/624\/cpsprodpb\/B672\/production\/_123260764_gettyimages-1367986771.jpg 624w, https:\/\/ichef.bbci.co.uk\/news\/800\/cpsprodpb\/B672\/production\/_123260764_gettyimages-1367986771.jpg 800w\" type=\"image\/jpeg\" sizes=\"(min-width: 1008px) 645px, 100vw\"><img loading=\"lazy\" src=\"http:\/\/cordobadirecto.com\/wp-content\/uploads\/2022\/02\/no-estoy-saliendo-de-mi-casa-por-miedo-de-que-me-arresten-el-drama-de-los-miles-de-colombo-venezolanos-a-los-que-les-anularon-la-cedula-en-colombia-2.jpg\" alt=\"Migrante venezolano en Migracion Colombia\" width=\"976\" height=\"549\" class=\"eehpdyc0 bbc-rb7xa0 e1enwo3v0\"><\/picture><\/noscript><\/p>\n<p role=\"text\" class=\"bbc-1s1cxbv etq3yw90\"><span class=\"bbc-1gnhmg2 e1yt7oin0\">Fuente de la imagen, <\/span><span lang=\"en-GB\">Getty Images<\/span><\/p>\n<\/div>\n<\/div>\n<div dir=\"ltr\" class=\"bbc-3edg7g e57qer20\" readability=\"7\"><figcaption dir=\"ltr\" class=\"bbc-1t9zlwf eede9f50\" readability=\"4\"><span class=\"bbc-1gnhmg2 e1yt7oin0\">Pie de foto, <\/span><\/p>\n<p>El gobierno colombiano ha otorgado casi 500.000 permisos temporales a venezolanos para regularizarlos (con el que no pueden votar), aunque solo 200.000 lo han reclamado.<\/p>\n<\/figcaption><\/div>\n<\/div>\n<\/figure>\n<\/div>\n<\/div>\n<p><h2 id=\"Sin-pa\u00eds-por-un-bur\u00f3crata\" tabindex=\"-1\" class=\"bbc-l3e97o e14hemmw0\">&#8220;Sin pa\u00eds por un bur\u00f3crata&#8221;<\/h2>\n<\/p>\n<div dir=\"ltr\" class=\"bbc-19j92fr e57qer20\" readability=\"12\">\n<p dir=\"ltr\" class=\"bbc-bm53ic e1cc2ql70\">Gabriela Arenas, directora del Taller De Aprendizaje Para Las Artes Y El Pensamiento, una fundaci\u00f3n que apoya poblaciones vulnerables, dice que el Estado colombiano est\u00e1 incumpliendo el derecho constitucional a la identidad. <\/p>\n<\/div>\n<div dir=\"ltr\" class=\"bbc-19j92fr e57qer20\" readability=\"12\">\n<p dir=\"ltr\" class=\"bbc-bm53ic e1cc2ql70\">&#8220;Inicialmente me pareci\u00f3 un proceso l\u00f3gico, verificar documentos es normal, pero otra cosa es cancelarle la c\u00e9dula a miles de personas sin notificarles <b>ni a ellos ni a los consulados ni a migraci\u00f3n ni a la registradur\u00eda<\/b>&#8220;, se\u00f1ala la activista de doble nacionalidad. <\/p>\n<\/div>\n<div dir=\"ltr\" class=\"bbc-19j92fr e57qer20\" readability=\"10\">\n<p dir=\"ltr\" class=\"bbc-bm53ic e1cc2ql70\">Seg\u00fan ella, las diferentes entidades del Estado que ejecutan la pol\u00edtica de la Registradur\u00eda &#8220;est\u00e1n desarticuladas, resultando en un drama muy fuerte para mucha gente&#8221;. <\/p>\n<\/div>\n<div dir=\"ltr\" class=\"bbc-19j92fr e57qer20\" readability=\"10\">\n<p dir=\"ltr\" class=\"bbc-bm53ic e1cc2ql70\">&#8220;M\u00e1s que un problema administrativo o pol\u00edtico, este es un tema humano que las autoridades est\u00e1n desconociendo&#8221;, se\u00f1ala. <\/p>\n<\/div>\n<div dir=\"ltr\" class=\"bbc-19j92fr e57qer20\" readability=\"8\">\n<p dir=\"ltr\" class=\"bbc-bm53ic e1cc2ql70\">Millones de venezolanos emigrantes se han ido quedando sin los papeles de su pa\u00eds durante los \u00faltimos a\u00f1os debido a las complicaciones para renovar pasaportes y c\u00e9dulas. <\/p>\n<\/div>\n<div dir=\"ltr\" class=\"bbc-19j92fr e57qer20\" readability=\"13\">\n<p dir=\"ltr\" class=\"bbc-bm53ic e1cc2ql70\">&#8220;Si ya el duelo migratorio es dur\u00edsimo de superar, ahora los migrantes llegan a este pa\u00eds, al que vienen a trabajar y a ponerse la camiseta de la selecci\u00f3n (de f\u00fatbol), y unos meses despu\u00e9s ven que <b>por segunda vez se quedaron sin pa\u00eds por culpa de un bur\u00f3crata<\/b>&#8220;, concluye Arenas. <\/p>\n<\/div>\n<div dir=\"ltr\" class=\"bbc-1ka88fa e57qer20\">\n<figure class=\"bbc-1qdcvv9 e6bmn90\">\n<div dir=\"ltr\" class=\"bbc-172p16q e57qer20\">\n<div dir=\"ltr\" class=\"bbc-189y18v e57qer20\" readability=\"6.5\">\n<div data-e2e=\"image-placeholder\" class=\"bbc-997y1y e1whu0\" readability=\"8\"><noscript><picture class=\"bbc-yfiktt e1enwo3v1\"><source srcset=\"http:\/\/cordobadirecto.com\/wp-content\/uploads\/2022\/02\/no-estoy-saliendo-de-mi-casa-por-miedo-de-que-me-arresten-el-drama-de-los-miles-de-colombo-venezolanos-a-los-que-les-anularon-la-cedula-en-colombia-10.webp 240w, http:\/\/cordobadirecto.com\/wp-content\/uploads\/2022\/02\/no-estoy-saliendo-de-mi-casa-por-miedo-de-que-me-arresten-el-drama-de-los-miles-de-colombo-venezolanos-a-los-que-les-anularon-la-cedula-en-colombia-11.webp 320w, http:\/\/cordobadirecto.com\/wp-content\/uploads\/2022\/02\/no-estoy-saliendo-de-mi-casa-por-miedo-de-que-me-arresten-el-drama-de-los-miles-de-colombo-venezolanos-a-los-que-les-anularon-la-cedula-en-colombia-12.webp 480w, http:\/\/cordobadirecto.com\/wp-content\/uploads\/2022\/02\/no-estoy-saliendo-de-mi-casa-por-miedo-de-que-me-arresten-el-drama-de-los-miles-de-colombo-venezolanos-a-los-que-les-anularon-la-cedula-en-colombia-13.webp 624w, http:\/\/cordobadirecto.com\/wp-content\/uploads\/2022\/02\/no-estoy-saliendo-de-mi-casa-por-miedo-de-que-me-arresten-el-drama-de-los-miles-de-colombo-venezolanos-a-los-que-les-anularon-la-cedula-en-colombia-14.webp 800w\" type=\"image\/webp\" sizes=\"(min-width: 1008px) 645px, 100vw\"><source srcset=\"https:\/\/ichef.bbci.co.uk\/news\/240\/cpsprodpb\/DD82\/production\/_123260765_gettyimages-1236443141.jpg 240w, https:\/\/ichef.bbci.co.uk\/news\/320\/cpsprodpb\/DD82\/production\/_123260765_gettyimages-1236443141.jpg 320w, https:\/\/ichef.bbci.co.uk\/news\/480\/cpsprodpb\/DD82\/production\/_123260765_gettyimages-1236443141.jpg 480w, https:\/\/ichef.bbci.co.uk\/news\/624\/cpsprodpb\/DD82\/production\/_123260765_gettyimages-1236443141.jpg 624w, https:\/\/ichef.bbci.co.uk\/news\/800\/cpsprodpb\/DD82\/production\/_123260765_gettyimages-1236443141.jpg 800w\" type=\"image\/jpeg\" sizes=\"(min-width: 1008px) 645px, 100vw\"><img loading=\"lazy\" src=\"http:\/\/cordobadirecto.com\/wp-content\/uploads\/2022\/02\/no-estoy-saliendo-de-mi-casa-por-miedo-de-que-me-arresten-el-drama-de-los-miles-de-colombo-venezolanos-a-los-que-les-anularon-la-cedula-en-colombia-3.jpg\" alt=\"Migrante venezolano\" width=\"976\" height=\"549\" class=\"eehpdyc0 bbc-rb7xa0 e1enwo3v0\"><\/picture><\/noscript><\/p>\n<p role=\"text\" class=\"bbc-1s1cxbv etq3yw90\"><span class=\"bbc-1gnhmg2 e1yt7oin0\">Fuente de la imagen, <\/span><span lang=\"en-GB\">Getty Images<\/span><\/p>\n<\/div>\n<\/div>\n<\/div>\n<\/figure>\n<\/div>\n<p><h2 id=\"No-hay-otra-opci\u00f3n\" tabindex=\"-1\" class=\"bbc-l3e97o e14hemmw0\">&#8220;No hay otra opci\u00f3n&#8221;<\/h2>\n<\/p>\n<div dir=\"ltr\" class=\"bbc-19j92fr e57qer20\" readability=\"13\">\n<p dir=\"ltr\" class=\"bbc-bm53ic e1cc2ql70\">La Registradur\u00eda, sin embargo, se acoge a lo administrativo: &#8220;Los documentos que fueron anulados no tienen otra opci\u00f3n que volver a ser inscritos. Si se registr\u00f3 con un documento con apostilla falso, debe volverse a inscribir con un documento con apostilla leg\u00edtimo&#8221;, se\u00f1ala P\u00e9rez. <\/p>\n<\/div>\n<div dir=\"ltr\" class=\"bbc-19j92fr e57qer20\" readability=\"11\">\n<p dir=\"ltr\" class=\"bbc-bm53ic e1cc2ql70\">En v\u00edsperas de unas elecciones legislativas y presidenciales en Colombia este a\u00f1o, la Registradur\u00eda ha sido objeto de varias denuncias sobre cambios en los sistemas de conteo, problemas en el registro de c\u00e9dulas para votar e incentivos dentro del ente para favorecer el proselitismo pol\u00edtico. <\/p>\n<\/div>\n<div dir=\"ltr\" class=\"bbc-19j92fr e57qer20\" readability=\"12\">\n<p dir=\"ltr\" class=\"bbc-bm53ic e1cc2ql70\">El registrador nacional, Alexander Vega, ha dicho que &#8220;el manto de duda del fraude electoral no es cierto. <b>El que no sienta garant\u00edas o crea que le har\u00e1n fraude, pues no deber\u00eda presentarse<\/b>. Las garant\u00edas est\u00e1n dadas&#8221;. <\/p>\n<\/div>\n<div dir=\"ltr\" class=\"bbc-19j92fr e57qer20\" readability=\"12\">\n<p dir=\"ltr\" class=\"bbc-bm53ic e1cc2ql70\">El gobierno de Iv\u00e1n Duque, adem\u00e1s, defiende su pol\u00edtica migratoria con la regularizaci\u00f3n de casi 500.000 venezolanos a trav\u00e9s de un estatuto temporal de 10 a\u00f1os que les permite trabajar y acceder a servicios, entre otras cosas. Aunque no les sirve para votar. <\/p>\n<\/div>\n<div dir=\"ltr\" class=\"bbc-1ka88fa e57qer20\">\n<figure class=\"bbc-1qdcvv9 e6bmn90\">\n<div dir=\"ltr\" class=\"bbc-172p16q e57qer20\">\n<div dir=\"ltr\" class=\"bbc-189y18v e57qer20\" readability=\"6.5\">\n<div data-e2e=\"image-placeholder\" class=\"bbc-997y1y e1whu0\" readability=\"8\"><noscript><picture class=\"bbc-yfiktt e1enwo3v1\"><source srcset=\"http:\/\/cordobadirecto.com\/wp-content\/uploads\/2022\/02\/no-estoy-saliendo-de-mi-casa-por-miedo-de-que-me-arresten-el-drama-de-los-miles-de-colombo-venezolanos-a-los-que-les-anularon-la-cedula-en-colombia-15.webp 240w, http:\/\/cordobadirecto.com\/wp-content\/uploads\/2022\/02\/no-estoy-saliendo-de-mi-casa-por-miedo-de-que-me-arresten-el-drama-de-los-miles-de-colombo-venezolanos-a-los-que-les-anularon-la-cedula-en-colombia-16.webp 320w, http:\/\/cordobadirecto.com\/wp-content\/uploads\/2022\/02\/no-estoy-saliendo-de-mi-casa-por-miedo-de-que-me-arresten-el-drama-de-los-miles-de-colombo-venezolanos-a-los-que-les-anularon-la-cedula-en-colombia-17.webp 480w, http:\/\/cordobadirecto.com\/wp-content\/uploads\/2022\/02\/no-estoy-saliendo-de-mi-casa-por-miedo-de-que-me-arresten-el-drama-de-los-miles-de-colombo-venezolanos-a-los-que-les-anularon-la-cedula-en-colombia-18.webp 624w, http:\/\/cordobadirecto.com\/wp-content\/uploads\/2022\/02\/no-estoy-saliendo-de-mi-casa-por-miedo-de-que-me-arresten-el-drama-de-los-miles-de-colombo-venezolanos-a-los-que-les-anularon-la-cedula-en-colombia-19.webp 800w\" type=\"image\/webp\" sizes=\"(min-width: 1008px) 645px, 100vw\"><source srcset=\"https:\/\/ichef.bbci.co.uk\/news\/240\/cpsprodpb\/10492\/production\/_123260766_gettyimages-1237959985.jpg 240w, https:\/\/ichef.bbci.co.uk\/news\/320\/cpsprodpb\/10492\/production\/_123260766_gettyimages-1237959985.jpg 320w, https:\/\/ichef.bbci.co.uk\/news\/480\/cpsprodpb\/10492\/production\/_123260766_gettyimages-1237959985.jpg 480w, https:\/\/ichef.bbci.co.uk\/news\/624\/cpsprodpb\/10492\/production\/_123260766_gettyimages-1237959985.jpg 624w, https:\/\/ichef.bbci.co.uk\/news\/800\/cpsprodpb\/10492\/production\/_123260766_gettyimages-1237959985.jpg 800w\" type=\"image\/jpeg\" sizes=\"(min-width: 1008px) 645px, 100vw\"><img loading=\"lazy\" src=\"http:\/\/cordobadirecto.com\/wp-content\/uploads\/2022\/02\/no-estoy-saliendo-de-mi-casa-por-miedo-de-que-me-arresten-el-drama-de-los-miles-de-colombo-venezolanos-a-los-que-les-anularon-la-cedula-en-colombia-4.jpg\" alt=\"Migrante venezolano\" width=\"976\" height=\"549\" class=\"eehpdyc0 bbc-rb7xa0 e1enwo3v0\"><\/picture><\/noscript><\/p>\n<p role=\"text\" class=\"bbc-1s1cxbv etq3yw90\"><span class=\"bbc-1gnhmg2 e1yt7oin0\">Fuente de la imagen, <\/span><span lang=\"en-GB\">Getty Images<\/span><\/p>\n<\/div>\n<\/div>\n<\/div>\n<\/figure>\n<\/div>\n<div dir=\"ltr\" class=\"bbc-19j92fr e57qer20\" readability=\"10\">\n<p dir=\"ltr\" class=\"bbc-bm53ic e1cc2ql70\">Muchos de los colombo-venezolanos afectados por la depuraci\u00f3n de c\u00e9dulas han intentado presentar recursos de reposici\u00f3n, pero para algunos los 10 d\u00edas que da la ley para hacerlo <b>pasaron incluso antes de que se enterasen de la anulaci\u00f3n<\/b>. <\/p>\n<\/div>\n<div dir=\"ltr\" class=\"bbc-19j92fr e57qer20\" readability=\"12\">\n<p dir=\"ltr\" class=\"bbc-bm53ic e1cc2ql70\">Otros tambi\u00e9n est\u00e1n intentando volverse a inscribir, pero se encuentran con que, seg\u00fan Arenas, &#8220;los mandan a un abogado amigo del registrador (regional) o les piden una apostilla que es imposible sacar en Venezuela&#8221;. <\/p>\n<\/div>\n<div dir=\"ltr\" class=\"bbc-19j92fr e57qer20\" readability=\"11\">\n<p dir=\"ltr\" class=\"bbc-bm53ic e1cc2ql70\">Durante varios a\u00f1os la apostilla en Venezuela fue un tr\u00e1mite mediado por mafias, citas que daban con meses o a\u00f1os de anticipaci\u00f3n y una p\u00e1gina de internet que solo funcionaba en la madrugada. El gobierno colombiano emiti\u00f3 decretos para omitir la apostilla si se presentaban testigos. En Venezuela reformaron el sistema. <\/p>\n<\/div>\n<div dir=\"ltr\" class=\"bbc-19j92fr e57qer20\" readability=\"13\">\n<p dir=\"ltr\" class=\"bbc-bm53ic e1cc2ql70\">&#8220;Pero yo ya no s\u00e9 qu\u00e9 es lo que aplica y cu\u00e1nto voy a tener que pagar en Venezuela, en d\u00f3lares, para sacar eso&#8221;, dice Miguel, el paciente de VIH cuyo tratamiento depende de unas medicinas que lleva tres semanas sin tomar. <\/p>\n<\/div>\n<div dir=\"ltr\" class=\"bbc-19j92fr e57qer20\" readability=\"10\">\n<p dir=\"ltr\" class=\"bbc-bm53ic e1cc2ql70\">Oriundo de la Guajira, un desierto que comparten los dos pa\u00edses, Miguel ahora pasa sus d\u00edas<b> saltando de un pa\u00eds al otro en busca de los documentos que le piden<\/b>. <\/p>\n<\/div>\n<div dir=\"ltr\" class=\"bbc-19j92fr e57qer20\" readability=\"9\">\n<p dir=\"ltr\" class=\"bbc-bm53ic e1cc2ql70\">&#8220;No tengo otra opci\u00f3n, mi vida depende de esto, es mi salud&#8221;. <\/p>\n<\/div>\n<div dir=\"ltr\" class=\"bbc-1ka88fa e57qer20\">\n<figure class=\"bbc-1qdcvv9 e6bmn90\">\n<div dir=\"ltr\" class=\"bbc-172p16q e57qer20\">\n<div dir=\"ltr\" class=\"bbc-189y18v e57qer20\">\n<div data-e2e=\"image-placeholder\" class=\"bbc-997y1y e1whu0\"><noscript><picture class=\"bbc-yfiktt e1enwo3v1\"><source srcset=\"http:\/\/cordobadirecto.com\/wp-content\/uploads\/2022\/02\/no-estoy-saliendo-de-mi-casa-por-miedo-de-que-me-arresten-el-drama-de-los-miles-de-colombo-venezolanos-a-los-que-les-anularon-la-cedula-en-colombia-20.webp 240w, http:\/\/cordobadirecto.com\/wp-content\/uploads\/2022\/02\/no-estoy-saliendo-de-mi-casa-por-miedo-de-que-me-arresten-el-drama-de-los-miles-de-colombo-venezolanos-a-los-que-les-anularon-la-cedula-en-colombia-21.webp 320w, http:\/\/cordobadirecto.com\/wp-content\/uploads\/2022\/02\/no-estoy-saliendo-de-mi-casa-por-miedo-de-que-me-arresten-el-drama-de-los-miles-de-colombo-venezolanos-a-los-que-les-anularon-la-cedula-en-colombia-22.webp 464w\" type=\"image\/webp\" sizes=\"(min-width: 1008px) 645px, 100vw\"><source srcset=\"https:\/\/ichef.bbci.co.uk\/news\/240\/cpsprodpb\/D07B\/production\/_110117335_8a1a0d32-f6e4-4830-a52e-04cd52482432.jpg 240w, https:\/\/ichef.bbci.co.uk\/news\/320\/cpsprodpb\/D07B\/production\/_110117335_8a1a0d32-f6e4-4830-a52e-04cd52482432.jpg 320w, https:\/\/ichef.bbci.co.uk\/news\/464\/cpsprodpb\/D07B\/production\/_110117335_8a1a0d32-f6e4-4830-a52e-04cd52482432.jpg 464w\" type=\"image\/jpeg\" sizes=\"(min-width: 1008px) 645px, 100vw\"><img loading=\"lazy\" src=\"http:\/\/cordobadirecto.com\/wp-content\/uploads\/2022\/02\/no-estoy-saliendo-de-mi-casa-por-miedo-de-que-me-arresten-el-drama-de-los-miles-de-colombo-venezolanos-a-los-que-les-anularon-la-cedula-en-colombia-5.jpg\" alt=\"L\u00ednea\" width=\"464\" height=\"2\" class=\"eehpdyc0 bbc-rb7xa0 e1enwo3v0\"><\/picture><\/noscript><\/div>\n<\/div>\n<\/div>\n<\/figure>\n<\/div>\n<div dir=\"ltr\" class=\"bbc-19j92fr e57qer20\" readability=\"7\">\n<p dir=\"ltr\" class=\"bbc-bm53ic e1cc2ql70\"><i class=\"bbc-h1y5j7 ewc4zcb0\">*Estos nombres fueron reservados para proteger la identidad de la fuente. <\/i><\/p>\n<\/div>\n<div dir=\"ltr\" class=\"bbc-1ka88fa e57qer20\">\n<figure class=\"bbc-1qdcvv9 e6bmn90\">\n<div dir=\"ltr\" class=\"bbc-172p16q e57qer20\">\n<div dir=\"ltr\" class=\"bbc-189y18v e57qer20\">\n<div data-e2e=\"image-placeholder\" class=\"bbc-997y1y e1whu0\"><noscript><picture class=\"bbc-yfiktt e1enwo3v1\"><source srcset=\"http:\/\/cordobadirecto.com\/wp-content\/uploads\/2022\/02\/no-estoy-saliendo-de-mi-casa-por-miedo-de-que-me-arresten-el-drama-de-los-miles-de-colombo-venezolanos-a-los-que-les-anularon-la-cedula-en-colombia-20.webp 240w, http:\/\/cordobadirecto.com\/wp-content\/uploads\/2022\/02\/no-estoy-saliendo-de-mi-casa-por-miedo-de-que-me-arresten-el-drama-de-los-miles-de-colombo-venezolanos-a-los-que-les-anularon-la-cedula-en-colombia-21.webp 320w, http:\/\/cordobadirecto.com\/wp-content\/uploads\/2022\/02\/no-estoy-saliendo-de-mi-casa-por-miedo-de-que-me-arresten-el-drama-de-los-miles-de-colombo-venezolanos-a-los-que-les-anularon-la-cedula-en-colombia-22.webp 464w\" type=\"image\/webp\" sizes=\"(min-width: 1008px) 645px, 100vw\"><source srcset=\"https:\/\/ichef.bbci.co.uk\/news\/240\/cpsprodpb\/D07B\/production\/_110117335_8a1a0d32-f6e4-4830-a52e-04cd52482432.jpg 240w, https:\/\/ichef.bbci.co.uk\/news\/320\/cpsprodpb\/D07B\/production\/_110117335_8a1a0d32-f6e4-4830-a52e-04cd52482432.jpg 320w, https:\/\/ichef.bbci.co.uk\/news\/464\/cpsprodpb\/D07B\/production\/_110117335_8a1a0d32-f6e4-4830-a52e-04cd52482432.jpg 464w\" type=\"image\/jpeg\" sizes=\"(min-width: 1008px) 645px, 100vw\"><img loading=\"lazy\" src=\"http:\/\/cordobadirecto.com\/wp-content\/uploads\/2022\/02\/no-estoy-saliendo-de-mi-casa-por-miedo-de-que-me-arresten-el-drama-de-los-miles-de-colombo-venezolanos-a-los-que-les-anularon-la-cedula-en-colombia-5.jpg\" alt=\"L\u00ednea\" width=\"464\" height=\"2\" class=\"eehpdyc0 bbc-rb7xa0 e1enwo3v0\"><\/picture><\/noscript><\/div>\n<\/div>\n<\/div>\n<\/figure>\n<\/div>\n<div dir=\"ltr\" class=\"bbc-19j92fr e57qer20\" readability=\"8\">\n<p dir=\"ltr\" class=\"bbc-bm53ic e1cc2ql70\"><i class=\"bbc-h1y5j7 ewc4zcb0\">Ahora puedes recibir notificaciones de BBC News Mundo. Descarga la nueva versi\u00f3n de nuestra app y act\u00edvalas para no perderte nuestro mejor contenido.<\/i><\/p>\n<\/div>\n","protected":false},"excerpt":{"rendered":"<p>Daniel Pardo Corresponsal de BBC Mundo en Colombia 4 horas Fuente de la imagen, Getty Images Como parte de su rutina como paciente de VIH, Miguel* fue a hacerse unos ex\u00e1menes y a recoger sus antiretrovirales al hospital la semana pasada. Pero, tras a\u00f1os de tratamiento, esta vez no lo atendieron. &#8220;Me dijeron que estaba [&hellip;]<\/p>\n","protected":false},"author":1,"featured_media":44900,"comment_status":"closed","ping_status":"closed","sticky":false,"template":"","format":"standard","meta":[],"categories":[24],"tags":[],"_links":{"self":[{"href":"http:\/\/cordobadirecto.com\/index.php\/wp-json\/wp\/v2\/posts\/44899"}],"collection":[{"href":"http:\/\/cordobadirecto.com\/index.php\/wp-json\/wp\/v2\/posts"}],"about":[{"href":"http:\/\/cordobadirecto.com\/index.php\/wp-json\/wp\/v2\/types\/post"}],"author":[{"embeddable":true,"href":"http:\/\/cordobadirecto.com\/index.php\/wp-json\/wp\/v2\/users\/1"}],"replies":[{"embeddable":true,"href":"http:\/\/cordobadirecto.com\/index.php\/wp-json\/wp\/v2\/comments?post=44899"}],"version-history":[{"count":0,"href":"http:\/\/cordobadirecto.com\/index.php\/wp-json\/wp\/v2\/posts\/44899\/revisions"}],"wp:featuredmedia":[{"embeddable":true,"href":"http:\/\/cordobadirecto.com\/index.php\/wp-json\/wp\/v2\/media\/44900"}],"wp:attachment":[{"href":"http:\/\/cordobadirecto.com\/index.php\/wp-json\/wp\/v2\/media?parent=44899"}],"wp:term":[{"taxonomy":"category","embeddable":true,"href":"http:\/\/cordobadirecto.com\/index.php\/wp-json\/wp\/v2\/categories?post=44899"},{"taxonomy":"post_tag","embeddable":true,"href":"http:\/\/cordobadirecto.com\/index.php\/wp-json\/wp\/v2\/tags?post=44899"}],"curies":[{"name":"wp","href":"https:\/\/api.w.org\/{rel}","templated":true}]}}