{"id":45039,"date":"2022-02-16T01:57:42","date_gmt":"2022-02-16T01:57:42","guid":{"rendered":"http:\/\/cordobadirecto.com\/index.php\/2022\/02\/16\/como-medir-el-desarrollo-de-los-paises-mas-alla-del-crecimiento-economico-la-voz\/"},"modified":"2022-02-16T01:57:42","modified_gmt":"2022-02-16T01:57:42","slug":"como-medir-el-desarrollo-de-los-paises-mas-alla-del-crecimiento-economico-la-voz","status":"publish","type":"post","link":"http:\/\/cordobadirecto.com\/index.php\/2022\/02\/16\/como-medir-el-desarrollo-de-los-paises-mas-alla-del-crecimiento-economico-la-voz\/","title":{"rendered":"C\u00f3mo medir el desarrollo de los pa\u00edses m\u00e1s all\u00e1 del crecimiento econ\u00f3mico &#8211; La Voz"},"content":{"rendered":"<p>C\u00f3mo medir el desarrollo de los pa\u00edses m\u00e1s all\u00e1 del crecimiento <b>econ\u00f3mico<\/b> &middot; Luto en el deporte y la pol\u00edtica de <b>C\u00f3rdoba<\/b>: falleci\u00f3 Eduardo \u201cel Gato\u201d&nbsp;&#8230; <\/p>\n","protected":false},"excerpt":{"rendered":"<p>C\u00f3mo medir el desarrollo de los pa\u00edses m\u00e1s all\u00e1 del crecimiento econ\u00f3mico &middot; Luto en el deporte y la pol\u00edtica de C\u00f3rdoba: falleci\u00f3 Eduardo \u201cel Gato\u201d&nbsp;&#8230;<\/p>\n","protected":false},"author":1,"featured_media":0,"comment_status":"closed","ping_status":"closed","sticky":false,"template":"","format":"standard","meta":[],"categories":[40],"tags":[],"_links":{"self":[{"href":"http:\/\/cordobadirecto.com\/index.php\/wp-json\/wp\/v2\/posts\/45039"}],"collection":[{"href":"http:\/\/cordobadirecto.com\/index.php\/wp-json\/wp\/v2\/posts"}],"about":[{"href":"http:\/\/cordobadirecto.com\/index.php\/wp-json\/wp\/v2\/types\/post"}],"author":[{"embeddable":true,"href":"http:\/\/cordobadirecto.com\/index.php\/wp-json\/wp\/v2\/users\/1"}],"replies":[{"embeddable":true,"href":"http:\/\/cordobadirecto.com\/index.php\/wp-json\/wp\/v2\/comments?post=45039"}],"version-history":[{"count":0,"href":"http:\/\/cordobadirecto.com\/index.php\/wp-json\/wp\/v2\/posts\/45039\/revisions"}],"wp:attachment":[{"href":"http:\/\/cordobadirecto.com\/index.php\/wp-json\/wp\/v2\/media?parent=45039"}],"wp:term":[{"taxonomy":"category","embeddable":true,"href":"http:\/\/cordobadirecto.com\/index.php\/wp-json\/wp\/v2\/categories?post=45039"},{"taxonomy":"post_tag","embeddable":true,"href":"http:\/\/cordobadirecto.com\/index.php\/wp-json\/wp\/v2\/tags?post=45039"}],"curies":[{"name":"wp","href":"https:\/\/api.w.org\/{rel}","templated":true}]}}