{"id":45057,"date":"2022-02-16T18:47:01","date_gmt":"2022-02-16T18:47:01","guid":{"rendered":"https:\/\/es.digitaltrends.com\/?p=921047"},"modified":"2022-02-16T18:47:01","modified_gmt":"2022-02-16T18:47:01","slug":"a-george-lucas-le-preocupaba-baby-yoda-en-the-mandalorian","status":"publish","type":"post","link":"http:\/\/cordobadirecto.com\/index.php\/2022\/02\/16\/a-george-lucas-le-preocupaba-baby-yoda-en-the-mandalorian\/","title":{"rendered":"A George Lucas le preocupaba Baby Yoda en The Mandalorian"},"content":{"rendered":"<div><img src=\"http:\/\/cordobadirecto.com\/wp-content\/uploads\/2022\/02\/a-george-lucas-le-preocupaba-baby-yoda-en-the-mandalorian.jpg\" class=\"ff-og-image-inserted\"><\/div>\n<p>En 2012, <a href=\"https:\/\/es.digitaltrends.com\/entretenimiento\/disney-plus-en-espanol\/\">Disney<\/a> adquiri\u00f3 Lucasfilm por una cifra cercana a $4,050 millones de d\u00f3lares. Sin embargo, desde ese momento George Lucas ha estado pendiente de los nuevos proyectos surgidos del universo de <em><a href=\"https:\/\/es.digitaltrends.com\/entretenimiento\/en-que-orden-ver-las-peliculas-de-star-wars\/\">Star Wars<\/a>.<\/em><\/p>\n<p>Si bien el cineasta ha tenido buenas impresiones respecto a algunos trabajos, se sabe que dos pel\u00edculas, <em>The Force Awakens<\/em> y <em>The Rise of Skywalker<\/em>, no lo han dejado del todo satisfecho.<\/p>\n<p>Ahora, muchos esperaban conocer la opini\u00f3n del director sobre las nuevas series estrenadas por Disney, en especial <em><a href=\"https:\/\/es.digitaltrends.com\/entretenimiento\/the-mandalorian-posible-fecha-regreso\/\">The Mandalorian<\/a><\/em>, la m\u00e1s exitosa, junto con uno de los personajes m\u00e1s queridos por los fan\u00e1ticos: Baby Yoda.<\/p>\n<p>En el libro publicado este a\u00f1o <em>Star Wars: The Art of The Mandalorian (Season Two),<\/em> de Phil Szostak, Jon Favreau, director de la serie de Disney, revela que Lucas estaba preocupado por el peque\u00f1o personaje que acompa\u00f1\u00f3 a Mando en sus aventuras.<\/p>\n<p>\u201cTuve una conversaci\u00f3n con George, en cierto momento, sobre Baby Yoda, y su principal preocupaci\u00f3n era que deb\u00eda tener una cantidad adecuada de entrenamiento\u201d, se\u00f1ala el libro.<\/p>\n<p>De acuerdo con Favreau, al experimentado cineasta le gustaba la idea de que Grogu aprendiese a usar la Fuerza de manera gradual, en especial si se tiene en cuenta que el \u201cni\u00f1o\u201d era muy sensible a ella.<\/p>\n<p>Ahora que sabemos c\u00f3mo se desarroll\u00f3 la trama de Baby Yoda en <em>The Mandalorian<\/em> y <em>The Book of Boba Fett<\/em> \u2014particularmente su relaci\u00f3n con la Fuerza\u2013, creemos que Lucas puede estar conforme con las decisiones que tom\u00f3 Jon Favreau.<\/p>\n<p>Cabe recordar que la tercera temporada de <em>The Mandalorian<\/em> podr\u00eda llegar a finales de este a\u00f1o a la plataforma de Disney Plus.<\/p>\n<h4 class=\"h-editors-recs-title\"> Recomendaciones del editor\t<\/h4>\n<p> <span id=\"publisher-md\" itemprop=\"publisher\" itemscope itemtype=\"https:\/\/schema.org\/Organization\"> <span itemprop=\"url\" itemtype=\"https:\/\/schema.org\/Url\" content=\"https:\/\/es.digitaltrends.com\"> <span itemprop=\"logo\" itemscope itemtype=\"https:\/\/schema.org\/ImageObject\"> <meta itemprop=\"url\" content=\"https:\/\/cdn.dtcn.com\/dt\/dt-logo-small.png\"> <meta itemprop=\"width\" content=\"0\"> <meta itemprop=\"height\" content=\"0\"> <\/span> <meta itemprop=\"name\" content=\"Digital Trends Espa\u00f1ol\"> <\/span> <span itemprop=\"image\" itemscope itemtype=\"https:\/\/schema.org\/ImageObject\"> <meta itemprop=\"url\" content=\"http:\/\/cordobadirecto.com\/wp-content\/uploads\/2022\/02\/a-george-lucas-le-preocupaba-baby-yoda-en-the-mandalorian.jpg\"> <\/span> <\/span><\/p>\n","protected":false},"excerpt":{"rendered":"<p>En 2012, Disney adquiri\u00f3 Lucasfilm por una cifra cercana a $4,050 millones de d\u00f3lares. Sin embargo, desde ese momento George Lucas ha estado pendiente de los nuevos proyectos surgidos del universo de Star Wars. Si bien el cineasta ha tenido buenas impresiones respecto a algunos trabajos, se sabe que dos pel\u00edculas, The Force Awakens y [&hellip;]<\/p>\n","protected":false},"author":1,"featured_media":45058,"comment_status":"closed","ping_status":"closed","sticky":false,"template":"","format":"standard","meta":[],"categories":[18],"tags":[],"_links":{"self":[{"href":"http:\/\/cordobadirecto.com\/index.php\/wp-json\/wp\/v2\/posts\/45057"}],"collection":[{"href":"http:\/\/cordobadirecto.com\/index.php\/wp-json\/wp\/v2\/posts"}],"about":[{"href":"http:\/\/cordobadirecto.com\/index.php\/wp-json\/wp\/v2\/types\/post"}],"author":[{"embeddable":true,"href":"http:\/\/cordobadirecto.com\/index.php\/wp-json\/wp\/v2\/users\/1"}],"replies":[{"embeddable":true,"href":"http:\/\/cordobadirecto.com\/index.php\/wp-json\/wp\/v2\/comments?post=45057"}],"version-history":[{"count":0,"href":"http:\/\/cordobadirecto.com\/index.php\/wp-json\/wp\/v2\/posts\/45057\/revisions"}],"wp:featuredmedia":[{"embeddable":true,"href":"http:\/\/cordobadirecto.com\/index.php\/wp-json\/wp\/v2\/media\/45058"}],"wp:attachment":[{"href":"http:\/\/cordobadirecto.com\/index.php\/wp-json\/wp\/v2\/media?parent=45057"}],"wp:term":[{"taxonomy":"category","embeddable":true,"href":"http:\/\/cordobadirecto.com\/index.php\/wp-json\/wp\/v2\/categories?post=45057"},{"taxonomy":"post_tag","embeddable":true,"href":"http:\/\/cordobadirecto.com\/index.php\/wp-json\/wp\/v2\/tags?post=45057"}],"curies":[{"name":"wp","href":"https:\/\/api.w.org\/{rel}","templated":true}]}}