{"id":45066,"date":"2022-02-16T17:47:28","date_gmt":"2022-02-16T17:47:28","guid":{"rendered":"https:\/\/www.cordoba.gob.ar\/?p=20277"},"modified":"2022-02-16T17:47:28","modified_gmt":"2022-02-16T17:47:28","slug":"el-cineclub-municipal-proyectara-el-documental-sobre-la-vida-de-fabian-show","status":"publish","type":"post","link":"http:\/\/cordobadirecto.com\/index.php\/2022\/02\/16\/el-cineclub-municipal-proyectara-el-documental-sobre-la-vida-de-fabian-show\/","title":{"rendered":"El Cineclub Municipal proyectar\u00e1 el documental sobre la vida de Fabi\u00e1n Show"},"content":{"rendered":"<div><img src=\"http:\/\/cordobadirecto.com\/wp-content\/uploads\/2022\/02\/el-cineclub-municipal-proyectara-el-documental-sobre-la-vida-de-fabian-show-1.jpg\" class=\"ff-og-image-inserted\"><\/div>\n<p><strong>\u2022 La pel\u00edcula \u201cQue no acabe el show\u201d dirigida por Daro Ceballos, se proyectar\u00e1 el 17 de febrero a las 20.30 hs.<\/strong><br \/><strong>\u2022 Ser\u00e1 en una funci\u00f3n exclusiva del Cineclub Municipal Hugo del Carril ubicado en boulevard San Juan al 49.<\/strong><br \/><strong>\u2022 El proyecto recopila testimonios de la familia, amigos m\u00e1s cercanos del artista y de su \u00faltima pareja.<\/strong><\/p>\n<hr>\n<p>Como parte de la programaci\u00f3n de verano del emblem\u00e1tico espacio cultural dependiente del municipio, se proyectar\u00e1 el documental \u201cQue no acabe el show\u201d, en una funci\u00f3n especial organizada por la Secretar\u00eda de Cultura y Juventud de la Municipalidad de C\u00f3rdoba, que tendr\u00e1 lugar el jueves 17 de febrero a las 20:30 horas en el Cineclub Municipal.<\/p>\n<p>El largometraje dirigido por Daro Ceballos cuenta la vida del cantante nacido en Pozo del Molle, pero que fue criado junto a sus 12 hermanos en la ciudad cordobesa de Bell Ville.<\/p>\n<p>Marcelo Fabi\u00e1n Pereyra, m\u00e1s conocido como Fabi\u00e1n Show, trabaj\u00f3 como bicicletero, jardinero y herrero, sin embargo, su verdadera pasi\u00f3n fue la animaci\u00f3n de eventos con el ritmo de cuarteto como bandera. De ese modo recorr\u00eda pueblos cercanos llevando su histri\u00f3nico espect\u00e1culo a casamientos, cumplea\u00f1os, y toda fiesta que pudiese presentarse.<\/p>\n<p>Tambi\u00e9n brindaba shows en boliches de la zona, donde sus performances eran muy celebradas al igual que las intervenciones en el magazine de la televisi\u00f3n local \u201cRinc\u00f3n de amigos\u201d.<\/p>\n<p>La fama lleg\u00f3 de una participaci\u00f3n en el programa televisivo \u201cPeligro Sin Codificar\u201d en Buenos Aires, donde su carrera obtuvo una gran visibilidad y las presentaciones en vivo comenzaron a multiplicarse, convirti\u00e9ndose en un personaje medi\u00e1tico, reconocido en el ambiente.<\/p>\n<p>El documental que se proyectar\u00e1 por primera vez en nuestra ciudad, y que comenz\u00f3 a filmarse en 2017 busca rendirle homenaje al hombre, al artista y el personaje furor en internet, que, sin tener formaci\u00f3n musical, ni un especial talento para el canto, logr\u00f3 trascender fronteras a partir de un carisma \u00fanico que lo hizo merecedor de un gran reconocimiento en la cultura popular.<\/p>\n<p>\u201c<em>No canto bien, pero alegro a la gente<\/em>\u201d, aseguraba el propio Fabi\u00e1n Show, que encontr\u00f3 tr\u00e1gicamente la muerte en un accidente vial cuando volv\u00eda de ofrecer un espect\u00e1culo en la localidad cordobesa de Ucacha.<\/p>\n<p>El tr\u00e1iler final tiene un tono melanc\u00f3lico muy fuerte, que busca celebrar y, a la vez, rememorar la carrera de artista que falleci\u00f3 a sus 50 a\u00f1os.<\/p>\n<p>Las entradas para asistir a la proyecci\u00f3n del documental tienen un costo de 450 pesos para el p\u00fablico general, y 45 pesos para los socios del Cineclub Municipal de C\u00f3rdoba.<\/p>\n<p>La venta se realizar\u00e1 el mismo d\u00eda, desde media hora antes del comienzo de la funci\u00f3n, en la boleter\u00eda del cineclub.<\/p>\n","protected":false},"excerpt":{"rendered":"<p>\u2022 La pel\u00edcula \u201cQue no acabe el show\u201d dirigida por Daro Ceballos, se proyectar\u00e1 el 17 de febrero a las 20.30 hs.\u2022 Ser\u00e1 en una funci\u00f3n exclusiva del Cineclub Municipal Hugo del Carril ubicado en boulevard San Juan al 49.\u2022 El proyecto recopila testimonios de la familia, amigos m\u00e1s cercanos del artista y de su [&hellip;]<\/p>\n","protected":false},"author":1,"featured_media":45067,"comment_status":"closed","ping_status":"closed","sticky":false,"template":"","format":"standard","meta":[],"categories":[44],"tags":[],"_links":{"self":[{"href":"http:\/\/cordobadirecto.com\/index.php\/wp-json\/wp\/v2\/posts\/45066"}],"collection":[{"href":"http:\/\/cordobadirecto.com\/index.php\/wp-json\/wp\/v2\/posts"}],"about":[{"href":"http:\/\/cordobadirecto.com\/index.php\/wp-json\/wp\/v2\/types\/post"}],"author":[{"embeddable":true,"href":"http:\/\/cordobadirecto.com\/index.php\/wp-json\/wp\/v2\/users\/1"}],"replies":[{"embeddable":true,"href":"http:\/\/cordobadirecto.com\/index.php\/wp-json\/wp\/v2\/comments?post=45066"}],"version-history":[{"count":0,"href":"http:\/\/cordobadirecto.com\/index.php\/wp-json\/wp\/v2\/posts\/45066\/revisions"}],"wp:featuredmedia":[{"embeddable":true,"href":"http:\/\/cordobadirecto.com\/index.php\/wp-json\/wp\/v2\/media\/45067"}],"wp:attachment":[{"href":"http:\/\/cordobadirecto.com\/index.php\/wp-json\/wp\/v2\/media?parent=45066"}],"wp:term":[{"taxonomy":"category","embeddable":true,"href":"http:\/\/cordobadirecto.com\/index.php\/wp-json\/wp\/v2\/categories?post=45066"},{"taxonomy":"post_tag","embeddable":true,"href":"http:\/\/cordobadirecto.com\/index.php\/wp-json\/wp\/v2\/tags?post=45066"}],"curies":[{"name":"wp","href":"https:\/\/api.w.org\/{rel}","templated":true}]}}