{"id":4535,"date":"2021-04-11T04:59:09","date_gmt":"2021-04-11T04:59:09","guid":{"rendered":"http:\/\/www.bbc.com\/mundo\/noticias-america-latina-56706606"},"modified":"2021-04-11T04:59:09","modified_gmt":"2021-04-11T04:59:09","slug":"elecciones-ecuador-2021-arauz-vs-lasso-el-duelo-entre-el-correismo-y-la-derecha-por-la-presidencia","status":"publish","type":"post","link":"http:\/\/cordobadirecto.com\/index.php\/2021\/04\/11\/elecciones-ecuador-2021-arauz-vs-lasso-el-duelo-entre-el-correismo-y-la-derecha-por-la-presidencia\/","title":{"rendered":"Elecciones Ecuador 2021 | Arauz vs Lasso: el duelo entre el corre\u00edsmo y la derecha por la presidencia"},"content":{"rendered":"<div dir=\"ltr\" class=\"e1j2237y6 bbc-q4ibpr e57qer20\">\n<div class=\"bbc-1atl7vu e1c9i7u14\">\n<ul role=\"list\" class=\"bbc-cdrraw e1c9i7u12\">\n<li role=\"listitem\" class=\"bbc-1a3w4ok e1c9i7u11\">Mat\u00edas Zibell<\/li>\n<li role=\"listitem\" class=\"bbc-1p92jtu e1c9i7u10\">BBC News Mundo, Ecuador<\/li>\n<\/ul>\n<\/div>\n<\/div>\n<p><time datetime=\"2021-04-11\" class=\"bbc-14xtggo e4zesg50\">11 abril 2021, 04:59 GMT<\/time><\/p>\n<div dir=\"ltr\" class=\"bbc-1ka88fa e57qer20\">\n<figure class=\"bbc-1qdcvv9 e6bmn90\">\n<div dir=\"ltr\" class=\"bbc-172p16q e57qer20\">\n<div dir=\"ltr\" class=\"bbc-189y18v e57qer20\" readability=\"6.5\">\n<div data-e2e=\"image-placeholder\" class=\"bbc-1k5hvrj e1whu0\" readability=\"8\"><img srcset=\"http:\/\/cordobadirecto.com\/wp-content\/uploads\/2021\/04\/elecciones-ecuador-2021-arauz-vs-lasso-el-duelo-entre-el-correismo-y-la-derecha-por-la-presidencia-8.jpg 240w, http:\/\/cordobadirecto.com\/wp-content\/uploads\/2021\/04\/elecciones-ecuador-2021-arauz-vs-lasso-el-duelo-entre-el-correismo-y-la-derecha-por-la-presidencia-9.jpg 320w, http:\/\/cordobadirecto.com\/wp-content\/uploads\/2021\/04\/elecciones-ecuador-2021-arauz-vs-lasso-el-duelo-entre-el-correismo-y-la-derecha-por-la-presidencia-10.jpg 480w, http:\/\/cordobadirecto.com\/wp-content\/uploads\/2021\/04\/elecciones-ecuador-2021-arauz-vs-lasso-el-duelo-entre-el-correismo-y-la-derecha-por-la-presidencia-11.jpg 624w, http:\/\/cordobadirecto.com\/wp-content\/uploads\/2021\/04\/elecciones-ecuador-2021-arauz-vs-lasso-el-duelo-entre-el-correismo-y-la-derecha-por-la-presidencia-12.jpg 800w\" alt=\"Arauz y Lasso\" src=\"http:\/\/cordobadirecto.com\/wp-content\/uploads\/2021\/04\/elecciones-ecuador-2021-arauz-vs-lasso-el-duelo-entre-el-correismo-y-la-derecha-por-la-presidencia.jpg\" width=\"976\" class=\"bbc-fat2bc e1enwo3v0\"><\/p>\n<p role=\"text\" class=\"bbc-1s1cxbv etq3yw90\"><span class=\"bbc-1gnhmg2 e1yt7oin0\">Fuente de la imagen, <\/span><span lang=\"en-GB\">Getty Images<\/span><\/p>\n<\/div>\n<\/div>\n<div dir=\"ltr\" class=\"bbc-3edg7g e57qer20\" readability=\"6\"><figcaption dir=\"ltr\" class=\"bbc-1t9zlwf eede9f50\" readability=\"2\"><span class=\"bbc-1gnhmg2 e1yt7oin0\">Pie de foto, <\/span><\/p>\n<p>Arauz y Lasso proponen dos modelos diferentes para Ecuador los pr\u00f3ximos cuatro a\u00f1os.<\/p>\n<\/figcaption><\/div>\n<\/div>\n<\/figure>\n<\/div>\n<div dir=\"ltr\" class=\"bbc-19j92fr e57qer20\" readability=\"8\">\n<p dir=\"ltr\" class=\"bbc-bm53ic e1cc2ql70\"><b>Ecuador decide este domingo qui\u00e9n ser\u00e1 su nuevo presidente con una elecci\u00f3n entre dos opciones pol\u00edticas contrapuestas en medio de una severa crisis econ\u00f3mica y de salud por la pandemia.<\/b><\/p>\n<\/div>\n<div dir=\"ltr\" class=\"bbc-19j92fr e57qer20\" readability=\"8\">\n<p dir=\"ltr\" class=\"bbc-bm53ic e1cc2ql70\"><b>Andr\u00e9s Ara\u00faz y Guillermo Lasso<\/b> se disputan la victoria en la segunda vuelta para suceder a <b>Len\u00edn Moreno<\/b> en el palacio presidencial y lo hacen con visiones enfrentadas.<\/p>\n<\/div>\n<div dir=\"ltr\" class=\"bbc-19j92fr e57qer20\" readability=\"14\">\n<p dir=\"ltr\" class=\"bbc-bm53ic e1cc2ql70\">El exbanquero Lasso, de 65 a\u00f1os, intenta por tercera vez alcanzar la presidencia con su movimiento pol\u00edtico Creando Oportunidades (CREO), luego de haber sido derrotado por <b>Rafael Correa<\/b> en 2013 y por Moreno, el mandatario saliente, en 2017.<\/p>\n<\/div>\n<div dir=\"ltr\" class=\"bbc-19j92fr e57qer20\" readability=\"12\">\n<p dir=\"ltr\" class=\"bbc-bm53ic e1cc2ql70\">En frente estar\u00e1 un disc\u00edpulo de Correa, el economista Andr\u00e9s Arauz, candidato de Uni\u00f3n por la Esperanza (UNES), quien quiere convertirse en el presidente m\u00e1s joven que ha tenido el pa\u00eds con sus 36 a\u00f1os.<\/p>\n<\/div>\n<div dir=\"ltr\" class=\"bbc-19j92fr e57qer20\" readability=\"9\">\n<p dir=\"ltr\" class=\"bbc-bm53ic e1cc2ql70\">Ambos representan las dos corrientes que han dominado la pol\u00edtica ecuatoriana por m\u00e1s de una d\u00e9cada y lo hacen en un pa\u00eds que acude a las urnas en medio de una nueva ola de contagios de coronavirus que marca una diferencia respecto a la primera vuelta electoral.<\/p>\n<\/div>\n<div dir=\"ltr\" class=\"bbc-19j92fr e57qer20\" readability=\"12\">\n<p dir=\"ltr\" class=\"bbc-bm53ic e1cc2ql70\">&#8220;Hay un incremento marcado en muertes en exceso y en n\u00fameros de contagio con relaci\u00f3n al 7 de febrero; las listas de espera para las camas de terapia intensiva est\u00e1n a reventar mientras que dos meses atr\u00e1s hab\u00eda cierta flexibilidad&#8221;, compar\u00f3 en di\u00e1logo con BBC Mundo <b>Esteban Ortiz<\/b>, especialista en Salud P\u00fablica de la UDLA (Universidad de Las Am\u00e9ricas).<\/p>\n<\/div>\n<div dir=\"ltr\" class=\"bbc-19j92fr e57qer20\" readability=\"16\">\n<p dir=\"ltr\" class=\"bbc-bm53ic e1cc2ql70\">En esa primera vuelta, Arauz obtuvo el 32,72% de los votos mientras que Lasso logr\u00f3 el 19,74%, superando apenas a <b>Yaku P\u00e9rez<\/b>, el candidato del movimiento ind\u00edgena, y por poco a <b>Xavier Hervas<\/b>, un reci\u00e9n llegado a la pol\u00edtica ecuatoriana que lider\u00f3 el binomio de la Izquierda Democr\u00e1tica.<\/p>\n<\/div>\n<div dir=\"ltr\" class=\"bbc-19j92fr e57qer20\" readability=\"7\">\n<p dir=\"ltr\" class=\"bbc-bm53ic e1cc2ql70\">Y el expresidente Correa parece ser el hombre clave pese a no estar en la boleta.<\/p>\n<\/div>\n<div dir=\"ltr\" class=\"bbc-1ka88fa e57qer20\">\n<figure class=\"bbc-1qdcvv9 e6bmn90\">\n<div dir=\"ltr\" class=\"bbc-172p16q e57qer20\">\n<div dir=\"ltr\" class=\"bbc-189y18v e57qer20\" readability=\"6.5\">\n<div data-e2e=\"image-placeholder\" class=\"bbc-1k5hvrj e1whu0\" readability=\"8\"><noscript><img srcset=\"http:\/\/cordobadirecto.com\/wp-content\/uploads\/2021\/04\/elecciones-ecuador-2021-arauz-vs-lasso-el-duelo-entre-el-correismo-y-la-derecha-por-la-presidencia-13.jpg 240w, http:\/\/cordobadirecto.com\/wp-content\/uploads\/2021\/04\/elecciones-ecuador-2021-arauz-vs-lasso-el-duelo-entre-el-correismo-y-la-derecha-por-la-presidencia-14.jpg 320w, http:\/\/cordobadirecto.com\/wp-content\/uploads\/2021\/04\/elecciones-ecuador-2021-arauz-vs-lasso-el-duelo-entre-el-correismo-y-la-derecha-por-la-presidencia-15.jpg 480w, http:\/\/cordobadirecto.com\/wp-content\/uploads\/2021\/04\/elecciones-ecuador-2021-arauz-vs-lasso-el-duelo-entre-el-correismo-y-la-derecha-por-la-presidencia-16.jpg 624w, http:\/\/cordobadirecto.com\/wp-content\/uploads\/2021\/04\/elecciones-ecuador-2021-arauz-vs-lasso-el-duelo-entre-el-correismo-y-la-derecha-por-la-presidencia-17.jpg 800w\" alt=\"Ecuador.\" src=\"http:\/\/cordobadirecto.com\/wp-content\/uploads\/2021\/04\/elecciones-ecuador-2021-arauz-vs-lasso-el-duelo-entre-el-correismo-y-la-derecha-por-la-presidencia-1.jpg\" width=\"976\" class=\"bbc-fat2bc e1enwo3v0\"><\/noscript><\/p>\n<p role=\"text\" class=\"bbc-1s1cxbv etq3yw90\"><span class=\"bbc-1gnhmg2 e1yt7oin0\">Fuente de la imagen, <\/span><span lang=\"en-GB\">Getty Images<\/span><\/p>\n<\/div>\n<\/div>\n<div dir=\"ltr\" class=\"bbc-3edg7g e57qer20\" readability=\"6\"><figcaption dir=\"ltr\" class=\"bbc-1t9zlwf eede9f50\" readability=\"2\"><span class=\"bbc-1gnhmg2 e1yt7oin0\">Pie de foto, <\/span><\/p>\n<p>El aumento de casos de coronavirus marca la segunda vuelta de las presidenciales.<\/p>\n<\/figcaption><\/div>\n<\/div>\n<\/figure>\n<\/div>\n<div dir=\"ltr\" class=\"bbc-19j92fr e57qer20\" readability=\"15\">\n<p dir=\"ltr\" class=\"bbc-bm53ic e1cc2ql70\">&#8220;De nuevo la arena electoral se ha dividido entre corre\u00edstas y anticorre\u00edstas, no hubo un recambio sino una lucha entre buenos y malos, dependiendo del bando que uno tome, y eso desgasta mucho la pol\u00edtica por los niveles de confrontaci\u00f3n&#8221;, le dijo a BBC Mundo <b>Mar\u00eda Ang\u00e9lica Abad<\/b>, profesora de la Universidad de Cuenca.<\/p>\n<\/div>\n<div dir=\"ltr\" class=\"bbc-19j92fr e57qer20\" readability=\"10\">\n<p dir=\"ltr\" class=\"bbc-bm53ic e1cc2ql70\">La integrante de la Red de Polit\u00f3logas del Ecuador a\u00f1adi\u00f3 que los candidatos intentaron en las \u00faltimas semanas un llamado a la unidad para captar los votos que no obtuvieron en primera vuelta, pero de forma paralela &#8220;hubo una campa\u00f1a muy sucia que busc\u00f3 directamente la polarizaci\u00f3n&#8221;.<\/p>\n<\/div>\n<p><h2 id=\"El-legado-de-Moreno\" tabindex=\"-1\" class=\"bbc-l3e97o e14hemmw0\">El legado de Moreno<\/h2>\n<\/p>\n<div dir=\"ltr\" class=\"bbc-19j92fr e57qer20\" readability=\"7\">\n<p dir=\"ltr\" class=\"bbc-bm53ic e1cc2ql70\">El reto que tiene por delante el ganador ser\u00e1 enorme.<\/p>\n<\/div>\n<div dir=\"ltr\" class=\"bbc-19j92fr e57qer20\" readability=\"10\">\n<p dir=\"ltr\" class=\"bbc-bm53ic e1cc2ql70\"><b>Pedro Donoso<\/b>, director de la Consultor\u00eda Icare de Comunicaci\u00f3n y An\u00e1lisis Pol\u00edtico, se\u00f1ala que la contienda electoral tiene lugar en un marco de severa desconfianza hacia el futuro: <\/p>\n<\/div>\n<div dir=\"ltr\" class=\"bbc-19j92fr e57qer20\" readability=\"11\">\n<p dir=\"ltr\" class=\"bbc-bm53ic e1cc2ql70\">&#8220;Nunca en la historia ecuatoriana hemos visto los niveles de pesimismo que estamos viendo ahora, ni cuando se cayeron tres presidentes ni en la crisis financiera del 99, y el pesimismo es una cancha donde todo puede sembrarse y suceder&#8221;.<\/p>\n<\/div>\n<div dir=\"ltr\" class=\"bbc-1ka88fa e57qer20\">\n<figure class=\"bbc-1qdcvv9 e6bmn90\">\n<div dir=\"ltr\" class=\"bbc-172p16q e57qer20\">\n<div dir=\"ltr\" class=\"bbc-189y18v e57qer20\" readability=\"6.5\">\n<div data-e2e=\"image-placeholder\" class=\"bbc-1k5hvrj e1whu0\" readability=\"8\"><noscript><img srcset=\"http:\/\/cordobadirecto.com\/wp-content\/uploads\/2021\/04\/elecciones-ecuador-2021-arauz-vs-lasso-el-duelo-entre-el-correismo-y-la-derecha-por-la-presidencia-18.jpg 240w, http:\/\/cordobadirecto.com\/wp-content\/uploads\/2021\/04\/elecciones-ecuador-2021-arauz-vs-lasso-el-duelo-entre-el-correismo-y-la-derecha-por-la-presidencia-19.jpg 320w, http:\/\/cordobadirecto.com\/wp-content\/uploads\/2021\/04\/elecciones-ecuador-2021-arauz-vs-lasso-el-duelo-entre-el-correismo-y-la-derecha-por-la-presidencia-20.jpg 480w, http:\/\/cordobadirecto.com\/wp-content\/uploads\/2021\/04\/elecciones-ecuador-2021-arauz-vs-lasso-el-duelo-entre-el-correismo-y-la-derecha-por-la-presidencia-21.jpg 624w, http:\/\/cordobadirecto.com\/wp-content\/uploads\/2021\/04\/elecciones-ecuador-2021-arauz-vs-lasso-el-duelo-entre-el-correismo-y-la-derecha-por-la-presidencia-22.jpg 800w\" alt=\"Len\u00edn Moreno.\" src=\"http:\/\/cordobadirecto.com\/wp-content\/uploads\/2021\/04\/elecciones-ecuador-2021-arauz-vs-lasso-el-duelo-entre-el-correismo-y-la-derecha-por-la-presidencia-2.jpg\" width=\"976\" class=\"bbc-fat2bc e1enwo3v0\"><\/noscript><\/p>\n<p role=\"text\" class=\"bbc-1s1cxbv etq3yw90\"><span class=\"bbc-1gnhmg2 e1yt7oin0\">Fuente de la imagen, <\/span><span lang=\"en-GB\">Getty Images<\/span><\/p>\n<\/div>\n<\/div>\n<div dir=\"ltr\" class=\"bbc-3edg7g e57qer20\" readability=\"6\"><figcaption dir=\"ltr\" class=\"bbc-1t9zlwf eede9f50\" readability=\"2\"><span class=\"bbc-1gnhmg2 e1yt7oin0\">Pie de foto, <\/span><\/p>\n<p>Len\u00edn Moreno dejar\u00e1 la presidencia en mayo en manos de Arauz o Lasso.<\/p>\n<\/figcaption><\/div>\n<\/div>\n<\/figure>\n<\/div>\n<div dir=\"ltr\" class=\"bbc-19j92fr e57qer20\" readability=\"12\">\n<p dir=\"ltr\" class=\"bbc-bm53ic e1cc2ql70\">Donoso le dijo a BBC Mundo que, en su opini\u00f3n, el gobierno actual de Moreno &#8220;hace dos a\u00f1os renunci\u00f3 a gobernar y no administr\u00f3 las tensiones sociales, por eso el tejido social en este pa\u00eds est\u00e1 roto&#8221;.<\/p>\n<\/div>\n<div dir=\"ltr\" class=\"bbc-19j92fr e57qer20\" readability=\"11\">\n<p dir=\"ltr\" class=\"bbc-bm53ic e1cc2ql70\">En el \u00fanico debate presidencial en que Arauz y Lasso se encontraron, los candidatos intentaron desmarcarse de la figura del presidente saliente debido a la gravedad de la situaci\u00f3n actual, cuyos datos m\u00e1s preocupantes fueron difundidos antes de que cada contendiente tomara la palabra.<\/p>\n<\/div>\n<div dir=\"ltr\" class=\"bbc-19j92fr e57qer20\" readability=\"12\">\n<p dir=\"ltr\" class=\"bbc-bm53ic e1cc2ql70\">El Producto Interno Bruto (PIB) ecuatoriano se contrajo el <b>8% en 2020<\/b>, el nivel de endeudamiento <b>supera el 63% del presupuesto del Estado<\/b>, 4,9 millones de ecuatorianos cobran menos del salario b\u00e1sico en sus empleos y 477.000 est\u00e1n desempleados.<\/p>\n<\/div>\n<div dir=\"ltr\" class=\"bbc-19j92fr e57qer20\" readability=\"8\">\n<p dir=\"ltr\" class=\"bbc-bm53ic e1cc2ql70\">Adem\u00e1s, <b>uno de cada cuatro ni\u00f1os<\/b> en el pa\u00eds sufre de desnutrici\u00f3n cr\u00f3nica infantil.<\/p>\n<\/div>\n<div dir=\"ltr\" class=\"bbc-19j92fr e57qer20\" readability=\"14\">\n<p dir=\"ltr\" class=\"bbc-bm53ic e1cc2ql70\">La covid-19, por su parte, ha provocado un exceso de fallecidos interanual de 46.465 personas y, seg\u00fan Esteban Ortiz, &#8220;la gesti\u00f3n de la vacunaci\u00f3n ha sido totalmente equivocada, con asignaciones no prioritarias que han sido bochornosas&#8221;.<\/p>\n<\/div>\n<div dir=\"ltr\" class=\"bbc-19j92fr e57qer20\" readability=\"9\">\n<p dir=\"ltr\" class=\"bbc-bm53ic e1cc2ql70\">Al haber sido Moreno un candidato de Correa en 2017, Lasso considera que el corre\u00edsmo ha gobernado los \u00faltimos 14 a\u00f1os y que es responsable de este legado:<\/p>\n<\/div>\n<div dir=\"ltr\" class=\"bbc-19j92fr e57qer20\" readability=\"13\">\n<p dir=\"ltr\" class=\"bbc-bm53ic e1cc2ql70\">&#8220;Arauz es el hijo pol\u00edtico de Correa, al igual que Len\u00edn Moreno, son hermanos pol\u00edticos; que tengan problemas personales es tema de ellos, pero eso no le interesa al Ecuador&#8221;, le dijo Lasso a BBC Mundo durante la campa\u00f1a electoral.<\/p>\n<\/div>\n<div dir=\"ltr\" class=\"bbc-1ka88fa e57qer20\">\n<figure class=\"bbc-1qdcvv9 e6bmn90\">\n<div dir=\"ltr\" class=\"bbc-172p16q e57qer20\">\n<div dir=\"ltr\" class=\"bbc-189y18v e57qer20\" readability=\"6.5\">\n<div data-e2e=\"image-placeholder\" class=\"bbc-1k5hvrj e1whu0\" readability=\"8\"><noscript><img srcset=\"http:\/\/cordobadirecto.com\/wp-content\/uploads\/2021\/04\/elecciones-ecuador-2021-arauz-vs-lasso-el-duelo-entre-el-correismo-y-la-derecha-por-la-presidencia-23.jpg 240w, http:\/\/cordobadirecto.com\/wp-content\/uploads\/2021\/04\/elecciones-ecuador-2021-arauz-vs-lasso-el-duelo-entre-el-correismo-y-la-derecha-por-la-presidencia-24.jpg 320w, http:\/\/cordobadirecto.com\/wp-content\/uploads\/2021\/04\/elecciones-ecuador-2021-arauz-vs-lasso-el-duelo-entre-el-correismo-y-la-derecha-por-la-presidencia-25.jpg 480w, http:\/\/cordobadirecto.com\/wp-content\/uploads\/2021\/04\/elecciones-ecuador-2021-arauz-vs-lasso-el-duelo-entre-el-correismo-y-la-derecha-por-la-presidencia-26.jpg 624w, http:\/\/cordobadirecto.com\/wp-content\/uploads\/2021\/04\/elecciones-ecuador-2021-arauz-vs-lasso-el-duelo-entre-el-correismo-y-la-derecha-por-la-presidencia-27.jpg 800w\" alt=\"Rafael Correa.\" src=\"http:\/\/cordobadirecto.com\/wp-content\/uploads\/2021\/04\/elecciones-ecuador-2021-arauz-vs-lasso-el-duelo-entre-el-correismo-y-la-derecha-por-la-presidencia-3.jpg\" width=\"976\" class=\"bbc-fat2bc e1enwo3v0\"><\/noscript><\/p>\n<p role=\"text\" class=\"bbc-1s1cxbv etq3yw90\"><span class=\"bbc-1gnhmg2 e1yt7oin0\">Fuente de la imagen, <\/span><span lang=\"en-GB\">Getty Images<\/span><\/p>\n<\/div>\n<\/div>\n<div dir=\"ltr\" class=\"bbc-3edg7g e57qer20\" readability=\"6.5\"><figcaption dir=\"ltr\" class=\"bbc-1t9zlwf eede9f50\" readability=\"3\"><span class=\"bbc-1gnhmg2 e1yt7oin0\">Pie de foto, <\/span><\/p>\n<p>Rafael Correa est\u00e1 inhabilitado y no reside en Ecuador, pero juega un papel clave en la elecci\u00f3n.<\/p>\n<\/figcaption><\/div>\n<\/div>\n<\/figure>\n<\/div>\n<div dir=\"ltr\" class=\"bbc-19j92fr e57qer20\" readability=\"10\">\n<p dir=\"ltr\" class=\"bbc-bm53ic e1cc2ql70\">Para el corre\u00edsmo, sin embargo, Moreno es un traidor que adopt\u00f3 en sus cuatro a\u00f1os de gobierno las pol\u00edticas neoliberales.<\/p>\n<\/div>\n<div dir=\"ltr\" class=\"bbc-19j92fr e57qer20\" readability=\"12\">\n<p dir=\"ltr\" class=\"bbc-bm53ic e1cc2ql70\">Arauz, quien no habl\u00f3 con la BBC durante la campa\u00f1a, acus\u00f3 en el debate a Lasso y a la derecha ecuatoriana de haber comprado al presidente: &#8220;Usted aplaudi\u00f3 la traici\u00f3n de Moreno, ahora asuma las consecuencias&#8221;.<\/p>\n<\/div>\n<p><h2 id=\"Propuestas-de-campa\u00f1a\" tabindex=\"-1\" class=\"bbc-l3e97o e14hemmw0\">Propuestas de campa\u00f1a<\/h2>\n<\/p>\n<div dir=\"ltr\" class=\"bbc-19j92fr e57qer20\" readability=\"9\">\n<p dir=\"ltr\" class=\"bbc-bm53ic e1cc2ql70\">Para salir de esta situaci\u00f3n, Lasso indic\u00f3 a BBC Mundo que desea impulsar las alianzas p\u00fablico-privadas para atraer tanto inversi\u00f3n local como extranjera:<\/p>\n<\/div>\n<div dir=\"ltr\" class=\"bbc-19j92fr e57qer20\" readability=\"13\">\n<p dir=\"ltr\" class=\"bbc-bm53ic e1cc2ql70\">&#8220;Desde el 25 de mayo [fecha en la que asumir\u00e1 el ganador de las elecciones] el sector petrolero global ver\u00e1 la invitaci\u00f3n que har\u00e1 el Ecuador para que venga a invertir en contratos de riesgo compartido, y respetaremos los contratos en el sector minero formal, tramitando con mayor agilidad las licencias ambientales, para generar m\u00e1s ingresos fiscales&#8221;.<\/p>\n<\/div>\n<div dir=\"ltr\" class=\"bbc-19j92fr e57qer20\" readability=\"8\">\n<p dir=\"ltr\" class=\"bbc-bm53ic e1cc2ql70\">El objetivo del candidato de CREO es apuntar a mediano plazo al d\u00e9ficit cero y crear &#8220;al menos dos millones de empleos en cuatro a\u00f1os de gobierno&#8221;.<\/p>\n<\/div>\n<div dir=\"ltr\" class=\"bbc-1ka88fa e57qer20\">\n<figure class=\"bbc-1qdcvv9 e6bmn90\">\n<div dir=\"ltr\" class=\"bbc-172p16q e57qer20\">\n<div dir=\"ltr\" class=\"bbc-189y18v e57qer20\" readability=\"6.5\">\n<div data-e2e=\"image-placeholder\" class=\"bbc-1k5hvrj e1whu0\" readability=\"8\"><noscript><img srcset=\"http:\/\/cordobadirecto.com\/wp-content\/uploads\/2021\/04\/elecciones-ecuador-2021-arauz-vs-lasso-el-duelo-entre-el-correismo-y-la-derecha-por-la-presidencia-28.jpg 240w, http:\/\/cordobadirecto.com\/wp-content\/uploads\/2021\/04\/elecciones-ecuador-2021-arauz-vs-lasso-el-duelo-entre-el-correismo-y-la-derecha-por-la-presidencia-29.jpg 320w, http:\/\/cordobadirecto.com\/wp-content\/uploads\/2021\/04\/elecciones-ecuador-2021-arauz-vs-lasso-el-duelo-entre-el-correismo-y-la-derecha-por-la-presidencia-30.jpg 480w, http:\/\/cordobadirecto.com\/wp-content\/uploads\/2021\/04\/elecciones-ecuador-2021-arauz-vs-lasso-el-duelo-entre-el-correismo-y-la-derecha-por-la-presidencia-31.jpg 624w, http:\/\/cordobadirecto.com\/wp-content\/uploads\/2021\/04\/elecciones-ecuador-2021-arauz-vs-lasso-el-duelo-entre-el-correismo-y-la-derecha-por-la-presidencia-32.jpg 800w\" alt=\"Guillermo Lasso.\" src=\"http:\/\/cordobadirecto.com\/wp-content\/uploads\/2021\/04\/elecciones-ecuador-2021-arauz-vs-lasso-el-duelo-entre-el-correismo-y-la-derecha-por-la-presidencia-4.jpg\" width=\"976\" class=\"bbc-fat2bc e1enwo3v0\"><\/noscript><\/p>\n<p role=\"text\" class=\"bbc-1s1cxbv etq3yw90\"><span class=\"bbc-1gnhmg2 e1yt7oin0\">Fuente de la imagen, <\/span><span lang=\"en-GB\">Getty Images<\/span><\/p>\n<\/div>\n<\/div>\n<div dir=\"ltr\" class=\"bbc-3edg7g e57qer20\" readability=\"6\"><figcaption dir=\"ltr\" class=\"bbc-1t9zlwf eede9f50\" readability=\"2\"><span class=\"bbc-1gnhmg2 e1yt7oin0\">Pie de foto, <\/span><\/p>\n<p>Guillermo Lasso es un exbanquero que busca por tercera vez llegar a la presidencia.<\/p>\n<\/figcaption><\/div>\n<\/div>\n<\/figure>\n<\/div>\n<div dir=\"ltr\" class=\"bbc-19j92fr e57qer20\" readability=\"10\">\n<p dir=\"ltr\" class=\"bbc-bm53ic e1cc2ql70\">Arauz, por su parte, considera en su plan de campa\u00f1a que es &#8220;imprescindible&#8221; un acuerdo social para detener la ca\u00edda de la producci\u00f3n y recuperar la liquidez de la econom\u00eda.<\/p>\n<\/div>\n<div dir=\"ltr\" class=\"bbc-19j92fr e57qer20\" readability=\"13\">\n<p dir=\"ltr\" class=\"bbc-bm53ic e1cc2ql70\">Con respecto a la explotaci\u00f3n petrolera, el gran activo econ\u00f3mico del pa\u00eds, el programa de UNES habla de impulsar la transici\u00f3n hacia una econom\u00eda pospetrolera &#8220;con \u00e9nfasis en sectores de valor agregado, procurando en ese proceso un incremento relativo de la participaci\u00f3n de la manufactura y de las industrias con alta incorporaci\u00f3n de conocimiento y tecnolog\u00eda&#8221;.<\/p>\n<\/div>\n<div dir=\"ltr\" class=\"bbc-19j92fr e57qer20\" readability=\"9\">\n<p dir=\"ltr\" class=\"bbc-bm53ic e1cc2ql70\">Tambi\u00e9n menciona el mejoramiento de los niveles de empleo, &#8220;a la par que se incentiva a las micro y peque\u00f1as empresas mediante reg\u00edmenes simplificados y exenciones en los niveles de tributaci\u00f3n&#8221;.<\/p>\n<\/div>\n<div dir=\"ltr\" class=\"bbc-1ka88fa e57qer20\">\n<figure class=\"bbc-1qdcvv9 e6bmn90\">\n<div dir=\"ltr\" class=\"bbc-172p16q e57qer20\">\n<div dir=\"ltr\" class=\"bbc-189y18v e57qer20\" readability=\"6.5\">\n<div data-e2e=\"image-placeholder\" class=\"bbc-1k5hvrj e1whu0\" readability=\"8\"><noscript><img srcset=\"http:\/\/cordobadirecto.com\/wp-content\/uploads\/2021\/04\/elecciones-ecuador-2021-arauz-vs-lasso-el-duelo-entre-el-correismo-y-la-derecha-por-la-presidencia-33.jpg 240w, http:\/\/cordobadirecto.com\/wp-content\/uploads\/2021\/04\/elecciones-ecuador-2021-arauz-vs-lasso-el-duelo-entre-el-correismo-y-la-derecha-por-la-presidencia-34.jpg 320w, http:\/\/cordobadirecto.com\/wp-content\/uploads\/2021\/04\/elecciones-ecuador-2021-arauz-vs-lasso-el-duelo-entre-el-correismo-y-la-derecha-por-la-presidencia-35.jpg 480w, http:\/\/cordobadirecto.com\/wp-content\/uploads\/2021\/04\/elecciones-ecuador-2021-arauz-vs-lasso-el-duelo-entre-el-correismo-y-la-derecha-por-la-presidencia-36.jpg 624w, http:\/\/cordobadirecto.com\/wp-content\/uploads\/2021\/04\/elecciones-ecuador-2021-arauz-vs-lasso-el-duelo-entre-el-correismo-y-la-derecha-por-la-presidencia-37.jpg 800w\" alt=\"Andr\u00e9s Arauz.\" src=\"http:\/\/cordobadirecto.com\/wp-content\/uploads\/2021\/04\/elecciones-ecuador-2021-arauz-vs-lasso-el-duelo-entre-el-correismo-y-la-derecha-por-la-presidencia-5.jpg\" width=\"976\" class=\"bbc-fat2bc e1enwo3v0\"><\/noscript><\/p>\n<p role=\"text\" class=\"bbc-1s1cxbv etq3yw90\"><span class=\"bbc-1gnhmg2 e1yt7oin0\">Fuente de la imagen, <\/span><span lang=\"en-GB\">Getty Images<\/span><\/p>\n<\/div>\n<\/div>\n<div dir=\"ltr\" class=\"bbc-3edg7g e57qer20\" readability=\"6\"><figcaption dir=\"ltr\" class=\"bbc-1t9zlwf eede9f50\" readability=\"2\"><span class=\"bbc-1gnhmg2 e1yt7oin0\">Pie de foto, <\/span><\/p>\n<p>Andr\u00e9s Arauz quiere seguir las pol\u00edticas del decenio 2007-2017 de Rafael Correa.<\/p>\n<\/figcaption><\/div>\n<\/div>\n<\/figure>\n<\/div>\n<div dir=\"ltr\" class=\"bbc-19j92fr e57qer20\" readability=\"10\">\n<p dir=\"ltr\" class=\"bbc-bm53ic e1cc2ql70\">Para esas reformas, indica la polit\u00f3loga Mar\u00eda Ang\u00e9lica Abad, ambos candidatos requieren de un importante apoyo legislativo en caso de llegar al poder.<\/p>\n<\/div>\n<div dir=\"ltr\" class=\"bbc-19j92fr e57qer20\" readability=\"11\">\n<p dir=\"ltr\" class=\"bbc-bm53ic e1cc2ql70\">&#8220;Eso los obliga a conversar con otras fuerzas pol\u00edticas y esas fuerzas llegaron a la Asamblea mostr\u00e1ndose como una opci\u00f3n distinta a Arauz y a Lasso, entonces el panorama de gobernabilidad es complejo&#8221;, se\u00f1ala.<\/p>\n<\/div>\n<div dir=\"ltr\" class=\"bbc-19j92fr e57qer20\" readability=\"12\">\n<p dir=\"ltr\" class=\"bbc-bm53ic e1cc2ql70\">Carlos Ferr\u00edn, consultor en comunicaci\u00f3n pol\u00edtica, le dice a BBC Mundo que si el corre\u00edsmo llega a la presidencia tendr\u00e1 un escenario m\u00e1s sencillo, porque el 7 de febrero obtuvo con sus aliados casi 50 de los 137 asamble\u00edstas.<\/p>\n<\/div>\n<div dir=\"ltr\" class=\"bbc-19j92fr e57qer20\" readability=\"10\">\n<p dir=\"ltr\" class=\"bbc-bm53ic e1cc2ql70\">&#8220;Pero si queda Lasso le va a tocar negociar con otros bloques para enfrentar a ese grupo mayoritario del corre\u00edsmo&#8221;, ya que CREO obtuvo 12 asamble\u00edstas y sus aliados del Partido Social Cristiano lograron 19.<\/p>\n<\/div>\n<div dir=\"ltr\" class=\"bbc-19j92fr e57qer20\" readability=\"12\">\n<p dir=\"ltr\" class=\"bbc-bm53ic e1cc2ql70\">Los otros grandes bloques legislativos pertenecen a los partidos que no entraron en segunda vuelta, Pachakutik (27 legisladores) e Izquierda Democr\u00e1tica (18), que han intentado conformar un bloque independiente, una &#8220;tercera v\u00eda&#8221; como lo define Ferr\u00edn.<\/p>\n<\/div>\n<p><h2 id=\"El-voto-de-la-tercera-v\u00eda-\" tabindex=\"-1\" class=\"bbc-l3e97o e14hemmw0\">El voto de la &#8220;tercera v\u00eda&#8221; <\/h2>\n<\/p>\n<div dir=\"ltr\" class=\"bbc-19j92fr e57qer20\" readability=\"11\">\n<p dir=\"ltr\" class=\"bbc-bm53ic e1cc2ql70\">Yaku P\u00e9rez, candidato de Pachakutik, el brazo pol\u00edtico de la Confederaci\u00f3n de Nacionalidades Ind\u00edgenas del Ecuador (CONAIE), a\u00fan piensa que debi\u00f3 estar en segunda vuelta.<\/p>\n<\/div>\n<div dir=\"ltr\" class=\"bbc-19j92fr e57qer20\" readability=\"9\">\n<p dir=\"ltr\" class=\"bbc-bm53ic e1cc2ql70\">&#8220;Con el fraude qued\u00e9 con 19% de los votos, sin el fraude quedaba con un 25%&#8221;, le dijo a BBC Mundo.<\/p>\n<\/div>\n<div dir=\"ltr\" class=\"bbc-19j92fr e57qer20\" readability=\"10\">\n<p dir=\"ltr\" class=\"bbc-bm53ic e1cc2ql70\">P\u00e9rez, junto a la CONAIE, promueve este domingo el <b>voto nulo como se\u00f1al de protesta<\/b> y busca alcanzar el 20% de estos sufragios (hist\u00f3ricamente el voto nulo no ha superado el 12%).<\/p>\n<\/div>\n<div dir=\"ltr\" class=\"bbc-19j92fr e57qer20\" readability=\"11\">\n<p dir=\"ltr\" class=\"bbc-bm53ic e1cc2ql70\">&#8220;Ninguna de las dos candidaturas recoge nuestras propuestas antiexctractivistas; tampoco tienen una propuesta seria contra la corrupci\u00f3n; desconocen la realidad de la poblaci\u00f3n infantil con desnutrici\u00f3n, y no tienen idea de c\u00f3mo est\u00e1n siendo maltratadas las mujeres&#8221;, indica.<\/p>\n<\/div>\n<div dir=\"ltr\" class=\"bbc-19j92fr e57qer20\" readability=\"16\">\n<p dir=\"ltr\" class=\"bbc-bm53ic e1cc2ql70\">Pero su cruzada por el voto nulo no es sencilla. El presidente de la CONAIE, Jaime Vargas, decidi\u00f3 apoyar a Arauz, y la compa\u00f1era de binomio de P\u00e9rez, Virna Cede\u00f1o, se manifest\u00f3 a favor de Lasso, lo que pone en duda qu\u00e9 ocurrir\u00e1 con el voto ind\u00edgena y con la cohesi\u00f3n del bloque legislativo de Pachakutik.<\/p>\n<\/div>\n<div dir=\"ltr\" class=\"bbc-1ka88fa e57qer20\">\n<figure class=\"bbc-1qdcvv9 e6bmn90\">\n<div dir=\"ltr\" class=\"bbc-172p16q e57qer20\">\n<div dir=\"ltr\" class=\"bbc-189y18v e57qer20\" readability=\"6.5\">\n<div data-e2e=\"image-placeholder\" class=\"bbc-1k5hvrj e1whu0\" readability=\"8\"><noscript><img srcset=\"http:\/\/cordobadirecto.com\/wp-content\/uploads\/2021\/04\/elecciones-ecuador-2021-arauz-vs-lasso-el-duelo-entre-el-correismo-y-la-derecha-por-la-presidencia-38.jpg 240w, http:\/\/cordobadirecto.com\/wp-content\/uploads\/2021\/04\/elecciones-ecuador-2021-arauz-vs-lasso-el-duelo-entre-el-correismo-y-la-derecha-por-la-presidencia-39.jpg 320w, http:\/\/cordobadirecto.com\/wp-content\/uploads\/2021\/04\/elecciones-ecuador-2021-arauz-vs-lasso-el-duelo-entre-el-correismo-y-la-derecha-por-la-presidencia-40.jpg 480w, http:\/\/cordobadirecto.com\/wp-content\/uploads\/2021\/04\/elecciones-ecuador-2021-arauz-vs-lasso-el-duelo-entre-el-correismo-y-la-derecha-por-la-presidencia-41.jpg 624w, http:\/\/cordobadirecto.com\/wp-content\/uploads\/2021\/04\/elecciones-ecuador-2021-arauz-vs-lasso-el-duelo-entre-el-correismo-y-la-derecha-por-la-presidencia-42.jpg 800w\" alt=\"Ecuador elige a su pr\u00f3ximo presidente en una re\u00f1ida segunda vuelta este domingo 11 de abril.\" src=\"http:\/\/cordobadirecto.com\/wp-content\/uploads\/2021\/04\/elecciones-ecuador-2021-arauz-vs-lasso-el-duelo-entre-el-correismo-y-la-derecha-por-la-presidencia-6.jpg\" width=\"2048\" class=\"bbc-fat2bc e1enwo3v0\"><\/noscript><\/p>\n<p role=\"text\" class=\"bbc-1s1cxbv etq3yw90\"><span class=\"bbc-1gnhmg2 e1yt7oin0\">Fuente de la imagen, <\/span><span lang=\"en-GB\">Getty Images<\/span><\/p>\n<\/div>\n<\/div>\n<div dir=\"ltr\" class=\"bbc-3edg7g e57qer20\" readability=\"6\"><figcaption dir=\"ltr\" class=\"bbc-1t9zlwf eede9f50\" readability=\"2\"><span class=\"bbc-1gnhmg2 e1yt7oin0\">Pie de foto, <\/span><\/p>\n<p>Ecuador elige a su pr\u00f3ximo presidente en una re\u00f1ida segunda vuelta este domingo 11 de abril.<\/p>\n<\/figcaption><\/div>\n<\/div>\n<\/figure>\n<\/div>\n<div dir=\"ltr\" class=\"bbc-19j92fr e57qer20\" readability=\"11\">\n<p dir=\"ltr\" class=\"bbc-bm53ic e1cc2ql70\">&#8220;Yo realmente aspiro que el bloque se mantenga firme, pero mis canas me hacen pensar que puede haber una desbandada de algunos legisladores; mucho va a depender de qui\u00e9n gane las elecciones&#8221;, afirm\u00f3 P\u00e9rez.<\/p>\n<\/div>\n<div dir=\"ltr\" class=\"bbc-19j92fr e57qer20\" readability=\"9\">\n<p dir=\"ltr\" class=\"bbc-bm53ic e1cc2ql70\">El cuarto en la primera vuelta fue Xavier Hervas, un hombre vinculado a la industria agropecuaria que se volvi\u00f3 candidato de Izquierda Democr\u00e1tica.<\/p>\n<\/div>\n<div dir=\"ltr\" class=\"bbc-19j92fr e57qer20\" readability=\"8\">\n<p dir=\"ltr\" class=\"bbc-bm53ic e1cc2ql70\">Su partido ha dejado en libertad a ese m\u00e1s del 15% de los votantes que los eligi\u00f3 en primera vuelta. \u00c9l ya manifest\u00f3 que votar\u00e1 por Lasso.<\/p>\n<\/div>\n<div dir=\"ltr\" class=\"bbc-19j92fr e57qer20\" readability=\"12\">\n<p dir=\"ltr\" class=\"bbc-bm53ic e1cc2ql70\">&#8220;Lo que he hecho es compartir, de manera transparente, c\u00f3mo voy a ejercer mi derecho a votar, los derechos tienen que ser irrenunciables y cuando t\u00fa votas nulo o votas blanco est\u00e1s renunciando a tu derecho al voto&#8221;.<\/p>\n<\/div>\n<p><h2 id=\"Qu\u00e9-inclina-la-balanza\" tabindex=\"-1\" class=\"bbc-l3e97o e14hemmw0\">\u00bfQu\u00e9 inclina la balanza?<\/h2>\n<\/p>\n<div dir=\"ltr\" class=\"bbc-19j92fr e57qer20\" readability=\"15\">\n<p dir=\"ltr\" class=\"bbc-bm53ic e1cc2ql70\">Para Javier Rodr\u00edguez Sandoval, soci\u00f3logo ecuatoriano de la Universidad de Wisconsin-Madison, en Estados Unidos, los votos de los 14 binomios que no llegaron a segunda vuelta ir\u00e1n hacia Arauz, Lasso o ser\u00e1n nulos, seg\u00fan si los votantes se deciden por elegir entre corre\u00edsmo y anticorre\u00edsmo o si lo hacen entre izquierda-derecha.<\/p>\n<\/div>\n<div dir=\"ltr\" class=\"bbc-19j92fr e57qer20\" readability=\"13\">\n<p dir=\"ltr\" class=\"bbc-bm53ic e1cc2ql70\">Es decir que, mientras para algunos electores la decisi\u00f3n de su voto depender\u00e1 de su nivel de aceptaci\u00f3n o rechazo al expresidente Correa (207-2017), en otros pesar\u00e1 la posibilidad o no de votar por un candidato que proviene del sector bancario y promueve la econom\u00eda de mercado, como es el caso de Lasso.<\/p>\n<\/div>\n<div dir=\"ltr\" class=\"bbc-19j92fr e57qer20\" readability=\"12\">\n<p dir=\"ltr\" class=\"bbc-bm53ic e1cc2ql70\">Aunque otros temas se colaron en la discusi\u00f3n electoral, como la lucha contra el femicidio, la inclusi\u00f3n de minor\u00edas sexuales y la despenalizaci\u00f3n del aborto en el caso de violaci\u00f3n, no fueron el eje central de las campa\u00f1as.<\/p>\n<\/div>\n<div dir=\"ltr\" class=\"bbc-19j92fr e57qer20\" readability=\"11\">\n<p dir=\"ltr\" class=\"bbc-bm53ic e1cc2ql70\">Lo que marca la elecci\u00f3n de este domingo es la crisis econ\u00f3mica y de salud por la pandemia, as\u00ed como la figura del expresidente Correa que est\u00e1 condenado por corrupci\u00f3n y que desde su residencia en Europa eligi\u00f3 a Arauz como continuador de su legado, algo con lo que busca acabar Lasso.<\/p>\n<\/div>\n<div dir=\"ltr\" class=\"bbc-1ka88fa e57qer20\">\n<figure class=\"bbc-1qdcvv9 e6bmn90\">\n<div dir=\"ltr\" class=\"bbc-172p16q e57qer20\">\n<div dir=\"ltr\" class=\"bbc-189y18v e57qer20\">\n<div data-e2e=\"image-placeholder\" class=\"bbc-367mqz e1whu0\"><noscript><img srcset=\"http:\/\/cordobadirecto.com\/wp-content\/uploads\/2021\/04\/elecciones-ecuador-2021-arauz-vs-lasso-el-duelo-entre-el-correismo-y-la-derecha-por-la-presidencia-43.jpg 240w, http:\/\/cordobadirecto.com\/wp-content\/uploads\/2021\/04\/elecciones-ecuador-2021-arauz-vs-lasso-el-duelo-entre-el-correismo-y-la-derecha-por-la-presidencia-44.jpg 320w, http:\/\/cordobadirecto.com\/wp-content\/uploads\/2021\/04\/elecciones-ecuador-2021-arauz-vs-lasso-el-duelo-entre-el-correismo-y-la-derecha-por-la-presidencia-45.jpg 464w\" alt=\"L\u00ednea\" src=\"http:\/\/cordobadirecto.com\/wp-content\/uploads\/2021\/04\/elecciones-ecuador-2021-arauz-vs-lasso-el-duelo-entre-el-correismo-y-la-derecha-por-la-presidencia-7.jpg\" width=\"464\" class=\"bbc-fat2bc e1enwo3v0\"><\/noscript><\/div>\n<\/div>\n<\/div>\n<\/figure>\n<\/div>\n<div dir=\"ltr\" class=\"bbc-19j92fr e57qer20\" readability=\"8\">\n<p dir=\"ltr\" class=\"bbc-bm53ic e1cc2ql70\"><i class=\"bbc-h1y5j7 ewc4zcb0\">Ahora puedes recibir notificaciones de BBC Mundo. Descarga la nueva versi\u00f3n de nuestra app y act\u00edvalas para no perderte nuestro mejor contenido.<\/i><\/p>\n<\/div>\n","protected":false},"excerpt":{"rendered":"<p>Mat\u00edas Zibell BBC News Mundo, Ecuador 11 abril 2021, 04:59 GMT Fuente de la imagen, Getty Images Pie de foto, Arauz y Lasso proponen dos modelos diferentes para Ecuador los pr\u00f3ximos cuatro a\u00f1os. Ecuador decide este domingo qui\u00e9n ser\u00e1 su nuevo presidente con una elecci\u00f3n entre dos opciones pol\u00edticas contrapuestas en medio de una severa [&hellip;]<\/p>\n","protected":false},"author":1,"featured_media":4536,"comment_status":"closed","ping_status":"closed","sticky":false,"template":"","format":"standard","meta":[],"categories":[24],"tags":[],"_links":{"self":[{"href":"http:\/\/cordobadirecto.com\/index.php\/wp-json\/wp\/v2\/posts\/4535"}],"collection":[{"href":"http:\/\/cordobadirecto.com\/index.php\/wp-json\/wp\/v2\/posts"}],"about":[{"href":"http:\/\/cordobadirecto.com\/index.php\/wp-json\/wp\/v2\/types\/post"}],"author":[{"embeddable":true,"href":"http:\/\/cordobadirecto.com\/index.php\/wp-json\/wp\/v2\/users\/1"}],"replies":[{"embeddable":true,"href":"http:\/\/cordobadirecto.com\/index.php\/wp-json\/wp\/v2\/comments?post=4535"}],"version-history":[{"count":0,"href":"http:\/\/cordobadirecto.com\/index.php\/wp-json\/wp\/v2\/posts\/4535\/revisions"}],"wp:featuredmedia":[{"embeddable":true,"href":"http:\/\/cordobadirecto.com\/index.php\/wp-json\/wp\/v2\/media\/4536"}],"wp:attachment":[{"href":"http:\/\/cordobadirecto.com\/index.php\/wp-json\/wp\/v2\/media?parent=4535"}],"wp:term":[{"taxonomy":"category","embeddable":true,"href":"http:\/\/cordobadirecto.com\/index.php\/wp-json\/wp\/v2\/categories?post=4535"},{"taxonomy":"post_tag","embeddable":true,"href":"http:\/\/cordobadirecto.com\/index.php\/wp-json\/wp\/v2\/tags?post=4535"}],"curies":[{"name":"wp","href":"https:\/\/api.w.org\/{rel}","templated":true}]}}