{"id":45420,"date":"2022-02-18T22:59:29","date_gmt":"2022-02-18T22:59:29","guid":{"rendered":"https:\/\/www.cordoba.gob.ar\/?p=20342"},"modified":"2022-02-18T22:59:29","modified_gmt":"2022-02-18T22:59:29","slug":"avanza-la-recuperacion-con-hormigon-de-la-totalidad-de-la-avenida-julio-a-roca","status":"publish","type":"post","link":"http:\/\/cordobadirecto.com\/index.php\/2022\/02\/18\/avanza-la-recuperacion-con-hormigon-de-la-totalidad-de-la-avenida-julio-a-roca\/","title":{"rendered":"Avanza la recuperaci\u00f3n con hormig\u00f3n de la totalidad de la Avenida Julio A. Roca"},"content":{"rendered":"<div><img src=\"http:\/\/cordobadirecto.com\/wp-content\/uploads\/2022\/02\/avanza-la-recuperacion-con-hormigon-de-la-totalidad-de-la-avenida-julio-a-roca.jpg\" class=\"ff-og-image-inserted\"><\/div>\n<ul>\n<li><strong>La calzada acumula 2.000 metros cuadrados rehabilitados.<\/strong><\/li>\n<li><strong>El intendente Mart\u00edn Llaryora supervis\u00f3 las obras.<\/strong><\/li>\n<\/ul>\n<hr>\n<p>En la zona suroeste del pericentro capitalino, la Municipalidad de C\u00f3rdoba lleva adelante la recuperaci\u00f3n \u00edntegra de la Av. Julio Argentino Roca, segmento comprendido entre la Ca\u00f1ada y la rotonda del Ala que se encuentra sobre la calle R\u00edo Negro.<\/p>\n<p>La intervenci\u00f3n de los 1.600 metros lineales optimizar\u00e1 la transitabilidad de la arteria, por donde confluyen gran cantidad de veh\u00edculos, provenientes de la zona oeste y ciudades aleda\u00f1as como Malague\u00f1o y Carlos Paz.<\/p>\n<p>La nueva carpeta asf\u00e1ltica tambi\u00e9n mejorar\u00e1 la calidad de vida de los barrios G\u00fcemes, Bella Vista, Observatorio, Bajada San Roque, Maurizi y Residencial Olivos.<\/p>\n<p>Las obras avanzan con dos frentes simult\u00e1neos, uno ubicado en las proximidades de la Ca\u00f1ada y otro a la vera de Paso de los Andes. Al d\u00eda de hoy se repararon 2.000 metros cuadrados de calzada.<\/p>\n<p>Las tareas se extender\u00e1n durante los pr\u00f3ximos meses ya que requieren largos procesos de demolici\u00f3n, restructuraci\u00f3n y ejecuci\u00f3n de la calzada por las condiciones del material.<\/p>\n<p>En el marco del segundo Plan de Bacheo y Rehabilitaci\u00f3n, el Municipio interviene 360 metros lineales de la calle Duarte Quir\u00f3s, un kil\u00f3metro del Bv. Illia en el \u00e1rea central, y la calle Jer\u00f3nimo Luis de Cabrera sobre Alta C\u00f3rdoba<\/p>\n","protected":false},"excerpt":{"rendered":"<p>La calzada acumula 2.000 metros cuadrados rehabilitados. El intendente Mart\u00edn Llaryora supervis\u00f3 las obras. En la zona suroeste del pericentro capitalino, la Municipalidad de C\u00f3rdoba lleva adelante la recuperaci\u00f3n \u00edntegra de la Av. Julio Argentino Roca, segmento comprendido entre la Ca\u00f1ada y la rotonda del Ala que se encuentra sobre la calle R\u00edo Negro. La [&hellip;]<\/p>\n","protected":false},"author":1,"featured_media":45421,"comment_status":"closed","ping_status":"closed","sticky":false,"template":"","format":"standard","meta":[],"categories":[44],"tags":[],"_links":{"self":[{"href":"http:\/\/cordobadirecto.com\/index.php\/wp-json\/wp\/v2\/posts\/45420"}],"collection":[{"href":"http:\/\/cordobadirecto.com\/index.php\/wp-json\/wp\/v2\/posts"}],"about":[{"href":"http:\/\/cordobadirecto.com\/index.php\/wp-json\/wp\/v2\/types\/post"}],"author":[{"embeddable":true,"href":"http:\/\/cordobadirecto.com\/index.php\/wp-json\/wp\/v2\/users\/1"}],"replies":[{"embeddable":true,"href":"http:\/\/cordobadirecto.com\/index.php\/wp-json\/wp\/v2\/comments?post=45420"}],"version-history":[{"count":0,"href":"http:\/\/cordobadirecto.com\/index.php\/wp-json\/wp\/v2\/posts\/45420\/revisions"}],"wp:featuredmedia":[{"embeddable":true,"href":"http:\/\/cordobadirecto.com\/index.php\/wp-json\/wp\/v2\/media\/45421"}],"wp:attachment":[{"href":"http:\/\/cordobadirecto.com\/index.php\/wp-json\/wp\/v2\/media?parent=45420"}],"wp:term":[{"taxonomy":"category","embeddable":true,"href":"http:\/\/cordobadirecto.com\/index.php\/wp-json\/wp\/v2\/categories?post=45420"},{"taxonomy":"post_tag","embeddable":true,"href":"http:\/\/cordobadirecto.com\/index.php\/wp-json\/wp\/v2\/tags?post=45420"}],"curies":[{"name":"wp","href":"https:\/\/api.w.org\/{rel}","templated":true}]}}