{"id":45930,"date":"2022-02-21T17:11:59","date_gmt":"2022-02-21T17:11:59","guid":{"rendered":"https:\/\/www.espinof.com\/actores-y-actrices\/clint-eastwood-aconsejo-a-su-hijo-scott-que-no-repitiera-escuadron-suicida"},"modified":"2022-02-21T17:11:59","modified_gmt":"2022-02-21T17:11:59","slug":"clint-eastwood-aconsejo-a-su-hijo-scott-que-no-repitiera-en-el-escuadron-suicida","status":"publish","type":"post","link":"http:\/\/cordobadirecto.com\/index.php\/2022\/02\/21\/clint-eastwood-aconsejo-a-su-hijo-scott-que-no-repitiera-en-el-escuadron-suicida\/","title":{"rendered":"Clint Eastwood aconsej\u00f3 a su hijo Scott que no repitiera en &#8216;El escuadr\u00f3n suicida&#8217;"},"content":{"rendered":"<p><strong>Scott Eastwood<\/strong> apareci\u00f3 en el <a href=\"https:\/\/www.espinof.com\/tag\/escuadron%20suicida\">&#8216;Escuadr\u00f3n Suicida&#8217;<\/a> original en 2016, y cuando el estudio le ofreci\u00f3 regresar para <strong>&#8216;El escuadr\u00f3n suicida&#8217; de James Gunn<\/strong>, decidi\u00f3 antes pedirle consejo a su padre, Clint Eastwood.<\/p>\n<p> <!--more--> <\/p>\n<div class=\"article-asset article-asset-normal article-asset-center\">\n<div class=\"desvio-container\">\n<div class=\"desvio\">\n<div class=\"desvio-figure js-desvio-figure\"> <a href=\"https:\/\/www.espinof.com\/proyectos\/escuadron-suicida-james-gunn-prepara-otra-serie-spin-off-para-hbo-max-adelanta-que-tendra-tono-diferente-a-pacificador\"> <img alt=\"'El escuadr\u00f3n suicida': James Gunn prepara otra serie spin-off para HBO Max y adelanta que tendr\u00e1 un tono diferente a 'El Pacificador'\" src=\"http:\/\/cordobadirecto.com\/wp-content\/uploads\/2022\/02\/clint-eastwood-aconsejo-a-su-hijo-scott-que-no-repitiera-en-el-escuadron-suicida.jpg\"> <\/a> <\/div><\/div><\/div>\n<\/div>\n<h2>Por un pu\u00f1ado de d\u00f3lares&#8230; y escenas<\/h2>\n<p>La versi\u00f3n de James Gunn de &#8216;<a href=\"https:\/\/www.espinof.com\/tag\/el%20escuadron%20suicida\">El escuadr\u00f3n suicida<\/a>&#8216; sirvi\u00f3 a la vez como secuela y reinicio del grupo de mercenarios, y sali\u00f3 tan bien que incluso ya ha dado lugar a un spin-off en televisi\u00f3n con &#8216;<a href=\"https:\/\/www.espinof.com\/tag\/el-pacificador\">El pacificador<\/a>&#8216;.<\/p>\n<p>Aunque se quiso contar con todos los miembros del reparto original, en algunos casos no fue posible por problemas de agenda o complicaciones al negociar los contratos de las estrellas. En el caso de <strong>Scott Eastwood<\/strong>, el actor no ten\u00eda muy claro la oferta del estudio para regresar a la secuela, a pesar que desde Warner Bros. le estaban ofreciendo un contrato para tres posibles pel\u00edculas. <\/p>\n<p><!-- BREAK 1 --><\/p>\n<blockquote readability=\"7.6939890710383\">\n<p>&#8220;No quer\u00edan pagarme casi nada por esas pel\u00edculas, y no ten\u00edan el gui\u00f3n de la otra&#8230; As\u00ed que no sab\u00eda donde me estaba metiendo&#8221;, coment\u00f3 Eastwood en una entrevista con <a href=\"https:\/\/www.insider.com\/scott-eastwood-suicide-squad-sequel-shia-labeouf-fight-2022-2\">Insider<\/a>.<\/p>\n<\/blockquote>\n<p>El actor no estaba demasiado seguro de las negociaciones, as\u00ed que decidi\u00f3 pedir consejo a una de las leyendas de la industria que le quedaba m\u00e1s a mano: <strong>Clint Eastwood<\/strong>, su padre. <\/p>\n<p><!-- BREAK 2 --> <\/p>\n<div class=\"article-asset-image article-asset-normal\">\n<div class=\"asset-content\">\n<div class=\"base-wrapper-image\"> <img class=\"sf-lazy centro_sinmarco\" data-sf-srcset=\"http:\/\/cordobadirecto.com\/wp-content\/uploads\/2022\/02\/clint-eastwood-aconsejo-a-su-hijo-scott-que-no-repitiera-en-el-escuadron-suicida-1.jpg 450w, http:\/\/cordobadirecto.com\/wp-content\/uploads\/2022\/02\/clint-eastwood-aconsejo-a-su-hijo-scott-que-no-repitiera-en-el-escuadron-suicida-4.jpg 681w,http:\/\/cordobadirecto.com\/wp-content\/uploads\/2022\/02\/clint-eastwood-aconsejo-a-su-hijo-scott-que-no-repitiera-en-el-escuadron-suicida-5.jpg 1024w, http:\/\/cordobadirecto.com\/wp-content\/uploads\/2022\/02\/clint-eastwood-aconsejo-a-su-hijo-scott-que-no-repitiera-en-el-escuadron-suicida-6.jpg 1366w,\" data-sf-src=\"http:\/\/cordobadirecto.com\/wp-content\/uploads\/2022\/02\/clint-eastwood-aconsejo-a-su-hijo-scott-que-no-repitiera-en-el-escuadron-suicida-1.jpg\" alt=\"Scott Eastwood En Escuadron Suicida\"> <noscript><img alt=\"Scott Eastwood En Escuadron Suicida\" class=\"centro_sinmarco\" src=\"http:\/\/cordobadirecto.com\/wp-content\/uploads\/2022\/02\/clint-eastwood-aconsejo-a-su-hijo-scott-que-no-repitiera-en-el-escuadron-suicida-1.jpg\"><\/noscript> <\/div><\/div>\n<\/div>\n<blockquote readability=\"12\">\n<p>&#8220;Le dije&#8230;No quieren pagarme. Y \u00e9l me dijo: Si sientes que de verdad te necesitan y que es un buen papel, hazlo. Si no, no lo hagas&#8221;, explic\u00f3 Eastwood.&#8221;En ese momento no ten\u00eda la respuesta a esas preguntas. Y no iba a tener ninguna respuesta y me segu\u00edan presionando&#8230; As\u00ed que al final, no pas\u00f3&#8221;.<\/p>\n<\/blockquote>\n<p>En la &#8216;Escuadr\u00f3n Suicida&#8217; original, Eastwood interpreta a <strong>&#8220;GQ&#8221; Edwards<\/strong>, un miembro del pelot\u00f3n de Rick Flag que acompa\u00f1a al equipo titular. Sin embargo, la mayor\u00eda de sus escenas se quedaron en la sala de montaje y no se vieron en el corte final, con lo que su papel fue mucho m\u00e1s peque\u00f1o de lo que originalmente iba a ser.<\/p>\n<p><!-- BREAK 3 --><\/p>\n<div class=\"article-asset article-asset-normal article-asset-center\">\n<div class=\"desvio-container\">\n<div class=\"desvio\">\n<div class=\"desvio-figure js-desvio-figure\"> <a href=\"https:\/\/www.espinof.com\/fecha-de-estreno\/pacificador-temporada-2-2023-trailer-fecha-estreno-reparto-todo-que-sabemos-serie-james-gunn-john-cena-hbo-max\"> <img alt=\"'El pacificador': todo lo que sabemos de la temporada 2 de la gamberra serie de HBO Max con James Gunn y John Cena\" src=\"http:\/\/cordobadirecto.com\/wp-content\/uploads\/2022\/02\/clint-eastwood-aconsejo-a-su-hijo-scott-que-no-repitiera-en-el-escuadron-suicida-2.jpg\"> <\/a> <\/div><\/div><\/div>\n<\/div>\n<blockquote readability=\"12\">\n<p>&#8220;Habl\u00e9 con David [Ayer] y s\u00e9 que mi personaje ten\u00eda m\u00e1s amor en el &#8216;Ayer Cut&#8217;, dijo Eastwood, sobre la versi\u00f3n del director que nunca se lanz\u00f3. Eastwood y Ayer ya se conoc\u00edan de &#8216;Fury&#8217;, donde el actor fue reclutado para &#8216;Escuadr\u00f3n suicida&#8217;. &#8220;Me dijo&#8230; Haz este viaje conmigo. Te voy a hacer un badass, tu personaje va a petarlo. Yo por aquel entonces ni siquiera sab\u00eda c\u00f3mo era el personaje&#8221;.<\/p>\n<\/blockquote>\n","protected":false},"excerpt":{"rendered":"<p>Scott Eastwood apareci\u00f3 en el &#8216;Escuadr\u00f3n Suicida&#8217; original en 2016, y cuando el estudio le ofreci\u00f3 regresar para &#8216;El escuadr\u00f3n suicida&#8217; de James Gunn, decidi\u00f3 antes pedirle consejo a su padre, Clint Eastwood.<\/p>\n","protected":false},"author":1,"featured_media":45931,"comment_status":"closed","ping_status":"closed","sticky":false,"template":"","format":"standard","meta":[],"categories":[17],"tags":[],"_links":{"self":[{"href":"http:\/\/cordobadirecto.com\/index.php\/wp-json\/wp\/v2\/posts\/45930"}],"collection":[{"href":"http:\/\/cordobadirecto.com\/index.php\/wp-json\/wp\/v2\/posts"}],"about":[{"href":"http:\/\/cordobadirecto.com\/index.php\/wp-json\/wp\/v2\/types\/post"}],"author":[{"embeddable":true,"href":"http:\/\/cordobadirecto.com\/index.php\/wp-json\/wp\/v2\/users\/1"}],"replies":[{"embeddable":true,"href":"http:\/\/cordobadirecto.com\/index.php\/wp-json\/wp\/v2\/comments?post=45930"}],"version-history":[{"count":0,"href":"http:\/\/cordobadirecto.com\/index.php\/wp-json\/wp\/v2\/posts\/45930\/revisions"}],"wp:featuredmedia":[{"embeddable":true,"href":"http:\/\/cordobadirecto.com\/index.php\/wp-json\/wp\/v2\/media\/45931"}],"wp:attachment":[{"href":"http:\/\/cordobadirecto.com\/index.php\/wp-json\/wp\/v2\/media?parent=45930"}],"wp:term":[{"taxonomy":"category","embeddable":true,"href":"http:\/\/cordobadirecto.com\/index.php\/wp-json\/wp\/v2\/categories?post=45930"},{"taxonomy":"post_tag","embeddable":true,"href":"http:\/\/cordobadirecto.com\/index.php\/wp-json\/wp\/v2\/tags?post=45930"}],"curies":[{"name":"wp","href":"https:\/\/api.w.org\/{rel}","templated":true}]}}