{"id":46193,"date":"2021-12-03T11:00:00","date_gmt":"2021-12-03T11:00:00","guid":{"rendered":"https:\/\/lmdiario.com.ar\/contenido\/319298\/talleres-y-su-sexta-incursion-internacional"},"modified":"2021-12-03T11:00:00","modified_gmt":"2021-12-03T11:00:00","slug":"talleres-y-su-sexta-incursion-internacional","status":"publish","type":"post","link":"http:\/\/cordobadirecto.com\/index.php\/2021\/12\/03\/talleres-y-su-sexta-incursion-internacional\/","title":{"rendered":"Talleres y su sexta incursi\u00f3n internacional"},"content":{"rendered":"<p><a href=\"https:\/\/lmdiario.com.ar\/tema\/5313\/edicion-impresa\" target=\"_self\" rel=\"noopener\"><img loading=\"lazy\" alt=\"chapa_ed_impresa_01 \" class=\"img-responsive lazyload\" data-src=\"http:\/\/cordobadirecto.com\/wp-content\/uploads\/2022\/02\/talleres-y-su-sexta-incursion-internacional.png\" height=\"22\" src=\"data:,\" title=\"Ed. Impresa_01\" width=\"140\"><\/a> &nbsp;<br \/><span><strong><em><\/em><\/strong><\/span><\/p>\n<p><strong>Talleres escribi\u00f3 una nueva p\u00e1gina de su rica historia, incluso con renglones en blanco para completarla con sue\u00f1os dorados.<\/strong> Pero con el agregado de que en el \u00faltimo tramo de su proceso deportivo paulatinamente le fue agregando condimentos internacionales.<\/p>\n<p>M\u00e1s all\u00e1 de celebrar con legitimidad la llegada a la final de la Copa Argentina, su segunda final nacional en sus 108 a\u00f1os de vida, nada menos que mano a mano ante Boca la semana que viene, vale destacar que tambi\u00e9n logr\u00f3 su sexta participaci\u00f3n en un torneo continental y la valorada clasificaci\u00f3n a la Copa Libertadores por tercera vez en sus registros; aspecto que no deben subestimarse porque llegaron como corolario de un proyecto y un estilo que trajo ilusiones a todos los hinchas y hasta un marco de normalidad.&nbsp;<\/p>\n<p>Es que en apenas tres a\u00f1os disputar\u00e1 tres torneos fuera de las fronteras argentinas, como para consolidar un momento inolvidable donde los hinchas contempor\u00e1neos a estas conquistas atesorar\u00e1n en su memoria por siempre. &nbsp;<\/p>\n<p>De todas maneras, <strong>ser\u00e1 la sexta presencia en torneo internacionales, valga la redundancia, pero queda siempre en la retina la forma de concreci\u00f3n de dichos boletos, marcados de pasi\u00f3n, sufrimientos y detalles particulares con el tinte pasional<\/strong>. Por eso, mientras algunos hinchas renuevan el pasaporte y otros preparan el viaje a Santiago Del Estero para discutirle a Boca la Copa Argentina, vale aclarar que nadie le regal\u00f3 nada a la instituci\u00f3n de barrio Jard\u00edn para acceder a estos torneos continentales.<\/p>\n<p>A continuaci\u00f3n, un breve repaso de cada clasificaci\u00f3n, con la memoria del contexto sin olvidar sacrificios ni m\u00e9ritos, porque la historia se escribe de esos momentos que terminan sellando el amor a la camiseta y la posibilidad de so\u00f1ar a lo grande.&nbsp;<\/p>\n<figure class=\"image\"><img loading=\"lazy\" alt=\"2019 libertadores Vs Palestino\" class=\"img-responsive lazyload\" data-src=\"http:\/\/cordobadirecto.com\/wp-content\/uploads\/2022\/02\/talleres-y-su-sexta-incursion-internacional.jpg\" data-srcset=\"\/download\/multimedia.normal.adb5143a871f1b47.32303139206c696265727461646f7265732056732050616c657374696e6f5f6e6f726d616c2e6a706567.jpeg 1000w, \/download\/multimedia.miniatura.9641bfa13b70dad0.32303139206c696265727461646f7265732056732050616c657374696e6f5f6d696e6961747572612e6a706567.jpeg 400w\" height=\"667\" src=\"data:,\" width=\"1000\"><figcaption><span>Talleres ser\u00e1 el primer equipo indirectamente afiliado a la AFA en jugar tres Copa Libertadores en d\u00e9cadas diferentes (2002,2019,2022).<\/span><\/figcaption><\/figure>\n<h3>De La Conmebol a la Mercosur&nbsp;<\/h3>\n<p>El bautismo internacional fue en el \u201999, luego del primer a\u00f1o en Primera Divisi\u00f3n. En ese entonces la <strong>Copa Conmebol<\/strong>, segundo torneo en importancia en el continente (s\u00edmil hoy a la Sudamericana) luc\u00eda un tanto devaluada luego de varias ediciones sin premio deportivo al campe\u00f3n y por ende varios equipos argentinos y uruguayos renunciaron a disputarla. Los lugares asignados eran para Gimnasia La Plata por la puntuaci\u00f3n general y para Lan\u00fas, \u00faltimo ganador, pero ambos desistieron de participar. Lo mismo Argentinos Juniors, a quien le ca\u00eda esa posibilidad. Entonces en Talleres entendieron que era su momento de aprovechar esa vacante y gestion\u00f3 en AFA la oportunidad, idea del fallecido dirigente Osvaldo Paesani, quien confi\u00f3 en la corazonada y apost\u00f3 con todo a tener la primera presencia oficial fuera del pa\u00eds.&nbsp;<\/p>\n<p>Y fue con creces: no solo accedi\u00f3 a ese boleto a puras tratativas, sino que adem\u00e1s se consagr\u00f3 campe\u00f3n, venciendo 3-0 a Sportivo Alagoano de Macei\u00f3 (Brasil) en lo que fue la \u00faltima edici\u00f3n de la Copa, que sin incentivos termin\u00f3 mutando en la Copa Mercosur, donde el albiazul tambi\u00e9n tendr\u00eda participaci\u00f3n dos a\u00f1os despu\u00e9s.&nbsp;<\/p>\n<p>Es que la segunda experiencia fue en esa copa, en 2001, logrando el pasaporte luego de una gran temporada en 2000-01 de la mano de Juan Jos\u00e9 L\u00f3pez como DT. Lo hab\u00eda intentado Ricardo Gareca un a\u00f1o antes, pero igual\u00f3 2-2 con Boca de local en el ex Chateau Carreras por la \u00faltima fecha del Clausura, y se qued\u00f3 con el sinsabor en la boca, dejando ese privilegio para V\u00e9lez. La revancha lleg\u00f3 al a\u00f1o siguiente en una gran apuesta dirigencial, con un enorme Luis Rueda (11 goles en el Apertura antes de ser vendido a Racing Club), en un conjunto de barrio Jard\u00edn imbatible de local (de 19 partidos, gan\u00f3 16, perdi\u00f3 dos y empat\u00f3 uno).<\/p>\n<p>Merced de esa cosecha, clasific\u00f3 tanto a la Mercosur como a la Libertadores por primera vez en su historia. Fue a dos fechas del final ese desahogo, luego de un 3-0 en el estadio mundialista ante Uni\u00f3n de Santa Fe, resultado que le garantiz\u00f3 clasificar por m\u00e9ritos propios en cert\u00e1menes internacionales.&nbsp;<\/p>\n<figure class=\"image\"><img loading=\"lazy\" alt=\"1999 Conmebol\" class=\"img-responsive lazyload\" data-src=\"http:\/\/cordobadirecto.com\/wp-content\/uploads\/2022\/02\/talleres-y-su-sexta-incursion-internacional-1.jpg\" data-srcset=\"\/download\/multimedia.normal.a024fe60a510af18.3139393920436f6e6d65626f6c5f6e6f726d616c2e6a706567.jpeg 1000w, \/download\/multimedia.miniatura.911658d9eb0390af.3139393920436f6e6d65626f6c5f6d696e6961747572612e6a706567.jpeg 400w\" height=\"667\" src=\"data:,\" width=\"1000\"><figcaption><span>1999 &#8211; Conmebol, bautismo internacional y consagraci\u00f3n. Un t\u00edtulo inolvidable en barrio Jard\u00edn.<\/span><\/figcaption><\/figure>\n<p>El festejo fue la \u00faltima fecha con ingreso gratuito a los hinchas (solo se cobr\u00f3 una donaci\u00f3n), ante Newell\u2019s, con estadio lleno, en una igualdad en uno que tendr\u00e1 en el anecdotario el regreso de Daniel Alborn\u00f3s luego de casi un a\u00f1o, tras cumplir su sanci\u00f3n por antidoping (nandrolona). A la postre, la \u201cChanchita\u201d meti\u00f3 un golazo de tiro libre esa tarde.&nbsp;<\/p>\n<p>Luego en la Mercosur ese mismo a\u00f1o qued\u00f3 fuera ante Gremio en segunda fase tras ganar su grupo ante gigantes del continente como Pe\u00f1arol de Montevideo y Sao Paulo, mientras que en la Libertadores fue todo frustraci\u00f3n en 2002, solo con la gratitud de haber podido jugar en el m\u00edtico estadio Azteca de M\u00e9xico ante el fastuoso Am\u00e9rica.&nbsp;<\/p>\n<h3>Libertadores con casi dos d\u00e9cadas de espera&nbsp;<\/h3>\n<p>Hubo que esperar casi 20 a\u00f1os para que Talleres volviera a ser internacional. Esta vez la aventura fue otra vez la <strong>Copa Libertadores <\/strong>en 2019, aunque la clasificaci\u00f3n fue casi fortuita, en su segundo a\u00f1o en Primera.<\/p>\n<p>El equipo dirigido por <strong>Frank Dar\u00edo Kudelka<\/strong> ven\u00eda realizando un gran torneo en 2018, pero como vendi\u00f3 en el espacio inter temporada a Emanuel Reynoso, Jonathan Men\u00e9ndez y Sebasti\u00e1n Palacios, se fue quedando sin nafta a pesar de haber transitado por la cima por varias fechas. De hecho, en la \u00faltima jornada empat\u00f3 con el ya descendido Olimpo en Bah\u00eda Blanca 2-2, con un penal convertido por Guido Herrera en el quinto minuto de descuento, quedando casi sin chances a la voluntad de los resultados ajenos. Pero los astros se alinearon para que Independiente cayera ante Uni\u00f3n de Santa Fe y sobre todo para que Col\u00f3n le ganara de visitante a Racing Club en Avellaneda para de esa manera cristalizar un desahogo internacional de casi dos d\u00e9cadas, algo que parec\u00eda imposible luego de caerse casi a pedazos en los \u00faltimos partidos.&nbsp;<\/p>\n<p>Ya en el m\u00e1ximo trofeo sudamericano, dej\u00f3 en el camino en la repesca a Sao Paulo en el mism\u00edsimo Morumb\u00ed pero en el mano a mano final para ingresar a la fase de grupos cay\u00f3 ante el modesto Palestino de Chile, con mucho sabor a decepci\u00f3n, en ese entonces con Juan Pablo Vojvoda como entrenador.<\/p>\n<p>Pero parece que por barrio Jard\u00edn le tomaron el gustito a esa sensaci\u00f3n de normalidad de ser internacionales.&nbsp;<br \/>Justo antes de iniciarse la pandemia por Covid 19 en marzo de 2020, con apenas una fecha disputada en el torneo complementario de Primera Divisi\u00f3n, una copa armada para completar el calendario, luego de vencer 3 a 0 a Hurac\u00e1n en Parque Patricios, tuvo su nuevo premio. AFA decidi\u00f3 cortar el torneo, darlo por finalizado en el tercer mes del a\u00f1o y hacer valer la tabla general hasta ese momento. Y con apenas un punto de diferencia Talleres se meti\u00f3 en la Copa Sudamericana. Vale aclarar que el presidente Andr\u00e9s Fassi incluso gestion\u00f3 a que el torneo sea terminado en la cancha a pesar de tener pasaje garantizado, pero no hubo respuestas, aunque lo mismo termin\u00f3 siendo beneficiado con una nueva presencia fuera de los l\u00edmites territoriales argentinos. Alexander Medina logr\u00f3 dicho privilegio en 2020 y en 2021 a pesar de que no pudo pasar la fase de grupos, qued\u00f3 el valor de la experiencia y una atm\u00f3sfera de impotencia, ya que compiti\u00f3 con un plantel corto en recursos y qued\u00f3 a mitad de camino tanto en la Sudamericana como en el torneo local. Apuntes por corregir de cara a las nuevas aspiraciones.&nbsp;<\/p>\n<figure class=\"image\"><img loading=\"lazy\" alt=\"2001 Mercosur\" class=\"img-responsive lazyload\" data-src=\"http:\/\/cordobadirecto.com\/wp-content\/uploads\/2022\/02\/talleres-y-su-sexta-incursion-internacional-2.jpg\" data-srcset=\"\/download\/multimedia.normal.9272c10d00c41d9d.32303031204d6572636f7375725f6e6f726d616c2e6a706567.jpeg 1000w, \/download\/multimedia.miniatura.89f040be8ad1aaa5.32303031204d6572636f7375725f6d696e6961747572612e6a706567.jpeg 400w\" height=\"667\" src=\"data:,\" width=\"1000\"><figcaption><span>2001 &#8211; MERCOSUR. Una experiencia que lleg\u00f3 tras una gran temporada.<\/span><\/figcaption><\/figure>\n<h3>Copa Argentina con valor agregado &nbsp;<\/h3>\n<p>Talleres conservaba una gran cosecha de la tabla general anual, producto de la unificaci\u00f3n de puntos entre la fase de grupos de la Copa de la Liga Profesional m\u00e1s el actual de la Liga Profesional. Y a pesar de que por seis fechas conserv\u00f3 el primer puesto, termin\u00f3 sucumbiendo ante el imbatible River, por lo que los sue\u00f1os de campeonato se transformaron en un anhelo casi de consuelo para clasificar a la Libertadores.&nbsp;<\/p>\n<p>M\u00e1s all\u00e1 de que con seis puntos finales en disputa se encuentra posicionado para lograr el pasaje internacional, encontr\u00f3 una especie de atajo con la Copa Argentina, con partida doble en valor agregado. Es que al caer Lan\u00fas e Independiente, con solo vencer a Godoy Cruz en semis y meterse en la final de la Copa Argentina conseguir\u00eda la ansiada clasificaci\u00f3n a la Libertadores. Es decir, depend\u00eda de s\u00ed mismo para lograr el gran objetivo.<\/p>\n<p>Y lo consigui\u00f3 gracias al gol de penal de Valoyes en San Luis para preparar el pasaporte, la visita a migraciones y por la aduana por sexta vez. Y no termina ah\u00ed: por ahora se mete en el repechaje, por lo que para aprovechar el envi\u00f3n, apuntar\u00e1 el equipo del \u201cCacique\u201d a sumar cuatro puntos de los seis que hay en juego frente a Sarmiento de Jun\u00edn e Independiente con la finalidad de meterse directamente en la zona de grupos.&nbsp;<\/p>\n<p>Sue\u00f1os y objetivos grandes, de algo que hace un tiempo parece normal por barrio Jard\u00edn, mientras la ilusi\u00f3n crece con vitaminas en todos los corazones de los hinchas. Y no con deseos internacionales solamente, sino tambi\u00e9n con ganar su primera estrella nacional si se impone ante Boca el mi\u00e9rcoles en el estadio \u201cMadre de Ciudades\u201d de Santiago del Estero.&nbsp;<\/p>\n<table>\n<tbody>\n<tr>\n<td><a href=\"https:\/\/lmdiario.com.ar\/categoria\/52\/ed-impresa\" target=\"_self\" rel=\"noopener\"><img loading=\"lazy\" alt=\"LNM - Edici\u00f3n Impresa\" caption=\"false\" class=\"img-responsive lazyload\" data-src=\"http:\/\/cordobadirecto.com\/wp-content\/uploads\/2022\/02\/talleres-y-su-sexta-incursion-internacional-3.jpg\" height=\"262\" src=\"data:,\" title=\"Edici\u00f3n Impresa\" width=\"200\"><\/a><\/td>\n<\/tr>\n<\/tbody>\n<\/table>\n<hr>\n<p><strong><em>Segu\u00ed el desarrollo de esta noticia y otras m\u00e1s&nbsp;<br \/>en la edici\u00f3n impresa de La Nueva Ma\u00f1ana<\/em><\/strong>&nbsp;<br \/><span><em>[&nbsp;<span>Todos los <\/span><\/em><\/span><span><em><span>viernes en tu kiosco&nbsp;<\/span>]<\/em><\/span><\/p>\n<hr>\n","protected":false},"excerpt":{"rendered":"<p>&nbsp; Talleres escribi\u00f3 una nueva p\u00e1gina de su rica historia, incluso con renglones en blanco para completarla con sue\u00f1os dorados. Pero con el agregado de que en el \u00faltimo tramo de su proceso deportivo paulatinamente le fue agregando condimentos internacionales. M\u00e1s all\u00e1 de celebrar con legitimidad la llegada a la final de la Copa Argentina, [&hellip;]<\/p>\n","protected":false},"author":1,"featured_media":46194,"comment_status":"open","ping_status":"closed","sticky":false,"template":"","format":"standard","meta":[],"categories":[21],"tags":[],"_links":{"self":[{"href":"http:\/\/cordobadirecto.com\/index.php\/wp-json\/wp\/v2\/posts\/46193"}],"collection":[{"href":"http:\/\/cordobadirecto.com\/index.php\/wp-json\/wp\/v2\/posts"}],"about":[{"href":"http:\/\/cordobadirecto.com\/index.php\/wp-json\/wp\/v2\/types\/post"}],"author":[{"embeddable":true,"href":"http:\/\/cordobadirecto.com\/index.php\/wp-json\/wp\/v2\/users\/1"}],"replies":[{"embeddable":true,"href":"http:\/\/cordobadirecto.com\/index.php\/wp-json\/wp\/v2\/comments?post=46193"}],"version-history":[{"count":0,"href":"http:\/\/cordobadirecto.com\/index.php\/wp-json\/wp\/v2\/posts\/46193\/revisions"}],"wp:featuredmedia":[{"embeddable":true,"href":"http:\/\/cordobadirecto.com\/index.php\/wp-json\/wp\/v2\/media\/46194"}],"wp:attachment":[{"href":"http:\/\/cordobadirecto.com\/index.php\/wp-json\/wp\/v2\/media?parent=46193"}],"wp:term":[{"taxonomy":"category","embeddable":true,"href":"http:\/\/cordobadirecto.com\/index.php\/wp-json\/wp\/v2\/categories?post=46193"},{"taxonomy":"post_tag","embeddable":true,"href":"http:\/\/cordobadirecto.com\/index.php\/wp-json\/wp\/v2\/tags?post=46193"}],"curies":[{"name":"wp","href":"https:\/\/api.w.org\/{rel}","templated":true}]}}