{"id":4634,"date":"2021-04-14T00:12:10","date_gmt":"2021-04-14T00:12:10","guid":{"rendered":"https:\/\/puntoapunto.com.ar\/?p=275988"},"modified":"2021-04-14T00:12:10","modified_gmt":"2021-04-14T00:12:10","slug":"con-un-aumento-promedio-del-48-extienden-hasta-julio-precios-cuidados","status":"publish","type":"post","link":"http:\/\/cordobadirecto.com\/index.php\/2021\/04\/14\/con-un-aumento-promedio-del-48-extienden-hasta-julio-precios-cuidados\/","title":{"rendered":"Con un aumento promedio del 4,8%, extienden hasta julio Precios Cuidados"},"content":{"rendered":"<p><!-- image --><\/p>\n<div class=\"td-post-featured-image\"><a href=\"http:\/\/cordobadirecto.com\/wp-content\/uploads\/2021\/04\/con-un-aumento-promedio-del-48-extienden-hasta-julio-precios-cuidados-4.jpg\" data-caption><img loading=\"lazy\" width=\"696\" height=\"435\" class=\"entry-thumb td-modal-image\" src=\"http:\/\/cordobadirecto.com\/wp-content\/uploads\/2021\/04\/con-un-aumento-promedio-del-48-extienden-hasta-julio-precios-cuidados.jpg\" srcset=\"http:\/\/cordobadirecto.com\/wp-content\/uploads\/2021\/04\/con-un-aumento-promedio-del-48-extienden-hasta-julio-precios-cuidados.jpg 696w, http:\/\/cordobadirecto.com\/wp-content\/uploads\/2021\/04\/con-un-aumento-promedio-del-48-extienden-hasta-julio-precios-cuidados-1.jpg 300w, http:\/\/cordobadirecto.com\/wp-content\/uploads\/2021\/04\/con-un-aumento-promedio-del-48-extienden-hasta-julio-precios-cuidados-2.jpg 768w, http:\/\/cordobadirecto.com\/wp-content\/uploads\/2021\/04\/con-un-aumento-promedio-del-48-extienden-hasta-julio-precios-cuidados-3.jpg 672w, http:\/\/cordobadirecto.com\/wp-content\/uploads\/2021\/04\/con-un-aumento-promedio-del-48-extienden-hasta-julio-precios-cuidados-4.jpg 887w\" sizes=\"(max-width: 696px) 100vw, 696px\" alt title=\"Precios-cuidados\"><\/a><\/div>\n<p> <!-- content --><\/p>\n<div class=\"td-a-rec td-a-rec-id-content_top tdi_66_762 td_block_template_10\">\n<div class=\"g g-34\">\n<div class=\"g-single a-299\"><a class=\"gofollow\" data-track=\"Mjk5LDM0LDEsNjA=\" href=\"http:\/\/www.grupocanter.com.ar\/landing\/blanqueo\/pap\/?utm_source=Punto%20a%20Punto&amp;utm_medium=Banners&amp;utm_campaign=Blanqueo&amp;utm_term=950x187\"><img src=\"http:\/\/cordobadirecto.com\/wp-content\/uploads\/2021\/04\/con-un-aumento-promedio-del-48-extienden-hasta-julio-precios-cuidados.gif\"><\/a><\/div>\n<\/div>\n<\/div>\n<p><strong>El Gobierno nacional extendi\u00f3 hasta el <a href=\"https:\/\/puntoapunto.com.ar\/tag\/12\/\" class=\"st_tag internal_tag\" rel=\"tag\" title=\"Posts tagged with 12\">12<\/a> de julio pr\u00f3ximo el programa&nbsp;Precios Cuidados<\/strong>, con la incorporaci\u00f3n de <a href=\"https:\/\/puntoapunto.com.ar\/tag\/nuevos\/\" class=\"st_tag internal_tag\" rel=\"tag\" title=\"Posts tagged with nuevos\">nuevos<\/a> productos y un incremento promedio de 4,8% en los valores de los que ya estaban incluidos en el esquema, inform\u00f3 esta tarde el Ministerio de Desarrollo Productivo.<\/p>\n<p>L<strong>a <a href=\"https:\/\/puntoapunto.com.ar\/tag\/canasta\/\" class=\"st_tag internal_tag\" rel=\"tag\" title=\"Posts tagged with canasta\">canasta<\/a> de productos representativos del consumo masivo local, pasar\u00e1 desde hoy a contener 670 <a href=\"https:\/\/puntoapunto.com.ar\/tag\/referencias\/\" class=\"st_tag internal_tag\" rel=\"tag\" title=\"Posts tagged with referencias\">referencias<\/a><\/strong>, con la incorporaci\u00f3n para este segundo trimestre de nuevos art\u00edculos, como una m\u00e1scara protectora de pl\u00e1stico para el cuidado esencial en el contexto actual de pandemia. Este art\u00edculo espec\u00edfico para combatir la&nbsp;<strong>Covid-19<\/strong>&nbsp;se suma a los que ya estaban incluidos como el alcohol en gel, jabones, limpiadores antibacteriales y guantes, de acuerdo al&nbsp;<a href=\"https:\/\/www.argentina.gob.ar\/noticias\/se-renueva-precios-cuidados-hasta-julio-con-mas-productos\" target=\"_blank\" rel=\"noopener noreferrer\"><strong>comunicado<\/strong><\/a>&nbsp;que public\u00f3 la Secretar\u00eda de Comercio Interior.<\/p>\n<p>Adem\u00e1s,&nbsp;<strong>se suman nuevas variedades de alimentos como pastas, galletitas, budines y especias de primeras y segundas marcas<\/strong>. De este modo, el programa queda con un total de 670 productos que se comercializan a nivel nacional en todas las sucursales de las principales.<\/p>\n<p>La Secretar\u00eda, que conduce&nbsp;<strong>Paula Espa\u00f1ol<\/strong>, destac\u00f3 que desde el relanzamiento en enero de este a\u00f1o, el programa aument\u00f3 m\u00e1s del 65% la cantidad de referencias y cuenta con m\u00e1s del doble de productos de los que ten\u00eda a comienzos de 2020.<\/p>\n<p><strong>El programa Precios Cuidados est\u00e1 presente en 54 cadenas de supermercados, que cuentan con un total de 2.800 bocas de expendio de todo el pa\u00eds.<\/strong> Seg\u00fan relevamientos de oficinas nacionales y provinciales, el programa cuenta con un nivel de cumplimiento del abastecimiento en g\u00f3ndolas de los productos incluidos en la canasta superior al 80% y un 99,9% en el <a href=\"https:\/\/puntoapunto.com.ar\/tag\/caso\/\" class=\"st_tag internal_tag\" rel=\"tag\" title=\"Posts tagged with caso\">caso<\/a> de los precios acordados.<\/p>\n<p>No tags for this post. <!-- A generated by theme --> <!-- end A --> <\/p>\n","protected":false},"excerpt":{"rendered":"<p>El Gobierno nacional extendi\u00f3 hasta el 12 de julio pr\u00f3ximo el programa&nbsp;Precios Cuidados, con la incorporaci\u00f3n de nuevos productos y un incremento promedio de 4,8% en los valores de los que ya estaban incluidos en el esquema, inform\u00f3 esta tarde el Ministerio de Desarrollo Productivo. La canasta de productos representativos del consumo masivo local, pasar\u00e1 [&hellip;]<\/p>\n","protected":false},"author":1,"featured_media":4635,"comment_status":"closed","ping_status":"closed","sticky":false,"template":"","format":"standard","meta":[],"categories":[25],"tags":[],"_links":{"self":[{"href":"http:\/\/cordobadirecto.com\/index.php\/wp-json\/wp\/v2\/posts\/4634"}],"collection":[{"href":"http:\/\/cordobadirecto.com\/index.php\/wp-json\/wp\/v2\/posts"}],"about":[{"href":"http:\/\/cordobadirecto.com\/index.php\/wp-json\/wp\/v2\/types\/post"}],"author":[{"embeddable":true,"href":"http:\/\/cordobadirecto.com\/index.php\/wp-json\/wp\/v2\/users\/1"}],"replies":[{"embeddable":true,"href":"http:\/\/cordobadirecto.com\/index.php\/wp-json\/wp\/v2\/comments?post=4634"}],"version-history":[{"count":0,"href":"http:\/\/cordobadirecto.com\/index.php\/wp-json\/wp\/v2\/posts\/4634\/revisions"}],"wp:featuredmedia":[{"embeddable":true,"href":"http:\/\/cordobadirecto.com\/index.php\/wp-json\/wp\/v2\/media\/4635"}],"wp:attachment":[{"href":"http:\/\/cordobadirecto.com\/index.php\/wp-json\/wp\/v2\/media?parent=4634"}],"wp:term":[{"taxonomy":"category","embeddable":true,"href":"http:\/\/cordobadirecto.com\/index.php\/wp-json\/wp\/v2\/categories?post=4634"},{"taxonomy":"post_tag","embeddable":true,"href":"http:\/\/cordobadirecto.com\/index.php\/wp-json\/wp\/v2\/tags?post=4634"}],"curies":[{"name":"wp","href":"https:\/\/api.w.org\/{rel}","templated":true}]}}