{"id":4650,"date":"2021-04-14T04:36:12","date_gmt":"2021-04-14T04:36:12","guid":{"rendered":"https:\/\/lmdiario.com.ar\/contenido\/283347\/santi-celli-y-feli-colina-unen-fuerzas-y-vuelven-a-presentarse-en-cordoba"},"modified":"2021-04-14T04:36:12","modified_gmt":"2021-04-14T04:36:12","slug":"celli-y-feli-colina-unen-fuerzas-y-vuelven-a-presentarse-en-cordoba","status":"publish","type":"post","link":"http:\/\/cordobadirecto.com\/index.php\/2021\/04\/14\/celli-y-feli-colina-unen-fuerzas-y-vuelven-a-presentarse-en-cordoba\/","title":{"rendered":"Celli y Feli Colina unen fuerzas y vuelven a presentarse en C\u00f3rdoba"},"content":{"rendered":"<div readability=\"32\"> <img alt=\"Celli Feli Colina\" class=\"img-responsive\" height=\"664\" loading=\"lazy\" sizes=\"auto\" src=\"http:\/\/cordobadirecto.com\/wp-content\/uploads\/2021\/04\/celli-y-feli-colina-unen-fuerzas-y-vuelven-a-presentarse-en-cordoba.jpg\" srcset=\"http:\/\/cordobadirecto.com\/wp-content\/uploads\/2021\/04\/celli-y-feli-colina-unen-fuerzas-y-vuelven-a-presentarse-en-cordoba.jpg 1000w, http:\/\/cordobadirecto.com\/wp-content\/uploads\/2021\/04\/celli-y-feli-colina-unen-fuerzas-y-vuelven-a-presentarse-en-cordoba-1.jpg 400w\" width=\"1000\"> <\/p>\n<p> <span>Celli y Feli Colina se presentan el viernes en Club Paraguay. <\/span> <span>Foto: gentileza<\/span> <\/p>\n<\/p><\/div>\n<div readability=\"91.113253012048\">\n<p><strong>Nunca fue una novedad que dos artistas se crucen en un mismo escenario para compartir actuaciones, sin embargo, la situaci\u00f3n volvi\u00f3 a tener una &#8220;\u00e9poca de oro&#8221; durante los \u00faltimos a\u00f1os<\/strong>. En la previa a la pandemia, la comuni\u00f3n entre m\u00fasicos hab\u00eda ido generando un caldo de cultivo que habilit\u00f3 espacios de encuentro que, en muchos casos, desembocaron en emprendimientos de mayor envergadura (los nuevos festivales son un emergente de dicho fen\u00f3meno). <strong>Con el regreso de los conciertos en vivo, la constante no se detuvo. De hecho, las posibilidades que resurgieron acotadas impulsaron a\u00fan m\u00e1s el deseo del vibrar conjunto y el andar compartido.&nbsp;<\/strong><\/p>\n<p><strong>Feli Colina y Santi Celli actuar\u00e1n este fin de semana en C\u00f3rdoba<\/strong> combinando grandes presentes y (a\u00fan m\u00e1s) promisorios futuros. La artista nacida en Salta est\u00e1 despidiendo su disco <strong>Feroza <\/strong>(2018), mientras se prepara para meterse en el estudio para darle forma a un disco que asegura tener compuesto en su totalidad. Casi en el mismo plan, <strong>Celli <\/strong>actuar\u00e1 por primera vez con su banda desde la separaci\u00f3n de <strong>Salvapantallas <\/strong>(el \u00faltimo escenario \u201cgrande\u201d que pis\u00f3 en C\u00f3rdoba fue el que termin\u00f3 albergando la \u00faltima actuaci\u00f3n del d\u00fao en la \u00faltima edici\u00f3n del <strong>Festival La Nueva Generaci\u00f3n<\/strong>, all\u00e1 por noviembre del 2019). Entonces, ser\u00e1 la primera vez que suenen las canciones de <strong>Reset <\/strong>(2020), su primer disco solista que ya tiene casi un a\u00f1o y que represento un verdadero quiebre en su carrera.&nbsp;<\/p>\n<p>\u201cEstoy muy contento porque todo lo que estaba contenido se destap\u00f3 y el trabajo fue de cero a cien. Estamos con muchas actuaciones y estamos yendo a C\u00f3rdoba a hacer un show\u201d, comenta <strong>Celli, que tambi\u00e9n le adelanta a La Nueva Ma\u00f1ana que tiene preparada una serie de lanzamientos (el primero ser\u00e1 el pr\u00f3ximo 23 de abril)<\/strong> <strong>que servir\u00e1n de antesala para la edici\u00f3n de su segundo trabajo como solista.&nbsp;<\/strong><\/p>\n<p><iframe allow=\"accelerometer; autoplay; clipboard-write; encrypted-media; gyroscope; picture-in-picture\" allowfullscreen frameborder=\"0\" height=\"315\" loading=\"lazy\" src=\"https:\/\/www.youtube.com\/embed\/FMqiaNMCBn4\" title=\"YouTube video player\" width=\"560\">[embedded content]<\/iframe><\/p>\n<p><strong>Feli siente que llega a la Capital provincial invitada por su amigo cordob\u00e9s<\/strong> y se siente agradecida por la oportunidad de volver a tocar sus canciones sobre los escenarios mediterr\u00e1neos luego de casi dos a\u00f1os sin poder hacerlo. <strong>\u201cEs como si Santi fuese a Salta. Somos amigos visit\u00e1ndonos uno a otro. En este caso, el local es \u00e9l y a m\u00ed me parece algo hermoso\u201d, se\u00f1ala la salte\u00f1a que anticipa un \u201cshow largo y muy lindo\u201d<\/strong>. \u201cVoy con toda la banda y vamos a tocar casi todo <strong>Feroza <\/strong>y posiblemente aparezcan algunas composiciones nuevas tambi\u00e9n\u201d, preanuncia.&nbsp;<\/p>\n<p>\u201c<strong>Volver a los escenarios en este contexto es algo raro, no lo voy a negar<\/strong>. &nbsp;La gente con barbijo y la distancia entre la gente es algo no muy com\u00fan, pero a la vez me parece algo maravilloso. Creo que todo se presta para una intimidad muy linda. <strong>Me parece que hay una emoci\u00f3n multiplicada porque todos los que amamos la m\u00fasica tenemos muchas ganas de volver a encontrarnos alrededor de una canci\u00f3n<\/strong>\u201d,<strong> dice Feli a La Nueva Ma\u00f1ana en la previa al concierto que tendr\u00e1 lugar en<a href=\"https:\/\/alpogo.com\/evento\/feli-colina-y-celli-en-cordoba-4126\" rel=\"noopener\" target=\"_blank\"> pr\u00f3ximo viernes en Club Paraguay.&nbsp;<\/a><\/strong><\/p>\n<p><iframe allow=\"accelerometer; autoplay; clipboard-write; encrypted-media; gyroscope; picture-in-picture\" allowfullscreen frameborder=\"0\" height=\"315\" loading=\"lazy\" src=\"https:\/\/www.youtube.com\/embed\/UExEXbcZEco\" title=\"YouTube video player\" width=\"560\">[embedded content]<\/iframe><\/p>\n<p><strong>\u201cPara m\u00ed, tocar con Feli no es otra cosa que la consecuencia de una amistad y una admiraci\u00f3n enorme\u201d, dice Celli.<\/strong> \u201cMe conect\u00e9 con ella a trav\u00e9s su obra y cuando eso pasa el conocer a la otra persona es algo que se da naturalmente. <strong>Somos dos personas que nos entendemos muy f\u00e1cilmente, nos da mucho gusto hacerlo y poder actuar juntos nos da una fuerza distinta. Sentimos que vamos en equipo<\/strong>\u201d, afirma el cordob\u00e9s.&nbsp;<\/p>\n<p>\u201cPor otro lado, <strong>va a ser la primera vez que vaya a C\u00f3rdoba como solista.<\/strong> Poder conectarme con la m\u00fasica y con el mensaje, tocando de vuelta en mi ciudad natal despu\u00e9s de tanto tiempo es algo muy hermoso. <strong>Yo quiero pasarla bomba porque estoy profundamente agradecido de poder hacer esto en este contexto<\/strong>\u201d, completa Santi. &nbsp;&nbsp;<\/p>\n<\/p><\/div>\n","protected":false},"excerpt":{"rendered":"<p>Celli y Feli Colina se presentan el viernes en Club Paraguay. Foto: gentileza Nunca fue una novedad que dos artistas se crucen en un mismo escenario para compartir actuaciones, sin embargo, la situaci\u00f3n volvi\u00f3 a tener una &#8220;\u00e9poca de oro&#8221; durante los \u00faltimos a\u00f1os. En la previa a la pandemia, la comuni\u00f3n entre m\u00fasicos hab\u00eda [&hellip;]<\/p>\n","protected":false},"author":1,"featured_media":4651,"comment_status":"open","ping_status":"closed","sticky":false,"template":"","format":"standard","meta":[],"categories":[19],"tags":[],"_links":{"self":[{"href":"http:\/\/cordobadirecto.com\/index.php\/wp-json\/wp\/v2\/posts\/4650"}],"collection":[{"href":"http:\/\/cordobadirecto.com\/index.php\/wp-json\/wp\/v2\/posts"}],"about":[{"href":"http:\/\/cordobadirecto.com\/index.php\/wp-json\/wp\/v2\/types\/post"}],"author":[{"embeddable":true,"href":"http:\/\/cordobadirecto.com\/index.php\/wp-json\/wp\/v2\/users\/1"}],"replies":[{"embeddable":true,"href":"http:\/\/cordobadirecto.com\/index.php\/wp-json\/wp\/v2\/comments?post=4650"}],"version-history":[{"count":0,"href":"http:\/\/cordobadirecto.com\/index.php\/wp-json\/wp\/v2\/posts\/4650\/revisions"}],"wp:featuredmedia":[{"embeddable":true,"href":"http:\/\/cordobadirecto.com\/index.php\/wp-json\/wp\/v2\/media\/4651"}],"wp:attachment":[{"href":"http:\/\/cordobadirecto.com\/index.php\/wp-json\/wp\/v2\/media?parent=4650"}],"wp:term":[{"taxonomy":"category","embeddable":true,"href":"http:\/\/cordobadirecto.com\/index.php\/wp-json\/wp\/v2\/categories?post=4650"},{"taxonomy":"post_tag","embeddable":true,"href":"http:\/\/cordobadirecto.com\/index.php\/wp-json\/wp\/v2\/tags?post=4650"}],"curies":[{"name":"wp","href":"https:\/\/api.w.org\/{rel}","templated":true}]}}