{"id":4652,"date":"2021-04-14T04:21:15","date_gmt":"2021-04-14T04:21:15","guid":{"rendered":"http:\/\/www.bbc.com\/mundo\/noticias-america-latina-56736597"},"modified":"2021-04-14T04:21:15","modified_gmt":"2021-04-14T04:21:15","slug":"como-mexico-influyo-en-la-ii-republica-espanola-hace-90-anos-y-cual-fue-su-legado-en-america-latina","status":"publish","type":"post","link":"http:\/\/cordobadirecto.com\/index.php\/2021\/04\/14\/como-mexico-influyo-en-la-ii-republica-espanola-hace-90-anos-y-cual-fue-su-legado-en-america-latina\/","title":{"rendered":"C\u00f3mo M\u00e9xico influy\u00f3 en la II Rep\u00fablica espa\u00f1ola hace 90 a\u00f1os (y cu\u00e1l fue su legado en Am\u00e9rica Latina)"},"content":{"rendered":"<div dir=\"ltr\" class=\"e1j2237y6 bbc-q4ibpr e57qer20\">\n<div class=\"bbc-1atl7vu e1c9i7u14\">\n<ul role=\"list\" class=\"bbc-cdrraw e1c9i7u12\">\n<li role=\"listitem\" class=\"bbc-1a3w4ok e1c9i7u11\">Mar Pichel<\/li>\n<li role=\"listitem\" class=\"bbc-1p92jtu e1c9i7u10\">BBC News Mundo<\/li>\n<\/ul>\n<\/div>\n<\/div>\n<p><time datetime=\"2021-04-14\" class=\"bbc-14xtggo e4zesg50\">15 minutos<\/time><\/p>\n<div dir=\"ltr\" class=\"bbc-1ka88fa e57qer20\">\n<figure class=\"bbc-1qdcvv9 e6bmn90\">\n<div dir=\"ltr\" class=\"bbc-172p16q e57qer20\">\n<div dir=\"ltr\" class=\"bbc-189y18v e57qer20\" readability=\"6.5\">\n<div data-e2e=\"image-placeholder\" class=\"bbc-1k5hvrj e1whu0\" readability=\"8\"><img srcset=\"http:\/\/cordobadirecto.com\/wp-content\/uploads\/2021\/04\/como-mexico-influyo-en-la-ii-republica-espanola-hace-90-anos-y-cual-fue-su-legado-en-america-latina-7.jpg 240w, http:\/\/cordobadirecto.com\/wp-content\/uploads\/2021\/04\/como-mexico-influyo-en-la-ii-republica-espanola-hace-90-anos-y-cual-fue-su-legado-en-america-latina-8.jpg 320w, http:\/\/cordobadirecto.com\/wp-content\/uploads\/2021\/04\/como-mexico-influyo-en-la-ii-republica-espanola-hace-90-anos-y-cual-fue-su-legado-en-america-latina-9.jpg 480w, http:\/\/cordobadirecto.com\/wp-content\/uploads\/2021\/04\/como-mexico-influyo-en-la-ii-republica-espanola-hace-90-anos-y-cual-fue-su-legado-en-america-latina-10.jpg 624w, http:\/\/cordobadirecto.com\/wp-content\/uploads\/2021\/04\/como-mexico-influyo-en-la-ii-republica-espanola-hace-90-anos-y-cual-fue-su-legado-en-america-latina-11.jpg 800w\" alt=\"Celebraciones en Madrid tras la proclamaci\u00f3n de la II Rep\u00fablica.\" src=\"http:\/\/cordobadirecto.com\/wp-content\/uploads\/2021\/04\/como-mexico-influyo-en-la-ii-republica-espanola-hace-90-anos-y-cual-fue-su-legado-en-america-latina.jpg\" width=\"976\" class=\"bbc-fat2bc e1enwo3v0\"><\/p>\n<p role=\"text\" class=\"bbc-1s1cxbv etq3yw90\"><span class=\"bbc-1gnhmg2 e1yt7oin0\">Fuente de la imagen, <\/span><span lang=\"en-GB\">Getty Images<\/span><\/p>\n<\/div>\n<\/div>\n<div dir=\"ltr\" class=\"bbc-3edg7g e57qer20\" readability=\"6\"><figcaption dir=\"ltr\" class=\"bbc-1t9zlwf eede9f50\" readability=\"2\"><span class=\"bbc-1gnhmg2 e1yt7oin0\">Pie de foto, <\/span><\/p>\n<p>Celebraciones en Madrid tras la proclamaci\u00f3n de la II Rep\u00fablica.<\/p>\n<\/figcaption><\/div>\n<\/div>\n<\/figure>\n<\/div>\n<div dir=\"ltr\" class=\"bbc-19j92fr e57qer20\" readability=\"10\">\n<p dir=\"ltr\" class=\"bbc-bm53ic e1cc2ql70\"><b>El 14 de abril de 1931, el rey Alfonso XIII part\u00eda hacia el exilio y se proclamaba la II Rep\u00fablica en Espa\u00f1a. Con ello se inauguraba un nuevo cap\u00edtulo en la historia del pa\u00eds europeo y tambi\u00e9n en la relaci\u00f3n de este con Am\u00e9rica Latina.<\/b><\/p>\n<\/div>\n<div dir=\"ltr\" class=\"bbc-19j92fr e57qer20\" readability=\"13\">\n<p dir=\"ltr\" class=\"bbc-bm53ic e1cc2ql70\">La II Rep\u00fablica tuvo en M\u00e9xico a <b>uno de sus mayores aliados<\/b>, desde su proclamaci\u00f3n, durante la Guerra Civil (1936-1939) desencadenada como consecuencia del golpe de Estado del general Francisco Franco, e incluso despu\u00e9s de la victoria del bando sublevado que impuso un r\u00e9gimen militar que durar\u00eda 40 a\u00f1os. <\/p>\n<\/div>\n<div dir=\"ltr\" class=\"bbc-19j92fr e57qer20\" readability=\"9\">\n<p dir=\"ltr\" class=\"bbc-bm53ic e1cc2ql70\">De hecho, el pa\u00eds norteamericano fue uno de los principales receptores de exiliados republicanos tras la contienda.<\/p>\n<\/div>\n<div dir=\"ltr\" class=\"bbc-19j92fr e57qer20\" readability=\"8\">\n<p dir=\"ltr\" class=\"bbc-bm53ic e1cc2ql70\">Pero en la regi\u00f3n no todos los pa\u00edses tuvieron el mismo grado de relaci\u00f3n con la Rep\u00fablica espa\u00f1ola. <\/p>\n<\/div>\n<p><h2 id=\"Un-recibimiento-desigual\" tabindex=\"-1\" class=\"bbc-l3e97o e14hemmw0\">Un recibimiento desigual<\/h2>\n<\/p>\n<div dir=\"ltr\" class=\"bbc-19j92fr e57qer20\" readability=\"13\">\n<p dir=\"ltr\" class=\"bbc-bm53ic e1cc2ql70\">Para la historiadora Clara Lida, la relaci\u00f3n de Am\u00e9rica Latina con la II Rep\u00fablica depende de tres factores: el pa\u00eds del que se trate, la ciudadan\u00eda de ese pa\u00eds y, en tercer lugar, las colectividades espa\u00f1olas en cada pa\u00eds.<\/p>\n<\/div>\n<div dir=\"ltr\" class=\"bbc-19j92fr e57qer20\" readability=\"11\">\n<p dir=\"ltr\" class=\"bbc-bm53ic e1cc2ql70\">Lida, quien naci\u00f3 en Buenos Aires y es investigadora en El Colegio de M\u00e9xico (Colmex), donde dirige la C\u00e1tedra M\u00e9xico-Espa\u00f1a, da dos ejemplos opuestos.<\/p>\n<\/div>\n<div dir=\"ltr\" class=\"bbc-19j92fr e57qer20\" readability=\"13\">\n<p dir=\"ltr\" class=\"bbc-bm53ic e1cc2ql70\">&#8220;En el caso de M\u00e9xico, la Rep\u00fablica es muy bienvenida, y muy bien recibida por el gobierno del momento, <b>un <\/b><b>gobierno posterior a la Revoluci\u00f3n de 1910<\/b>, y por la ciudadan\u00eda en general&#8221;, explica.<\/p>\n<\/div>\n<div dir=\"ltr\" class=\"bbc-19j92fr e57qer20\" readability=\"11\">\n<p dir=\"ltr\" class=\"bbc-bm53ic e1cc2ql70\">&#8220;Son pa\u00edses republicanos los dos, y la idea de que haya una rep\u00fablica en Espa\u00f1a es algo muy cercano al mundo latinoamericano para empezar, y al mexicano especialmente&#8221;, prosigue.<\/p>\n<\/div>\n<div dir=\"ltr\" class=\"bbc-19j92fr e57qer20\" readability=\"13\">\n<p dir=\"ltr\" class=\"bbc-bm53ic e1cc2ql70\">Sin embargo, puntualiza, &#8220;la colectividad espa\u00f1ola en M\u00e9xico, m\u00e1s bien acomodada, m\u00e1s tradicional y m\u00e1s cercana a la monarqu\u00eda, no fue tan partidaria de la Rep\u00fablica&#8221;. <\/p>\n<\/div>\n<div dir=\"ltr\" class=\"bbc-19j92fr e57qer20\" readability=\"11\">\n<p dir=\"ltr\" class=\"bbc-bm53ic e1cc2ql70\">En cambio, <b>en Argentina hab\u00eda un gobierno surgido de un golpe militar<\/b> (1930), y este &#8220;no recibi\u00f3 con mucha simpat\u00eda a la Rep\u00fablica&#8221;, dice Lida.<\/p>\n<\/div>\n<div dir=\"ltr\" class=\"bbc-1ka88fa e57qer20\">\n<figure class=\"bbc-1qdcvv9 e6bmn90\">\n<div dir=\"ltr\" class=\"bbc-172p16q e57qer20\">\n<div dir=\"ltr\" class=\"bbc-189y18v e57qer20\" readability=\"6.5\">\n<div data-e2e=\"image-placeholder\" class=\"bbc-1k5hvrj e1whu0\" readability=\"8\"><noscript><img srcset=\"http:\/\/cordobadirecto.com\/wp-content\/uploads\/2021\/04\/como-mexico-influyo-en-la-ii-republica-espanola-hace-90-anos-y-cual-fue-su-legado-en-america-latina-12.jpg 240w, http:\/\/cordobadirecto.com\/wp-content\/uploads\/2021\/04\/como-mexico-influyo-en-la-ii-republica-espanola-hace-90-anos-y-cual-fue-su-legado-en-america-latina-13.jpg 320w, http:\/\/cordobadirecto.com\/wp-content\/uploads\/2021\/04\/como-mexico-influyo-en-la-ii-republica-espanola-hace-90-anos-y-cual-fue-su-legado-en-america-latina-14.jpg 480w, http:\/\/cordobadirecto.com\/wp-content\/uploads\/2021\/04\/como-mexico-influyo-en-la-ii-republica-espanola-hace-90-anos-y-cual-fue-su-legado-en-america-latina-15.jpg 624w, http:\/\/cordobadirecto.com\/wp-content\/uploads\/2021\/04\/como-mexico-influyo-en-la-ii-republica-espanola-hace-90-anos-y-cual-fue-su-legado-en-america-latina-16.jpg 800w\" alt=\"Pintadas de viva la rep\u00fablica.\" src=\"http:\/\/cordobadirecto.com\/wp-content\/uploads\/2021\/04\/como-mexico-influyo-en-la-ii-republica-espanola-hace-90-anos-y-cual-fue-su-legado-en-america-latina-1.jpg\" width=\"976\" class=\"bbc-fat2bc e1enwo3v0\"><\/noscript><\/p>\n<p role=\"text\" class=\"bbc-1s1cxbv etq3yw90\"><span class=\"bbc-1gnhmg2 e1yt7oin0\">Fuente de la imagen, <\/span><span lang=\"en-GB\">Getty Images<\/span><\/p>\n<\/div>\n<\/div>\n<div dir=\"ltr\" class=\"bbc-3edg7g e57qer20\" readability=\"6\"><figcaption dir=\"ltr\" class=\"bbc-1t9zlwf eede9f50\" readability=\"2\"><span class=\"bbc-1gnhmg2 e1yt7oin0\">Pie de foto, <\/span><\/p>\n<p>El recibimiento de la II Rep\u00fablica no fue igual en toda Am\u00e9rica Latina.<\/p>\n<\/figcaption><\/div>\n<\/div>\n<\/figure>\n<\/div>\n<div dir=\"ltr\" class=\"bbc-19j92fr e57qer20\" readability=\"12\">\n<p dir=\"ltr\" class=\"bbc-bm53ic e1cc2ql70\">Aunque en este caso, &#8220;la poblaci\u00f3n en general fue muy receptiva y gran parte de la colonia espa\u00f1ola en Argentina, una gran inmigraci\u00f3n espa\u00f1ola muy vinculada con el mundo del trabajo, recibi\u00f3 con mucho entusiasmo a la Rep\u00fablica&#8221;.<\/p>\n<\/div>\n<p><h2 id=\"Influencia-del-republicanismo-americano\" tabindex=\"-1\" class=\"bbc-l3e97o e14hemmw0\">Influencia del republicanismo americano<\/h2>\n<\/p>\n<div dir=\"ltr\" class=\"bbc-19j92fr e57qer20\" readability=\"10\">\n<p dir=\"ltr\" class=\"bbc-bm53ic e1cc2ql70\">Un aspecto menos conocido de la relaci\u00f3n de Am\u00e9rica Latina en general, y de M\u00e9xico en particular, con la II Rep\u00fablica es la influencia que tuvo en la nueva Constituci\u00f3n republicana espa\u00f1ola. <\/p>\n<\/div>\n<div dir=\"ltr\" class=\"bbc-19j92fr e57qer20\" readability=\"10\">\n<p dir=\"ltr\" class=\"bbc-bm53ic e1cc2ql70\">&#8220;Quienes participaron en la conformaci\u00f3n de la Constituci\u00f3n espa\u00f1ola <b>tuvieron muy presente el constitucionalismo mexicano y muchas de sus ideas se aplicaron tambi\u00e9n a Espa\u00f1a<\/b>&#8220;, explica la historiadora Lida.<\/p>\n<\/div>\n<div dir=\"ltr\" class=\"bbc-19j92fr e57qer20\" readability=\"14\">\n<p dir=\"ltr\" class=\"bbc-bm53ic e1cc2ql70\">Eso se debe a que, salvo el ef\u00edmero antecedente de la I Rep\u00fablica (1873-1874), en Espa\u00f1a no hab\u00eda antecedentes republicanos, &#8220;de modo que mirar hacia las rep\u00fablicas americanas y hacia el constitucionalismo americano ten\u00eda cierta l\u00f3gica, aunque tambi\u00e9n hubo influencia de larep\u00fablica alemana de Weimar&#8221;.<\/p>\n<\/div>\n<div dir=\"ltr\" class=\"bbc-19j92fr e57qer20\" readability=\"11\">\n<p dir=\"ltr\" class=\"bbc-bm53ic e1cc2ql70\">&#8220;En el caso del M\u00e9xico del siglo XX, surgido de una revoluci\u00f3n temprana con una Constituci\u00f3n que en 1917 era muy avanzada y muy progresista, esa Constituci\u00f3n influy\u00f3 muy directamente en la Constituci\u00f3n republicana de 1931&#8221;. <\/p>\n<\/div>\n<div dir=\"ltr\" class=\"bbc-19j92fr e57qer20\" readability=\"11\">\n<p dir=\"ltr\" class=\"bbc-bm53ic e1cc2ql70\">En la Constituci\u00f3n de M\u00e9xico se establec\u00eda una <b>divisi\u00f3n clara entre la Iglesia y el Estado<\/b>, una clara inclinaci\u00f3n y vocaci\u00f3n por la educaci\u00f3n laica y gratuita, una defensa de la nacionalizaci\u00f3n de las riquezas del subsuelo y ten\u00eda tambi\u00e9n un art\u00edculo en favor de la reforma agraria.<\/p>\n<\/div>\n<div dir=\"ltr\" class=\"bbc-19j92fr e57qer20\" readability=\"9\">\n<p dir=\"ltr\" class=\"bbc-bm53ic e1cc2ql70\">&#8220;Hab\u00eda muchos art\u00edculos que la II Rep\u00fablica mir\u00f3 no solo con simpat\u00eda, sino que algunos los ajust\u00f3 a su propia Constituci\u00f3n&#8221;.<\/p>\n<\/div>\n<div dir=\"ltr\" class=\"ek1plzs1 bbc-9m7iam e57qer20\">\n<figure class=\"bbc-1qdcvv9 e6bmn90\">\n<div dir=\"ltr\" class=\"bbc-vx18wi e57qer20\">\n<div dir=\"ltr\" class=\"bbc-rprdln e57qer20\" readability=\"6.5\">\n<div data-e2e=\"image-placeholder\" class=\"bbc-aj5qqa e1whu0\" readability=\"8\"><noscript><img srcset=\"http:\/\/cordobadirecto.com\/wp-content\/uploads\/2021\/04\/como-mexico-influyo-en-la-ii-republica-espanola-hace-90-anos-y-cual-fue-su-legado-en-america-latina-17.jpg 240w, http:\/\/cordobadirecto.com\/wp-content\/uploads\/2021\/04\/como-mexico-influyo-en-la-ii-republica-espanola-hace-90-anos-y-cual-fue-su-legado-en-america-latina-18.jpg 320w, http:\/\/cordobadirecto.com\/wp-content\/uploads\/2021\/04\/como-mexico-influyo-en-la-ii-republica-espanola-hace-90-anos-y-cual-fue-su-legado-en-america-latina-19.jpg 480w, http:\/\/cordobadirecto.com\/wp-content\/uploads\/2021\/04\/como-mexico-influyo-en-la-ii-republica-espanola-hace-90-anos-y-cual-fue-su-legado-en-america-latina-20.jpg 624w, http:\/\/cordobadirecto.com\/wp-content\/uploads\/2021\/04\/como-mexico-influyo-en-la-ii-republica-espanola-hace-90-anos-y-cual-fue-su-legado-en-america-latina-21.jpg 800w\" alt=\"Poster conmemorativo de la II Rep\u00fablica.\" src=\"http:\/\/cordobadirecto.com\/wp-content\/uploads\/2021\/04\/como-mexico-influyo-en-la-ii-republica-espanola-hace-90-anos-y-cual-fue-su-legado-en-america-latina-2.jpg\" width=\"841\" class=\"bbc-fat2bc e1enwo3v0\"><\/noscript><\/p>\n<p role=\"text\" class=\"bbc-1s1cxbv etq3yw90\"><span class=\"bbc-1gnhmg2 e1yt7oin0\">Fuente de la imagen, <\/span><span lang=\"en-GB\">Universal History Archive<\/span><\/p>\n<\/div>\n<\/div>\n<div dir=\"ltr\" class=\"bbc-3edg7g e57qer20\" readability=\"7\"><figcaption dir=\"ltr\" class=\"bbc-1t9zlwf eede9f50\" readability=\"4\"><span class=\"bbc-1gnhmg2 e1yt7oin0\">Pie de foto, <\/span><\/p>\n<p>En la Constituci\u00f3n republicana hay influencias de la Rep\u00fablica de Weimar, pero tambi\u00e9n mexicanas.<\/p>\n<\/figcaption><\/div>\n<\/div>\n<\/figure>\n<\/div>\n<div dir=\"ltr\" class=\"bbc-19j92fr e57qer20\" readability=\"8.8163265306122\">\n<p dir=\"ltr\" class=\"bbc-bm53ic e1cc2ql70\">En la<a href=\"https:\/\/www.congreso.es\/web\/guest\/cem\/const1931\" aria-label=\" p\u00e1gina del Congreso espa\u00f1ol, externo\" class=\"bbc-n8oauk e1cs6q200\"> p\u00e1gina del Congreso espa\u00f1ol<\/a> se reconoce la influencia de la Constituci\u00f3n mexicana en la espa\u00f1ola de 1931, en la que &#8220;ya constitucionaliza los llamados derechos fundamentales de la tercera generaci\u00f3n o derechos sociales y econ\u00f3micos&#8221;. <\/p>\n<\/div>\n<div dir=\"ltr\" class=\"bbc-19j92fr e57qer20\" readability=\"7\">\n<p dir=\"ltr\" class=\"bbc-bm53ic e1cc2ql70\">Y las <b>reformas agraria y educativa <\/b>ser\u00edan una de las prioridades del gobierno republicano.<\/p>\n<\/div>\n<div dir=\"ltr\" class=\"bbc-19j92fr e57qer20\" readability=\"14\">\n<p dir=\"ltr\" class=\"bbc-bm53ic e1cc2ql70\">As\u00ed, por ejemplo, el <b>laicismo <\/b>es uno de los principios pol\u00edticos que inspiran la Constituci\u00f3n republicana, que tambi\u00e9n establece que &#8220;la riqueza est\u00e1 subordinada a los intereses de la econom\u00eda nacional, constitucionalizando el Estado interventor y social que pod\u00eda expropiar en base a un supremo inter\u00e9s social&#8221;. <\/p>\n<\/div>\n<p><h2 id=\"En-defensa-de-la-Rep\u00fablica\" tabindex=\"-1\" class=\"bbc-l3e97o e14hemmw0\">En defensa de la Rep\u00fablica<\/h2>\n<\/p>\n<div dir=\"ltr\" class=\"bbc-19j92fr e57qer20\" readability=\"9\">\n<p dir=\"ltr\" class=\"bbc-bm53ic e1cc2ql70\">Con la sublevaci\u00f3n militar de julio de 1936 y la posterior Guerra Civil, de nuevo las posiciones en Am\u00e9rica Latina variaron mucho. <\/p>\n<\/div>\n<div dir=\"ltr\" class=\"bbc-19j92fr e57qer20\" readability=\"11\">\n<p dir=\"ltr\" class=\"bbc-bm53ic e1cc2ql70\">M\u00e9xico hizo una ac\u00e9rrima defensa del gobierno de la Rep\u00fablica, mientras que otros pa\u00edses de la regi\u00f3n, como Argentina o Brasil, se colocaron r\u00e1pidamente al lado de los sublevados.<\/p>\n<\/div>\n<div dir=\"ltr\" class=\"bbc-19j92fr e57qer20\" readability=\"14\">\n<p dir=\"ltr\" class=\"bbc-bm53ic e1cc2ql70\">&#8220;M\u00e9xico tuvo una actitud muy clara y sencilla con el gobierno republicano en 1936: defender a la Rep\u00fablica porque era un Estado constituido democr\u00e1ticamente&#8221;, le dijo a BBC Mundo Alberto Enr\u00edquez, profesor de la Facultad de Ciencias Pol\u00edticas y Sociales de la Universidad Nacional Aut\u00f3noma de M\u00e9xico, para otro reportaje sobre la figura de Manuel Aza\u00f1a, el \u00faltimo presidente de la Rep\u00fablica espa\u00f1ola.<\/p>\n<\/div>\n<div dir=\"ltr\" class=\"bbc-19j92fr e57qer20\" readability=\"12\">\n<p dir=\"ltr\" class=\"bbc-bm53ic e1cc2ql70\">Al estallar el conflicto en 1936, las democracias occidentales optaron en la Sociedad de Naciones (precursora de la ONU) por el Pacto de No Intervenci\u00f3n, lo que en la pr\u00e1ctica significaba dar la espalda a la Rep\u00fablica, algo a lo que M\u00e9xico se neg\u00f3.<\/p>\n<\/div>\n<div dir=\"ltr\" class=\"bbc-19j92fr e57qer20\" readability=\"13\">\n<p dir=\"ltr\" class=\"bbc-bm53ic e1cc2ql70\">&#8220;M\u00e9xico se manifiesta en favor de la Rep\u00fablica en todos los foros internacionales en los cuales participaba, desde la Sociedad de Naciones a otros en Am\u00e9rica Latina, (donde) tambi\u00e9n fue un defensor ac\u00e9rrimo de los gobiernos leg\u00edtimamente constituidos y (se posicion\u00f3) en contra de los golpes militares&#8221;, dice tambi\u00e9n Lida.<\/p>\n<\/div>\n<div dir=\"ltr\" class=\"bbc-1ka88fa e57qer20\">\n<figure class=\"bbc-1qdcvv9 e6bmn90\">\n<div dir=\"ltr\" class=\"bbc-172p16q e57qer20\">\n<div dir=\"ltr\" class=\"bbc-189y18v e57qer20\" readability=\"6.5\">\n<div data-e2e=\"image-placeholder\" class=\"bbc-153awg4 e1whu0\" readability=\"8\"><noscript><img srcset=\"http:\/\/cordobadirecto.com\/wp-content\/uploads\/2021\/04\/como-mexico-influyo-en-la-ii-republica-espanola-hace-90-anos-y-cual-fue-su-legado-en-america-latina-22.jpg 240w, http:\/\/cordobadirecto.com\/wp-content\/uploads\/2021\/04\/como-mexico-influyo-en-la-ii-republica-espanola-hace-90-anos-y-cual-fue-su-legado-en-america-latina-23.jpg 320w, http:\/\/cordobadirecto.com\/wp-content\/uploads\/2021\/04\/como-mexico-influyo-en-la-ii-republica-espanola-hace-90-anos-y-cual-fue-su-legado-en-america-latina-24.jpg 480w, http:\/\/cordobadirecto.com\/wp-content\/uploads\/2021\/04\/como-mexico-influyo-en-la-ii-republica-espanola-hace-90-anos-y-cual-fue-su-legado-en-america-latina-25.jpg 624w, http:\/\/cordobadirecto.com\/wp-content\/uploads\/2021\/04\/como-mexico-influyo-en-la-ii-republica-espanola-hace-90-anos-y-cual-fue-su-legado-en-america-latina-26.jpg 800w\" alt=\"El presidente L\u00e1zaro C\u00e1rdenas con hijos de republicanos que fueron enviados para que no sufrieran la brutalidad de la guerra.\" src=\"http:\/\/cordobadirecto.com\/wp-content\/uploads\/2021\/04\/como-mexico-influyo-en-la-ii-republica-espanola-hace-90-anos-y-cual-fue-su-legado-en-america-latina-3.jpg\" width=\"976\" class=\"bbc-fat2bc e1enwo3v0\"><\/noscript><\/p>\n<p role=\"text\" class=\"bbc-1s1cxbv etq3yw90\"><span class=\"bbc-1gnhmg2 e1yt7oin0\">Fuente de la imagen, <\/span><span lang=\"en-GB\">Cortes\u00eda del Ateneo Espa\u00f1ol de M\u00e9xico.<\/span><\/p>\n<\/div>\n<\/div>\n<div dir=\"ltr\" class=\"bbc-3edg7g e57qer20\" readability=\"6.5\"><figcaption dir=\"ltr\" class=\"bbc-1t9zlwf eede9f50\" readability=\"3\"><span class=\"bbc-1gnhmg2 e1yt7oin0\">Pie de foto, <\/span><\/p>\n<p>El presidente L\u00e1zaro C\u00e1rdenas con hijos de republicanos que fueron enviados para que no sufrieran la brutalidad de la guerra.<\/p>\n<\/figcaption><\/div>\n<\/div>\n<\/figure>\n<\/div>\n<div dir=\"ltr\" class=\"bbc-19j92fr e57qer20\" readability=\"8\">\n<p dir=\"ltr\" class=\"bbc-bm53ic e1cc2ql70\">Ese apoyo que comenz\u00f3 <b>en t\u00e9rminos diplom\u00e1ticos<\/b>, tambi\u00e9n se dio <b>en t\u00e9rminos materiales<\/b><b>.<\/b><\/p>\n<\/div>\n<div dir=\"ltr\" class=\"bbc-19j92fr e57qer20\" readability=\"12\">\n<p dir=\"ltr\" class=\"bbc-bm53ic e1cc2ql70\">&#8220;Dentro de las limitadas posibilidades de un M\u00e9xico que no ten\u00eda grandes recursos&#8221;, el pa\u00eds envi\u00f3 alimentos, medicamentos y las pocas armas que ten\u00eda al bando republicano, explica la historiadora.<\/p>\n<\/div>\n<div dir=\"ltr\" class=\"bbc-19j92fr e57qer20\" readability=\"13\">\n<p dir=\"ltr\" class=\"bbc-bm53ic e1cc2ql70\">Como an\u00e9cdota del apoyo del gobierno de M\u00e9xico a la Rep\u00fablica, durante la conmemoraci\u00f3n de la Independencia en el Z\u00f3calo en 1936, el entonces presidente L\u00e1zaro C\u00e1rdenas, durante el tradicional grito que normalmente es &#8220;\u00a1Viva M\u00e9xico!&#8221;, agreg\u00f3 un &#8220;\u00a1Viva la Rep\u00fablica Espa\u00f1ola!&#8221;.<\/p>\n<\/div>\n<div dir=\"ltr\" class=\"bbc-19j92fr e57qer20\" readability=\"10\">\n<p dir=\"ltr\" class=\"bbc-bm53ic e1cc2ql70\">M\u00e9xico, adem\u00e1s, fue el \u00fanico pa\u00eds de la regi\u00f3n que nunca lleg\u00f3 a reconocer la legitimidad del gobierno de Franco. <\/p>\n<\/div>\n<p><h2 id=\"El-legado-de-la-Rep\u00fablica-en-M\u00e9xico\" tabindex=\"-1\" class=\"bbc-l3e97o e14hemmw0\">El legado de la Rep\u00fablica en M\u00e9xico<\/h2>\n<\/p>\n<div dir=\"ltr\" class=\"bbc-19j92fr e57qer20\" readability=\"8\">\n<p dir=\"ltr\" class=\"bbc-bm53ic e1cc2ql70\">Una de las principales consecuencias para Am\u00e9rica Latina de la victoria de los sublevados en la Guerra Civil fue la llegada de exiliados republicanos. <\/p>\n<\/div>\n<div dir=\"ltr\" class=\"bbc-19j92fr e57qer20\" readability=\"13\">\n<p dir=\"ltr\" class=\"bbc-bm53ic e1cc2ql70\"><b>M\u00e9xico, con 20.000,<\/b><b>fue el pa\u00eds de la regi\u00f3n que m\u00e1s refugiados republicanos acogi\u00f3<\/b>. <b>Chile, Cuba, Venezuela, Colombia y Argentina recibieron cerca de 2.000 cada uno<\/b>.<\/p>\n<\/div>\n<div dir=\"ltr\" class=\"bbc-19j92fr e57qer20\" readability=\"10\">\n<p dir=\"ltr\" class=\"bbc-bm53ic e1cc2ql70\">Los exiliados llegaron a otros pa\u00edses, sobre todo a Francia, pero tambi\u00e9n a la Uni\u00f3n Sovi\u00e9tica y a Reino Unido.<\/p>\n<\/div>\n<div dir=\"ltr\" class=\"bbc-19j92fr e57qer20\" readability=\"7\">\n<p dir=\"ltr\" class=\"bbc-bm53ic e1cc2ql70\">Pero M\u00e9xico dio una especial protecci\u00f3n a los refugiados espa\u00f1oles.<\/p>\n<\/div>\n<div dir=\"ltr\" class=\"bbc-19j92fr e57qer20\" readability=\"12\">\n<p dir=\"ltr\" class=\"bbc-bm53ic e1cc2ql70\">De hecho, el embajador mexicano en Francia, Luis I. Rodr\u00edguez, fue el encargado de proteger a <b>Manuel Aza\u00f1a<\/b>, quien hab\u00eda cruzado la frontera francesa a pie en 1939. <\/p>\n<\/div>\n<div dir=\"ltr\" class=\"ek1plzs1 bbc-9m7iam e57qer20\">\n<figure class=\"bbc-1qdcvv9 e6bmn90\">\n<div dir=\"ltr\" class=\"bbc-vx18wi e57qer20\">\n<div dir=\"ltr\" class=\"bbc-rprdln e57qer20\" readability=\"6.5\">\n<div data-e2e=\"image-placeholder\" class=\"bbc-1y33jvz e1whu0\" readability=\"8\"><noscript><img srcset=\"http:\/\/cordobadirecto.com\/wp-content\/uploads\/2021\/04\/como-mexico-influyo-en-la-ii-republica-espanola-hace-90-anos-y-cual-fue-su-legado-en-america-latina-27.jpg 240w, http:\/\/cordobadirecto.com\/wp-content\/uploads\/2021\/04\/como-mexico-influyo-en-la-ii-republica-espanola-hace-90-anos-y-cual-fue-su-legado-en-america-latina-28.jpg 320w, http:\/\/cordobadirecto.com\/wp-content\/uploads\/2021\/04\/como-mexico-influyo-en-la-ii-republica-espanola-hace-90-anos-y-cual-fue-su-legado-en-america-latina-29.jpg 480w, http:\/\/cordobadirecto.com\/wp-content\/uploads\/2021\/04\/como-mexico-influyo-en-la-ii-republica-espanola-hace-90-anos-y-cual-fue-su-legado-en-america-latina-30.jpg 624w, http:\/\/cordobadirecto.com\/wp-content\/uploads\/2021\/04\/como-mexico-influyo-en-la-ii-republica-espanola-hace-90-anos-y-cual-fue-su-legado-en-america-latina-31.jpg 789w\" alt=\"Manuel Aza\u00f1a\" src=\"http:\/\/cordobadirecto.com\/wp-content\/uploads\/2021\/04\/como-mexico-influyo-en-la-ii-republica-espanola-hace-90-anos-y-cual-fue-su-legado-en-america-latina-4.jpg\" width=\"789\" class=\"bbc-fat2bc e1enwo3v0\"><\/noscript><\/p>\n<p role=\"text\" class=\"bbc-1s1cxbv etq3yw90\"><span class=\"bbc-1gnhmg2 e1yt7oin0\">Fuente de la imagen, <\/span><span lang=\"en-GB\">Universal History Archive<\/span><\/p>\n<\/div>\n<\/div>\n<div dir=\"ltr\" class=\"bbc-3edg7g e57qer20\" readability=\"6.5\"><figcaption dir=\"ltr\" class=\"bbc-1t9zlwf eede9f50\" readability=\"3\"><span class=\"bbc-1gnhmg2 e1yt7oin0\">Pie de foto, <\/span><\/p>\n<p>Manuel Aza\u00f1a, \u00faltimo presidente de la Rep\u00fablica espa\u00f1ola.<\/p>\n<\/figcaption><\/div>\n<\/div>\n<\/figure>\n<\/div>\n<div dir=\"ltr\" class=\"bbc-19j92fr e57qer20\" readability=\"9\">\n<p dir=\"ltr\" class=\"bbc-bm53ic e1cc2ql70\">El \u00faltimo presidente de la Rep\u00fablica espa\u00f1ola muri\u00f3 por sus problemas de salud el 3 de noviembre de 1940 en una habitaci\u00f3n del Hotel du Midi de la ciudad de Montauban, en el suroeste de Francia.<\/p>\n<\/div>\n<div dir=\"ltr\" class=\"bbc-19j92fr e57qer20\" readability=\"9\">\n<p dir=\"ltr\" class=\"bbc-bm53ic e1cc2ql70\">El cuarto, al haber sido alquilado por la embajada mexicana, era considerado territorio mexicano. <\/p>\n<\/div>\n<div dir=\"ltr\" class=\"bbc-19j92fr e57qer20\" readability=\"8\">\n<p dir=\"ltr\" class=\"bbc-bm53ic e1cc2ql70\">Y durante su funeral, su f\u00e9retro fue cubierto por la bandera mexicana.<\/p>\n<\/div>\n<div dir=\"ltr\" class=\"bbc-19j92fr e57qer20\" readability=\"16\">\n<p dir=\"ltr\" class=\"bbc-bm53ic e1cc2ql70\">&#8220;Lo cubrir\u00e1 con orgullo la bandera de M\u00e9xico. Para nosotros ser\u00e1 un privilegio, para los republicanos, una esperanza y para ustedes, una dolorosa lecci\u00f3n&#8221;, le contest\u00f3 el embajador Rodr\u00edguez al prefecto de Montauban, seg\u00fan relata en sus diarios de la \u00e9poca, editados por el Colegio de M\u00e9xico en 2000.<\/p>\n<\/div>\n<div dir=\"ltr\" class=\"bbc-19j92fr e57qer20\" readability=\"8\">\n<p dir=\"ltr\" class=\"bbc-bm53ic e1cc2ql70\">Desde Francia tambi\u00e9n partir\u00edan algunos barcos de vapor rumbo a M\u00e9xico con miles de refugiados espa\u00f1oles a bordo.<\/p>\n<\/div>\n<div dir=\"ltr\" class=\"bbc-19j92fr e57qer20\" readability=\"9\">\n<p dir=\"ltr\" class=\"bbc-bm53ic e1cc2ql70\">&#8220;M\u00e9xico hizo un gran esfuerzo por apoyar a los republicanos desplazados y amenazados por el golpe militar&#8221;, explica Lida. &#8220;Se gener\u00f3 una clara pol\u00edtica de apertura al exilio espa\u00f1ol&#8221;.<\/p>\n<\/div>\n<div dir=\"ltr\" class=\"bbc-19j92fr e57qer20\" readability=\"9\">\n<p dir=\"ltr\" class=\"bbc-bm53ic e1cc2ql70\">En <b>Argentina<\/b> no hubo ese apoyo oficial como en M\u00e9xico, aunque tambi\u00e9n lleg\u00f3 un <b>exilio acad\u00e9mico intelectual <\/b>que en los primeros a\u00f1os se fue insertando tambi\u00e9n en las universidades argentinas.<\/p>\n<\/div>\n<div dir=\"ltr\" class=\"bbc-19j92fr e57qer20\" readability=\"9\">\n<p dir=\"ltr\" class=\"bbc-bm53ic e1cc2ql70\">Pero en el caso de M\u00e9xico, el pa\u00eds hab\u00eda salido de una revoluci\u00f3n y eso significaba que se estaba reconstruyendo poco a poco en muchos niveles. <\/p>\n<\/div>\n<div dir=\"ltr\" class=\"bbc-19j92fr e57qer20\" readability=\"9\">\n<p dir=\"ltr\" class=\"bbc-bm53ic e1cc2ql70\">Uno de los niveles era el acad\u00e9mico y educativo, y en ese sentido el pa\u00eds norteamericano<b> se benefici\u00f3 con la llegada de intelectuales espa\u00f1oles<\/b>.<\/p>\n<\/div>\n<div dir=\"ltr\" class=\"bbc-1ka88fa e57qer20\">\n<figure class=\"bbc-1qdcvv9 e6bmn90\">\n<div dir=\"ltr\" class=\"bbc-172p16q e57qer20\">\n<div dir=\"ltr\" class=\"bbc-189y18v e57qer20\" readability=\"6.5\">\n<div data-e2e=\"image-placeholder\" class=\"bbc-153awg4 e1whu0\" readability=\"8\"><noscript><img srcset=\"http:\/\/cordobadirecto.com\/wp-content\/uploads\/2021\/04\/como-mexico-influyo-en-la-ii-republica-espanola-hace-90-anos-y-cual-fue-su-legado-en-america-latina-32.jpg 240w, http:\/\/cordobadirecto.com\/wp-content\/uploads\/2021\/04\/como-mexico-influyo-en-la-ii-republica-espanola-hace-90-anos-y-cual-fue-su-legado-en-america-latina-33.jpg 320w, http:\/\/cordobadirecto.com\/wp-content\/uploads\/2021\/04\/como-mexico-influyo-en-la-ii-republica-espanola-hace-90-anos-y-cual-fue-su-legado-en-america-latina-34.jpg 480w, http:\/\/cordobadirecto.com\/wp-content\/uploads\/2021\/04\/como-mexico-influyo-en-la-ii-republica-espanola-hace-90-anos-y-cual-fue-su-legado-en-america-latina-35.jpg 624w, http:\/\/cordobadirecto.com\/wp-content\/uploads\/2021\/04\/como-mexico-influyo-en-la-ii-republica-espanola-hace-90-anos-y-cual-fue-su-legado-en-america-latina-36.jpg 800w\" alt=\"Barco Mexique.\" src=\"http:\/\/cordobadirecto.com\/wp-content\/uploads\/2021\/04\/como-mexico-influyo-en-la-ii-republica-espanola-hace-90-anos-y-cual-fue-su-legado-en-america-latina-5.jpg\" width=\"976\" class=\"bbc-fat2bc e1enwo3v0\"><\/noscript><\/p>\n<p role=\"text\" class=\"bbc-1s1cxbv etq3yw90\"><span class=\"bbc-1gnhmg2 e1yt7oin0\">Fuente de la imagen, <\/span><span lang=\"en-GB\">Cortes\u00eda Ateneo Espa\u00f1ol de M\u00e9xico<\/span><\/p>\n<\/div>\n<\/div>\n<div dir=\"ltr\" class=\"bbc-3edg7g e57qer20\" readability=\"6\"><figcaption dir=\"ltr\" class=\"bbc-1t9zlwf eede9f50\" readability=\"2\"><span class=\"bbc-1gnhmg2 e1yt7oin0\">Pie de foto, <\/span><\/p>\n<p>El barco de vapor Mexique fue uno de los que llev\u00f3 refugiados espa\u00f1oles a M\u00e9xico en 1937.<\/p>\n<\/figcaption><\/div>\n<\/div>\n<\/figure>\n<\/div>\n<div dir=\"ltr\" class=\"bbc-19j92fr e57qer20\" readability=\"10\">\n<p dir=\"ltr\" class=\"bbc-bm53ic e1cc2ql70\">Las universidades mexicanas, como el Instituto Polit\u00e9cnico Nacional y la Universidad Nacional Aut\u00f3noma de M\u00e9xico (UNAM), se nutrieron con esos intelectuales.<\/p>\n<\/div>\n<div dir=\"ltr\" class=\"bbc-19j92fr e57qer20\" readability=\"13\">\n<p dir=\"ltr\" class=\"bbc-bm53ic e1cc2ql70\">&#8220;Hubo muchos intelectuales y artistas espa\u00f1oles exiliados que se pudieron insertar en el mundo laboral mexicano, acad\u00e9mico, universitario&#8230; y dejaron una huella de lo que sab\u00edan, de lo que tra\u00edan de bagaje intelectual y profesional&#8221;, dice Lida.<\/p>\n<\/div>\n<div dir=\"ltr\" class=\"bbc-19j92fr e57qer20\" readability=\"10\">\n<p dir=\"ltr\" class=\"bbc-bm53ic e1cc2ql70\">Algunos de ellos fundaron prestigiosas instituciones como la Casa de M\u00e9xico en Espa\u00f1a, que actualmente es <b>el Colegio de M\u00e9xico, y el Ateneo Espa\u00f1ol de M\u00e9xico<\/b>.<\/p>\n<\/div>\n<div dir=\"ltr\" class=\"bbc-19j92fr e57qer20\" readability=\"10\">\n<p dir=\"ltr\" class=\"bbc-bm53ic e1cc2ql70\">Los exiliados tambi\u00e9n fundaron escuelas, algunas de las cuales siguen funcionando, como los reconocidos Colegio Madrid y el Instituto Luis Vives.<\/p>\n<\/div>\n<div dir=\"ltr\" class=\"bbc-19j92fr e57qer20\" readability=\"9\">\n<p dir=\"ltr\" class=\"bbc-bm53ic e1cc2ql70\">Con todo ello, y de alguna forma, la Rep\u00fablica sigui\u00f3 viva en M\u00e9xico.<\/p>\n<\/div>\n<div dir=\"ltr\" class=\"bbc-1ka88fa e57qer20\">\n<figure class=\"bbc-1qdcvv9 e6bmn90\">\n<div dir=\"ltr\" class=\"bbc-172p16q e57qer20\">\n<div dir=\"ltr\" class=\"bbc-189y18v e57qer20\">\n<div data-e2e=\"image-placeholder\" class=\"bbc-367mqz e1whu0\"><noscript><img srcset=\"http:\/\/cordobadirecto.com\/wp-content\/uploads\/2021\/04\/como-mexico-influyo-en-la-ii-republica-espanola-hace-90-anos-y-cual-fue-su-legado-en-america-latina-37.jpg 240w, http:\/\/cordobadirecto.com\/wp-content\/uploads\/2021\/04\/como-mexico-influyo-en-la-ii-republica-espanola-hace-90-anos-y-cual-fue-su-legado-en-america-latina-38.jpg 320w, http:\/\/cordobadirecto.com\/wp-content\/uploads\/2021\/04\/como-mexico-influyo-en-la-ii-republica-espanola-hace-90-anos-y-cual-fue-su-legado-en-america-latina-39.jpg 464w\" alt=\"L\u00ednea\" src=\"http:\/\/cordobadirecto.com\/wp-content\/uploads\/2021\/04\/como-mexico-influyo-en-la-ii-republica-espanola-hace-90-anos-y-cual-fue-su-legado-en-america-latina-6.jpg\" width=\"464\" class=\"bbc-fat2bc e1enwo3v0\"><\/noscript><\/div>\n<\/div>\n<\/div>\n<\/figure>\n<\/div>\n<div dir=\"ltr\" class=\"bbc-19j92fr e57qer20\" readability=\"8\">\n<p dir=\"ltr\" class=\"bbc-bm53ic e1cc2ql70\"><i class=\"bbc-h1y5j7 ewc4zcb0\">Ahora puedes recibir notificaciones de BBC Mundo. Descarga la nueva versi\u00f3n de nuestra app y act\u00edvalas para no perderte nuestro mejor contenido.<\/i><\/p>\n<\/div>\n","protected":false},"excerpt":{"rendered":"<p>Mar Pichel BBC News Mundo 15 minutos Fuente de la imagen, Getty Images Pie de foto, Celebraciones en Madrid tras la proclamaci\u00f3n de la II Rep\u00fablica. El 14 de abril de 1931, el rey Alfonso XIII part\u00eda hacia el exilio y se proclamaba la II Rep\u00fablica en Espa\u00f1a. Con ello se inauguraba un nuevo cap\u00edtulo [&hellip;]<\/p>\n","protected":false},"author":1,"featured_media":4653,"comment_status":"closed","ping_status":"closed","sticky":false,"template":"","format":"standard","meta":[],"categories":[24],"tags":[],"_links":{"self":[{"href":"http:\/\/cordobadirecto.com\/index.php\/wp-json\/wp\/v2\/posts\/4652"}],"collection":[{"href":"http:\/\/cordobadirecto.com\/index.php\/wp-json\/wp\/v2\/posts"}],"about":[{"href":"http:\/\/cordobadirecto.com\/index.php\/wp-json\/wp\/v2\/types\/post"}],"author":[{"embeddable":true,"href":"http:\/\/cordobadirecto.com\/index.php\/wp-json\/wp\/v2\/users\/1"}],"replies":[{"embeddable":true,"href":"http:\/\/cordobadirecto.com\/index.php\/wp-json\/wp\/v2\/comments?post=4652"}],"version-history":[{"count":0,"href":"http:\/\/cordobadirecto.com\/index.php\/wp-json\/wp\/v2\/posts\/4652\/revisions"}],"wp:featuredmedia":[{"embeddable":true,"href":"http:\/\/cordobadirecto.com\/index.php\/wp-json\/wp\/v2\/media\/4653"}],"wp:attachment":[{"href":"http:\/\/cordobadirecto.com\/index.php\/wp-json\/wp\/v2\/media?parent=4652"}],"wp:term":[{"taxonomy":"category","embeddable":true,"href":"http:\/\/cordobadirecto.com\/index.php\/wp-json\/wp\/v2\/categories?post=4652"},{"taxonomy":"post_tag","embeddable":true,"href":"http:\/\/cordobadirecto.com\/index.php\/wp-json\/wp\/v2\/tags?post=4652"}],"curies":[{"name":"wp","href":"https:\/\/api.w.org\/{rel}","templated":true}]}}