{"id":4658,"date":"2021-04-14T04:36:35","date_gmt":"2021-04-14T04:36:35","guid":{"rendered":"https:\/\/lmdiario.com.ar\/contenido\/283245\/la-canasta-basica-familiar-en-cordoba-ya-asciende-a-61584-pesos"},"modified":"2021-04-14T04:36:35","modified_gmt":"2021-04-14T04:36:35","slug":"la-canasta-basica-familiar-en-cordoba-ya-asciende-a-61-584-pesos-al-mes","status":"publish","type":"post","link":"http:\/\/cordobadirecto.com\/index.php\/2021\/04\/14\/la-canasta-basica-familiar-en-cordoba-ya-asciende-a-61-584-pesos-al-mes\/","title":{"rendered":"La canasta b\u00e1sica familiar en C\u00f3rdoba ya asciende a 61.584 pesos al mes"},"content":{"rendered":"<div readability=\"32\"> <img alt=\"kiosco\" class=\"img-responsive\" data-alto-grande=\"1282\" data-ancho-grande=\"1920\" height=\"1282\" loading=\"lazy\" sizes=\"auto\" src=\"http:\/\/cordobadirecto.com\/wp-content\/uploads\/2021\/04\/la-canasta-basica-familiar-en-cordoba-ya-asciende-a-61-584-pesos-al-mes.jpg\" srcset=\"http:\/\/cordobadirecto.com\/wp-content\/uploads\/2021\/04\/la-canasta-basica-familiar-en-cordoba-ya-asciende-a-61-584-pesos-al-mes.jpg 1000w, http:\/\/cordobadirecto.com\/wp-content\/uploads\/2021\/04\/la-canasta-basica-familiar-en-cordoba-ya-asciende-a-61-584-pesos-al-mes-1.jpg 400w, http:\/\/cordobadirecto.com\/wp-content\/uploads\/2021\/04\/la-canasta-basica-familiar-en-cordoba-ya-asciende-a-61-584-pesos-al-mes-2.jpg 1920w\" width=\"1920\"> <\/p>\n<p> <span>El Centro de Almaceneros relev\u00f3 la suba de los alimentos en C\u00f3rdoba. Foto ilustrativa<\/span> <\/p>\n<\/p><\/div>\n<div readability=\"56.147239263804\">\n<p><strong>La suba del precio de los alimentos fue en C\u00f3rdoba del 12% en el primer trimestre,<\/strong> seg\u00fan datos del centro de Almaceneros, que estableci\u00f3 en<strong> 61.854 pesos<\/strong> lo que necesita gastar una familia para afrontar la canasta b\u00e1sica mensual.<\/p>\n<p>La entidad realiz\u00f3 un detallado informe, en el que da cuenta de los incrementos registrados de enero a marzo inclusive en el \u00e1mbito provincial. <strong>Carnes, fideos y aceites, por ejemplo, experimentan incrementos de hasta el 118 por ciento<\/strong>, medido de modo interanual.<\/p>\n<p>La inflaci\u00f3n mensual, en tanto, fue establecida en un 3,83%, y la interanual en un <strong>42,15%<\/strong>, siempre medido en la provincia de C\u00f3rdoba.<\/p>\n<p>En marzo, en tanto, una familia debi\u00f3 afrontar gastos en la canasta b\u00e1sica por unos 44.093 pesos, para no caer <strong>en la l\u00ednea de la indigencia.<\/strong><\/p>\n<p>A continuaci\u00f3n, el informe completo:<\/p>\n<p><span>Noticia relacionada:<\/span><\/p>\n<\/p><\/div>\n","protected":false},"excerpt":{"rendered":"<p>El Centro de Almaceneros relev\u00f3 la suba de los alimentos en C\u00f3rdoba. Foto ilustrativa La suba del precio de los alimentos fue en C\u00f3rdoba del 12% en el primer trimestre, seg\u00fan datos del centro de Almaceneros, que estableci\u00f3 en 61.854 pesos lo que necesita gastar una familia para afrontar la canasta b\u00e1sica mensual. La entidad [&hellip;]<\/p>\n","protected":false},"author":1,"featured_media":4659,"comment_status":"open","ping_status":"closed","sticky":false,"template":"","format":"standard","meta":[],"categories":[23,25],"tags":[],"_links":{"self":[{"href":"http:\/\/cordobadirecto.com\/index.php\/wp-json\/wp\/v2\/posts\/4658"}],"collection":[{"href":"http:\/\/cordobadirecto.com\/index.php\/wp-json\/wp\/v2\/posts"}],"about":[{"href":"http:\/\/cordobadirecto.com\/index.php\/wp-json\/wp\/v2\/types\/post"}],"author":[{"embeddable":true,"href":"http:\/\/cordobadirecto.com\/index.php\/wp-json\/wp\/v2\/users\/1"}],"replies":[{"embeddable":true,"href":"http:\/\/cordobadirecto.com\/index.php\/wp-json\/wp\/v2\/comments?post=4658"}],"version-history":[{"count":0,"href":"http:\/\/cordobadirecto.com\/index.php\/wp-json\/wp\/v2\/posts\/4658\/revisions"}],"wp:featuredmedia":[{"embeddable":true,"href":"http:\/\/cordobadirecto.com\/index.php\/wp-json\/wp\/v2\/media\/4659"}],"wp:attachment":[{"href":"http:\/\/cordobadirecto.com\/index.php\/wp-json\/wp\/v2\/media?parent=4658"}],"wp:term":[{"taxonomy":"category","embeddable":true,"href":"http:\/\/cordobadirecto.com\/index.php\/wp-json\/wp\/v2\/categories?post=4658"},{"taxonomy":"post_tag","embeddable":true,"href":"http:\/\/cordobadirecto.com\/index.php\/wp-json\/wp\/v2\/tags?post=4658"}],"curies":[{"name":"wp","href":"https:\/\/api.w.org\/{rel}","templated":true}]}}