{"id":46650,"date":"2022-02-26T18:03:07","date_gmt":"2022-02-26T18:03:07","guid":{"rendered":"http:\/\/cordobadirecto.com\/index.php\/2022\/02\/26\/eriksen-volvio-a-las-canchas-ocho-meses-despues-del-infarto\/"},"modified":"2022-02-26T18:03:07","modified_gmt":"2022-02-26T18:03:07","slug":"eriksen-volvio-a-las-canchas-ocho-meses-despues-del-infarto","status":"publish","type":"post","link":"http:\/\/cordobadirecto.com\/index.php\/2022\/02\/26\/eriksen-volvio-a-las-canchas-ocho-meses-despues-del-infarto\/","title":{"rendered":"Eriksen volvi\u00f3 a las canchas ocho meses despu\u00e9s del infarto"},"content":{"rendered":"<figure class=\"mb-3\"><img loading=\"lazy\" src=\"http:\/\/cordobadirecto.com\/wp-content\/uploads\/2022\/02\/eriksen-volvio-a-las-canchas-ocho-meses-despues-del-infarto.jpg\" width=\"100%\" height=\"100%\" alt=\"Todo el pblico del estadio le dedic un efusivo aplauso al dans al ingresar a la cancha Foto AFP\"><figcaption> Todo el p\u00fablico del estadio le dedic\u00f3 un efusivo aplauso al dan\u00e9s al ingresar a la cancha. Foto: AFP <\/figcaption><\/figure>\n<p>El mediocampista dan\u00e9s <strong>Christian Eriksen<\/strong> regres\u00f3 este s\u00e1bado al f\u00fatbol <strong>ocho meses despu\u00e9s del infarto sufrido en la Eurocopa 2021<\/strong>, en la derrota de su equipo, Brentford, con Newcastle por 2 a 0 como local, en la 27ma. fecha de la Premier League inglesa.<\/p>\n<p>El volante ingres\u00f3 a los 6 minutos del segundo tiempo, en lugar de su compatriota Mathias Jense.<\/p>\n<p><strong>&#8220;Lo recuerdo todo, excepto los minutos que estuve en el cielo&#8221;<\/strong>, dijo d\u00edas atr\u00e1s ante la prensa, acerca del infarto sufrido el 14 de junio contra Finlandia.<\/p>\n<p>Apenas pis\u00f3 el campo, <strong>todos los hinchas se pararon para aplaudir al dan\u00e9s<\/strong> que us\u00f3 el dorsal 21 en su camiseta y que tiene el objetivo de estar en el Mundial de Qatar 2022, seg\u00fan explic\u00f3.<\/p>\n<p>Eriksen, de 29 a\u00f1os, <strong>se desplom\u00f3 durante el partido contra Finlandia de la Eurocopa en Copenhague, y d\u00edas despu\u00e9s se le implant\u00f3 un desfibrilador<\/strong>, dispositivo contraindicado para la pr\u00e1ctica del f\u00fatbol profesional en Italia, lo que provoc\u00f3 que rescindiera su contrato con el Inter hace unas semanas.<\/p>\n<p>El exInter estuvo cinco temporadas en Ajax entre 2009 y 2014. En ese per\u00edodo gan\u00f3 tres ligas, una Supercopa de los Pa\u00edses Bajos y una Copa de los Pa\u00edses Bajos. Adem\u00e1s, con Inter fue campe\u00f3n de la Serie A en 2021.<\/p>\n","protected":false},"excerpt":{"rendered":"<p>Todo el p\u00fablico del estadio le dedic\u00f3 un efusivo aplauso al dan\u00e9s al ingresar a la cancha. Foto: AFP El mediocampista dan\u00e9s Christian Eriksen regres\u00f3 este s\u00e1bado al f\u00fatbol ocho meses despu\u00e9s del infarto sufrido en la Eurocopa 2021, en la derrota de su equipo, Brentford, con Newcastle por 2 a 0 como local, en [&hellip;]<\/p>\n","protected":false},"author":1,"featured_media":46651,"comment_status":"closed","ping_status":"closed","sticky":false,"template":"","format":"standard","meta":[],"categories":[21],"tags":[],"_links":{"self":[{"href":"http:\/\/cordobadirecto.com\/index.php\/wp-json\/wp\/v2\/posts\/46650"}],"collection":[{"href":"http:\/\/cordobadirecto.com\/index.php\/wp-json\/wp\/v2\/posts"}],"about":[{"href":"http:\/\/cordobadirecto.com\/index.php\/wp-json\/wp\/v2\/types\/post"}],"author":[{"embeddable":true,"href":"http:\/\/cordobadirecto.com\/index.php\/wp-json\/wp\/v2\/users\/1"}],"replies":[{"embeddable":true,"href":"http:\/\/cordobadirecto.com\/index.php\/wp-json\/wp\/v2\/comments?post=46650"}],"version-history":[{"count":0,"href":"http:\/\/cordobadirecto.com\/index.php\/wp-json\/wp\/v2\/posts\/46650\/revisions"}],"wp:featuredmedia":[{"embeddable":true,"href":"http:\/\/cordobadirecto.com\/index.php\/wp-json\/wp\/v2\/media\/46651"}],"wp:attachment":[{"href":"http:\/\/cordobadirecto.com\/index.php\/wp-json\/wp\/v2\/media?parent=46650"}],"wp:term":[{"taxonomy":"category","embeddable":true,"href":"http:\/\/cordobadirecto.com\/index.php\/wp-json\/wp\/v2\/categories?post=46650"},{"taxonomy":"post_tag","embeddable":true,"href":"http:\/\/cordobadirecto.com\/index.php\/wp-json\/wp\/v2\/tags?post=46650"}],"curies":[{"name":"wp","href":"https:\/\/api.w.org\/{rel}","templated":true}]}}