{"id":4689,"date":"2021-04-14T03:00:00","date_gmt":"2021-04-14T03:00:00","guid":{"rendered":"http:\/\/cordobadirecto.com\/index.php\/2021\/04\/14\/guzman-recibio-apoyo-del-gobierno-aleman\/"},"modified":"2021-04-14T03:00:00","modified_gmt":"2021-04-14T03:00:00","slug":"guzman-recibio-apoyo-del-gobierno-aleman","status":"publish","type":"post","link":"http:\/\/cordobadirecto.com\/index.php\/2021\/04\/14\/guzman-recibio-apoyo-del-gobierno-aleman\/","title":{"rendered":"Guzm\u00e1n recibi\u00f3 apoyo del Gobierno alem\u00e1n"},"content":{"rendered":"<p>Durante el encuentro, los funcionarios dialogaron \u201csobre el proceso de estabilizaci\u00f3n de la <b>econom\u00eda<\/b> argentina y los avances en las negociaciones con&nbsp;&#8230; <\/p>\n","protected":false},"excerpt":{"rendered":"<p>Durante el encuentro, los funcionarios dialogaron \u201csobre el proceso de estabilizaci\u00f3n de la econom\u00eda argentina y los avances en las negociaciones con&nbsp;&#8230;<\/p>\n","protected":false},"author":1,"featured_media":0,"comment_status":"closed","ping_status":"closed","sticky":false,"template":"","format":"standard","meta":[],"categories":[40],"tags":[],"_links":{"self":[{"href":"http:\/\/cordobadirecto.com\/index.php\/wp-json\/wp\/v2\/posts\/4689"}],"collection":[{"href":"http:\/\/cordobadirecto.com\/index.php\/wp-json\/wp\/v2\/posts"}],"about":[{"href":"http:\/\/cordobadirecto.com\/index.php\/wp-json\/wp\/v2\/types\/post"}],"author":[{"embeddable":true,"href":"http:\/\/cordobadirecto.com\/index.php\/wp-json\/wp\/v2\/users\/1"}],"replies":[{"embeddable":true,"href":"http:\/\/cordobadirecto.com\/index.php\/wp-json\/wp\/v2\/comments?post=4689"}],"version-history":[{"count":0,"href":"http:\/\/cordobadirecto.com\/index.php\/wp-json\/wp\/v2\/posts\/4689\/revisions"}],"wp:attachment":[{"href":"http:\/\/cordobadirecto.com\/index.php\/wp-json\/wp\/v2\/media?parent=4689"}],"wp:term":[{"taxonomy":"category","embeddable":true,"href":"http:\/\/cordobadirecto.com\/index.php\/wp-json\/wp\/v2\/categories?post=4689"},{"taxonomy":"post_tag","embeddable":true,"href":"http:\/\/cordobadirecto.com\/index.php\/wp-json\/wp\/v2\/tags?post=4689"}],"curies":[{"name":"wp","href":"https:\/\/api.w.org\/{rel}","templated":true}]}}