{"id":47358,"date":"2022-03-02T18:30:58","date_gmt":"2022-03-02T18:30:58","guid":{"rendered":"https:\/\/puntoapunto.com.ar\/?p=322032"},"modified":"2022-03-02T18:30:58","modified_gmt":"2022-03-02T18:30:58","slug":"opinion-que-necesarias-son-las-nuevas-caras","status":"publish","type":"post","link":"http:\/\/cordobadirecto.com\/index.php\/2022\/03\/02\/opinion-que-necesarias-son-las-nuevas-caras\/","title":{"rendered":"Opini\u00f3n: qu\u00e9 necesarias son las nuevas caras"},"content":{"rendered":"<div><img src=\"http:\/\/cordobadirecto.com\/wp-content\/uploads\/2022\/03\/opinion-que-necesarias-son-las-nuevas-caras.jpg\" class=\"ff-og-image-inserted\"><\/div>\n<p>Por<em> Fernando Faraco, diplomado en Gesti\u00f3n P\u00fablica del Turismo<\/em><\/p>\n<p>Despu\u00e9s de muchos a\u00f1os de transitar mi actividad profesional por entidades vinculadas al <strong>turismo<\/strong>, instituciones p\u00fablico\/privadas y agrupaciones de empresarios puedo decir que conozco a fondo las preocupaciones del sector y se de las<strong> capacidades de los dirigentes que est\u00e1n detr\u00e1s de todo la industria<\/strong>.<\/p>\n<p>En est\u00e1s \u00e9pocas tan convulsionadas, de crisis continuas econ\u00f3micas, pol\u00edticas e institucionales, de tanto agotamiento de<strong> repetir recetas qu\u00e9 s\u00f3lo causaron incertidumbre, insatisfacci\u00f3n y des\u00e1nimo<\/strong>, ser\u00eda momento de comenzar a mirar con mejores ojos a quienes generan trabajo digno y posibilidades de progreso a tantas familias. Reconocer la labor de quienes saben lo que es un 931 (aporte y contribuciones a la seguridad social formulario N\u00b0 931) y a quienes a pesar del agotamiento siguen y siguen. <strong>Son hombres y mujeres que siguen apostando en un Pa\u00eds que parece darle la espalda.<\/strong><\/p>\n<p>Los dirigentes gremial empresarios del comercio, de los servicios, de la industria, de la producci\u00f3n en general, son personas que se comprometieron cada uno en su sector, algunos hace tiempo y otros se van incorporando a las Entidades que representan a cada actividad productiva de Argentina.<\/p>\n<p>Son tantas caras repetidas en la pol\u00edtica nacional, provincial y municipal que invitarlos a participar y a aportar ideas deber\u00eda tomarlo el Estado como una obligaci\u00f3n, tener una mirada desde adentro y conocer el pa\u00f1o, c\u00f3mo se dice vulgarmente. Si bien algunos lo intentaron, nadie lo hizo contundente siendo este el momento oportuno pensando en el 2023.<\/p>\n<p>La <strong>Argentina y C\u00f3rdoba especialmente necesitan el aporte genuino<\/strong> de quienes ya vienen desarrollando pol\u00edtica, pero desde sus sectores de inter\u00e9s. Poner la voz y la experiencia desde el \u00e1mbito privado en un recinto legislativo, en ministerios o secretarias que tengan qu\u00e9 ver puntualmente por lo que vienen luchando y defendiendo desde hace tiempo. Darle la invalorable impronta de conocer a rajatabla lo que se habla, lo que se decreta o legisla.<\/p>\n<p>No es poca cosa habiendo visto funcionarios que nos hablaban de trabajo y producci\u00f3n sin haber pagado nunca un 931, es el momento de convocarlos para empezar a hablar en serio de cada tema que nos afecta desde hace tantos a\u00f1os.<\/p>\n","protected":false},"excerpt":{"rendered":"<p>Por Fernando Faraco, diplomado en Gesti\u00f3n P\u00fablica del Turismo Despu\u00e9s de muchos a\u00f1os de transitar mi actividad profesional por entidades vinculadas al turismo, instituciones p\u00fablico\/privadas y agrupaciones de empresarios puedo decir que conozco a fondo las preocupaciones del sector y se de las capacidades de los dirigentes que est\u00e1n detr\u00e1s de todo la industria. En [&hellip;]<\/p>\n","protected":false},"author":1,"featured_media":47359,"comment_status":"closed","ping_status":"closed","sticky":false,"template":"","format":"standard","meta":[],"categories":[25,22],"tags":[],"_links":{"self":[{"href":"http:\/\/cordobadirecto.com\/index.php\/wp-json\/wp\/v2\/posts\/47358"}],"collection":[{"href":"http:\/\/cordobadirecto.com\/index.php\/wp-json\/wp\/v2\/posts"}],"about":[{"href":"http:\/\/cordobadirecto.com\/index.php\/wp-json\/wp\/v2\/types\/post"}],"author":[{"embeddable":true,"href":"http:\/\/cordobadirecto.com\/index.php\/wp-json\/wp\/v2\/users\/1"}],"replies":[{"embeddable":true,"href":"http:\/\/cordobadirecto.com\/index.php\/wp-json\/wp\/v2\/comments?post=47358"}],"version-history":[{"count":0,"href":"http:\/\/cordobadirecto.com\/index.php\/wp-json\/wp\/v2\/posts\/47358\/revisions"}],"wp:featuredmedia":[{"embeddable":true,"href":"http:\/\/cordobadirecto.com\/index.php\/wp-json\/wp\/v2\/media\/47359"}],"wp:attachment":[{"href":"http:\/\/cordobadirecto.com\/index.php\/wp-json\/wp\/v2\/media?parent=47358"}],"wp:term":[{"taxonomy":"category","embeddable":true,"href":"http:\/\/cordobadirecto.com\/index.php\/wp-json\/wp\/v2\/categories?post=47358"},{"taxonomy":"post_tag","embeddable":true,"href":"http:\/\/cordobadirecto.com\/index.php\/wp-json\/wp\/v2\/tags?post=47358"}],"curies":[{"name":"wp","href":"https:\/\/api.w.org\/{rel}","templated":true}]}}