{"id":47361,"date":"2022-03-02T18:30:30","date_gmt":"2022-03-02T18:30:30","guid":{"rendered":"https:\/\/es.digitaltrends.com\/?p=925435"},"modified":"2022-03-02T18:30:30","modified_gmt":"2022-03-02T18:30:30","slug":"por-que-instagram-pregunta-por-tu-fecha-de-nacimiento","status":"publish","type":"post","link":"http:\/\/cordobadirecto.com\/index.php\/2022\/03\/02\/por-que-instagram-pregunta-por-tu-fecha-de-nacimiento\/","title":{"rendered":"\u00bfPor qu\u00e9 Instagram pregunta por tu fecha de nacimiento?"},"content":{"rendered":"<p>Si no has ingresado tu fecha de nacimiento en Instagram -o no la has sincronizado desde Facebook-, es probable que pronto la red social comience a ped\u00edrtela (si es que ya no la hecho). Y no, no se trata de que quiera enviarte un regalo. Te explicamos <strong>por qu\u00e9 Instagram pregunta por tu fecha de nacimiento <\/strong>y lo que debes hacer.<\/p>\n<h3>Te va a interesar:<\/h3>\n<p>Hasta 2019, exist\u00eda la posibilidad de crear cuentas en Instagram sin necesidad de brindar esta informaci\u00f3n personal. Sin embargo, desde entonces la aplicaci\u00f3n de Meta (ex-Facebook) la hizo obligatoria para los nuevos usuarios, como parte de las medidas de protecci\u00f3n a los adolescentes.<\/p>\n<figure id=\"attachment_925437\" aria-describedby=\"caption-attachment-925437\" class=\"wp-caption alignnone\"><img src=\"http:\/\/cordobadirecto.com\/wp-content\/uploads\/2022\/03\/por-que-instagram-pregunta-por-tu-fecha-de-nacimiento.gif\" data-dt-lazy-src=\"https:\/\/icdn.dtcn.com\/image\/digitaltrends_es\/cumpleanos-720x720.jpg\" onerror=\"dti_load_error(this)\" class=\" size-large wp-image-925437 dt-lazy-load dt-lazy-pending\" alt=\"Una persona sostiene un queque con una vela para celebrar el cumplea\u00f1os de un hombre con gorro azul\"><figcaption id=\"caption-attachment-925437\" class=\"wp-caption-text\"><span class=\"credit\">Getty Images<\/span><\/figcaption><\/figure>\n<p>El objetivo, dice Instagram, es crear \u201cexperiencias m\u00e1s seguras y privadas\u201d para los adolescentes y asegurarse que de que la aplicaci\u00f3n solo es usada por personas que tienen la edad m\u00ednima de 14 a\u00f1os. \u201cNecesitamos saber qu\u00e9 edad tienen todos en Instagram, por lo que comenzamos a pedirles a las personas que compartan su cumplea\u00f1os con nosotros si no lo han compartido anteriormente\u201d, anunci\u00f3 en agosto de 2021.<\/p>\n<p>Seg\u00fan <a href=\"https:\/\/help.instagram.com\/366075557613433\/?helpref=search&amp;query=cumplea%C3%B1os&amp;search_session_id=7778cd8b36730ef351f92b1f3f639726&amp;sr=3\" target=\"_blank\" rel=\"nofollow noopener\">Instagram<\/a>, el prop\u00f3sito es crear caracter\u00edsticas de seguridad adicionales a los j\u00f3venes y brindarles \u201cexperiencias adecuadas\u201d a su edad. &nbsp;Como parte de estas acciones, se encuentran las restricciones para que mayores de 18 a\u00f1os env\u00eden mensajes a <a href=\"https:\/\/es.digitaltrends.com\/sociales\/instagram-cuentas-menores-16-privadas\/\">menores de 16 a\u00f1os<\/a> o restringir las opciones de publicidad para el segmento m\u00e1s joven.<\/p>\n<h2>Qu\u00e9 pasa si no ingresas la informaci\u00f3n<\/h2>\n<figure id=\"attachment_925438\" aria-describedby=\"caption-attachment-925438\" class=\"wp-caption alignnone\"><img src=\"http:\/\/cordobadirecto.com\/wp-content\/uploads\/2022\/03\/por-que-instagram-pregunta-por-tu-fecha-de-nacimiento.gif\" data-dt-lazy-src=\"https:\/\/icdn.dtcn.com\/image\/digitaltrends_es\/cumpleanos-instagram-720x720.jpg\" onerror=\"dti_load_error(this)\" class=\"size-large wp-image-925438 dt-lazy-load dt-lazy-pending\" alt=\"Mensaje alerta de cumplea\u00f1os de Instagra\"><figcaption id=\"caption-attachment-925438\" class=\"wp-caption-text\"><span class=\"text\">As\u00ed lucen los avisos de Instagram.<\/span><\/figcaption><\/figure>\n<p>La puesta en marcha de la medida considera de dos mecanismos de acci\u00f3n, que en el futuro podr\u00edan traducirse en la imposibilidad de usar la aplicaci\u00f3n si decides ignorarla.<\/p>\n<p>La primera, los usuarios que no ingresaron su fecha de nacimiento ven notificaciones recurrentes para que lo hagan y, de esta forma, puedan seguir usando la aplicaci\u00f3n.<\/p>\n<p>La segunda incluye advertencia en las publicaciones de otros usuarios que tengan contenido sensible, donde tambi\u00e9n deber\u00e1s ingresar para poder verlas.<\/p>\n<p>Para evitar que los usuarios compartan fechas de nacimiento falsas, la aplicaci\u00f3n podr\u00eda usar en el futuro herramientas de inteligencia artificial. Por ejemplo, analizar la edad a partir los de saludos de cumplea\u00f1os de otros usuarios.<\/p>\n<h2><strong>C\u00f3mo verificar tu fecha de cumplea\u00f1os<\/strong><\/h2>\n<p>Si tienes <a href=\"https:\/\/es.digitaltrends.com\/sociales\/vincular-facebook-instagram-centro-cuentas-meta\/\">vinculadas tus cuentas de Facebook e Instagram<\/a>, tu fecha de cumplea\u00f1os se sincronizar\u00e1 de forma autom\u00e1tica. Sin embargo, si no tienes Facebook o <a href=\"https:\/\/es.digitaltrends.com\/sociales\/como-desvincular-instagram-de-facebook\/\">separaste ambos servicios<\/a>, es posible que necesites verificar si tienes configurada tu fecha de nacimiento.<\/p>\n<p>Para hacerlo, desde un tel\u00e9fono iOS o Android sigue los siguientes pasos:<\/p>\n<ul>\n<li>Toca tu foto de perfil de perfil en la parte inferior derecha.<\/li>\n<li>Presiona <em>Editar perfil<\/em>.<\/li>\n<li>Marca <em>Configuraci\u00f3n de la informaci\u00f3n personal<\/em> en la parte inferior.<\/li>\n<li>Presiona <em>Cumplea\u00f1os<\/em> y escribe tu fecha de nacimiento o toca <em>Actualizar en Facebook<\/em>.<\/li>\n<\/ul>\n<p>Si quieres hacerlo desde una computadora, este es el proceso:<\/p>\n<ul>\n<li>Haz clic en tu foto del perfil en la esquina superior derecha.<\/li>\n<li>Presiona <em>Perfil<\/em>.<\/li>\n<li>Haz clic en <em>Editar perfil<\/em>.<\/li>\n<li>Marca <em>Fecha de nacimiento<\/em> en la parte inferior.<\/li>\n<li>Escribe tu fecha de nacimiento y haz clic en <em>Listo<\/em>.<\/li>\n<li>Haz clic en <em>Confirmar<\/em>.<\/li>\n<\/ul>\n<p>Aunque Instagram afirma que la informaci\u00f3n no se compartir\u00e1 con otras personas de la plataforma, s\u00ed advierte que una vez que hayas a\u00f1adido tu cumplea\u00f1os tu perfil, no podr\u00e1s eliminarlo.<\/p>\n<h4 class=\"b-editors-recs-title h-editors-recs-title\"> Recomendaciones del editor\t<\/h4>\n<p> <span id=\"publisher-md\" itemprop=\"publisher\" itemscope itemtype=\"https:\/\/schema.org\/Organization\"> <span itemprop=\"url\" itemtype=\"https:\/\/schema.org\/Url\" content=\"https:\/\/es.digitaltrends.com\"> <span itemprop=\"logo\" itemscope itemtype=\"https:\/\/schema.org\/ImageObject\"> <meta itemprop=\"url\" content=\"https:\/\/cdn.dtcn.com\/dt\/dt-logo-small.png\"> <meta itemprop=\"width\" content=\"0\"> <meta itemprop=\"height\" content=\"0\"> <\/span> <meta itemprop=\"name\" content=\"Digital Trends Espa\u00f1ol\"> <\/span> <span itemprop=\"image\" itemscope itemtype=\"https:\/\/schema.org\/ImageObject\"> <meta itemprop=\"url\" content=\"https:\/\/icdn.dtcn.com\/image\/digitaltrends_es\/cumpleanos.jpg\"> <\/span> <\/span><\/p>\n","protected":false},"excerpt":{"rendered":"<p>Si no has ingresado tu fecha de nacimiento en Instagram -o no la has sincronizado desde Facebook-, es probable que pronto la red social comience a ped\u00edrtela (si es que ya no la hecho). Y no, no se trata de que quiera enviarte un regalo. Te explicamos por qu\u00e9 Instagram pregunta por tu fecha de [&hellip;]<\/p>\n","protected":false},"author":1,"featured_media":47362,"comment_status":"closed","ping_status":"closed","sticky":false,"template":"","format":"standard","meta":[],"categories":[26],"tags":[],"_links":{"self":[{"href":"http:\/\/cordobadirecto.com\/index.php\/wp-json\/wp\/v2\/posts\/47361"}],"collection":[{"href":"http:\/\/cordobadirecto.com\/index.php\/wp-json\/wp\/v2\/posts"}],"about":[{"href":"http:\/\/cordobadirecto.com\/index.php\/wp-json\/wp\/v2\/types\/post"}],"author":[{"embeddable":true,"href":"http:\/\/cordobadirecto.com\/index.php\/wp-json\/wp\/v2\/users\/1"}],"replies":[{"embeddable":true,"href":"http:\/\/cordobadirecto.com\/index.php\/wp-json\/wp\/v2\/comments?post=47361"}],"version-history":[{"count":0,"href":"http:\/\/cordobadirecto.com\/index.php\/wp-json\/wp\/v2\/posts\/47361\/revisions"}],"wp:featuredmedia":[{"embeddable":true,"href":"http:\/\/cordobadirecto.com\/index.php\/wp-json\/wp\/v2\/media\/47362"}],"wp:attachment":[{"href":"http:\/\/cordobadirecto.com\/index.php\/wp-json\/wp\/v2\/media?parent=47361"}],"wp:term":[{"taxonomy":"category","embeddable":true,"href":"http:\/\/cordobadirecto.com\/index.php\/wp-json\/wp\/v2\/categories?post=47361"},{"taxonomy":"post_tag","embeddable":true,"href":"http:\/\/cordobadirecto.com\/index.php\/wp-json\/wp\/v2\/tags?post=47361"}],"curies":[{"name":"wp","href":"https:\/\/api.w.org\/{rel}","templated":true}]}}