{"id":47385,"date":"2022-03-02T19:46:06","date_gmt":"2022-03-02T19:46:06","guid":{"rendered":"https:\/\/cordoba.gob.ar\/?p=20614"},"modified":"2022-03-02T19:46:06","modified_gmt":"2022-03-02T19:46:06","slug":"con-trece-frentes-de-obras-en-simultaneo-avanza-el-plan-de-recuperacion-de-plazas","status":"publish","type":"post","link":"http:\/\/cordobadirecto.com\/index.php\/2022\/03\/02\/con-trece-frentes-de-obras-en-simultaneo-avanza-el-plan-de-recuperacion-de-plazas\/","title":{"rendered":"Con trece frentes de obras en simult\u00e1neo, avanza el Plan de Recuperaci\u00f3n de Plazas"},"content":{"rendered":"<div><img src=\"http:\/\/cordobadirecto.com\/wp-content\/uploads\/2022\/03\/con-trece-frentes-de-obras-en-simultaneo-avanza-el-plan-de-recuperacion-de-plazas.jpg\" class=\"ff-og-image-inserted\"><\/div>\n<ul>\n<li><strong>Para este a\u00f1o se proyecta una inversi\u00f3n de 2.000 millones de pesos.<\/strong><\/li>\n<\/ul>\n<hr>\n<p>La Municipalidad de C\u00f3rdoba avanza en la recuperaci\u00f3n de 13 plazas en forma simult\u00e1nea a trav\u00e9s del programa \u201cLa Plaza de tu barrio\u201d, una iniciativa que cambia la fisonom\u00eda de muchos espacios verdes y agrega equipamiento de calidad para el disfrute de los vecinos.<\/p>\n<p>Las tareas son ejecutadas a trav\u00e9s de la Direcci\u00f3n de Espacios Verdes de la Secretar\u00eda de Gesti\u00f3n Ambiental y Sostenibilidad.<\/p>\n<p>Con el foco puesto en las plazas de los barrios m\u00e1s alejados del centro, las intervenciones operan integralmente mejorando no s\u00f3lo la base de infraestructura del lugar, sino especialmente con la instalaci\u00f3n de nuevas zonas de esparcimiento y equipamiento in\u00e9dito en espacios p\u00fablicos.<\/p>\n<p>Actualmente existen trece obras en recuperaci\u00f3n simult\u00e1nea: plaza Rivadavia (Alta C\u00f3rdoba); plaza Alfonsina Storni (Villa Allende Parque); plaza Jer\u00f3nimo del Barco (Alto Alberdi); plaza Gregoria Matorras (Gral. Bustos); ex basural (Patricios); plaza Los Naranjos (Los Naranjos); plaza Terminal de \u00d3mnibus (Nueva C\u00f3rdoba); plaza 12 de Octubre (Escobar); la plaza Col\u00f3n (Alberdi); plaza Alem (Pueyrred\u00f3n); parque \u201cPueblo La Toma\u201d, frente al Cementerio San Jer\u00f3nimo (Alberdi).<\/p>\n<p>Recientemente iniciaron los trabajos en la plaza Teniente N\u00edvoli, localizada frente a la de barrio Inaudi, inaugurada en el a\u00f1o 2021. A las obras de recuperaci\u00f3n se incorpora a su vez la plaza de barrio 2 de Abril.<\/p>\n<p>Bajo este programa ya se inauguraron otras seis plazas: Elvira Ceballos (Alberdi); Abuelas de Plaza de Mayo (Comercial); Villa Rivadavia; Trulal\u00e1 (Ampliaci\u00f3n Pueyrred\u00f3n); Eva Per\u00f3n (Las Violetas); H\u00e9roes de Malvinas (Inaudi).<\/p>\n<p>En 2022 se proyecta una inversi\u00f3n de 2.000 millones de pesos destinada a 60 plazas, tareas que en 2021 insumieron otros 1.100 millones.<\/p>\n<p>QU\u00c9 SE HACE<\/p>\n<p>Cada lugar implica un terreno y condiciones particulares que definen la modalidad espec\u00edfica de intervenci\u00f3n.<\/p>\n<p>Todas las plazas recuperadas suman un \u201cPatio de las Infancias\u201d, un sector con juegos tradicionales y de vanguardia montado sobre un piso antigolpes de caucho reciclado, que suma un enrejado perimetral para mayor seguridad.<\/p>\n<p>Tambi\u00e9n se colocan mesas y sillas de dise\u00f1o y algunos lugares incluyen la instalaci\u00f3n de una estaci\u00f3n solar con dispensador de agua caliente que a la vez permite la carga de celulares.<\/p>\n<p>Para mejorar la circulaci\u00f3n interna y externa por la plaza, se cambian las viejas veredas calc\u00e1reas por losetas gran\u00edticas de mayor resistencia, sumado a nuevos senderos de adoquines premoldeados. Tambi\u00e9n se construyen nuevas rampas de hormig\u00f3n en las esquinas para mejorar la accesibilidad al espacio verde.<\/p>\n<p>Otra novedad que se incluye en ciertas plazas es la instalaci\u00f3n de un canil para perros, equipado con juegos, piso drenante y cerco perimetral.<\/p>\n<p>Asimismo, el paisaje verde cambia con nueva parquizaci\u00f3n, forestaci\u00f3n, que agrega un sistema automatizado de riego por aspersi\u00f3n en intervenciones puntuales. Algunas plazas incorporan adem\u00e1s un \u201cBosque de Bolsillo\u201d, un \u00e1rea para la conservaci\u00f3n de especies nativas de la flora aut\u00f3ctona en las plazas de la ciudad, tanto pasturas como arbustivas y \u00e1rboles.<\/p>\n<p>A la par, los trabajos mejoran la iluminaci\u00f3n LED de las plazas y el mobiliario urbano, agregando mesas y bancos de hormig\u00f3n, bicicleteros y bebederos.<\/p>\n","protected":false},"excerpt":{"rendered":"<p>Para este a\u00f1o se proyecta una inversi\u00f3n de 2.000 millones de pesos. La Municipalidad de C\u00f3rdoba avanza en la recuperaci\u00f3n de 13 plazas en forma simult\u00e1nea a trav\u00e9s del programa \u201cLa Plaza de tu barrio\u201d, una iniciativa que cambia la fisonom\u00eda de muchos espacios verdes y agrega equipamiento de calidad para el disfrute de los [&hellip;]<\/p>\n","protected":false},"author":1,"featured_media":47386,"comment_status":"closed","ping_status":"closed","sticky":false,"template":"","format":"standard","meta":[],"categories":[44],"tags":[],"_links":{"self":[{"href":"http:\/\/cordobadirecto.com\/index.php\/wp-json\/wp\/v2\/posts\/47385"}],"collection":[{"href":"http:\/\/cordobadirecto.com\/index.php\/wp-json\/wp\/v2\/posts"}],"about":[{"href":"http:\/\/cordobadirecto.com\/index.php\/wp-json\/wp\/v2\/types\/post"}],"author":[{"embeddable":true,"href":"http:\/\/cordobadirecto.com\/index.php\/wp-json\/wp\/v2\/users\/1"}],"replies":[{"embeddable":true,"href":"http:\/\/cordobadirecto.com\/index.php\/wp-json\/wp\/v2\/comments?post=47385"}],"version-history":[{"count":0,"href":"http:\/\/cordobadirecto.com\/index.php\/wp-json\/wp\/v2\/posts\/47385\/revisions"}],"wp:featuredmedia":[{"embeddable":true,"href":"http:\/\/cordobadirecto.com\/index.php\/wp-json\/wp\/v2\/media\/47386"}],"wp:attachment":[{"href":"http:\/\/cordobadirecto.com\/index.php\/wp-json\/wp\/v2\/media?parent=47385"}],"wp:term":[{"taxonomy":"category","embeddable":true,"href":"http:\/\/cordobadirecto.com\/index.php\/wp-json\/wp\/v2\/categories?post=47385"},{"taxonomy":"post_tag","embeddable":true,"href":"http:\/\/cordobadirecto.com\/index.php\/wp-json\/wp\/v2\/tags?post=47385"}],"curies":[{"name":"wp","href":"https:\/\/api.w.org\/{rel}","templated":true}]}}