{"id":47434,"date":"2021-10-08T10:03:00","date_gmt":"2021-10-08T10:03:00","guid":{"rendered":"https:\/\/lmdiario.com.ar\/contenido\/311023\/ema-gimenez-voz-de-mando-y-suenos-albicelestes"},"modified":"2021-10-08T10:03:00","modified_gmt":"2021-10-08T10:03:00","slug":"federal-a-ema-gimenez-voz-de-mando-y-suenos-albicelestes","status":"publish","type":"post","link":"http:\/\/cordobadirecto.com\/index.php\/2021\/10\/08\/federal-a-ema-gimenez-voz-de-mando-y-suenos-albicelestes\/","title":{"rendered":"Federal A: Ema Gim\u00e9nez, voz de mando y sue\u00f1os albicelestes"},"content":{"rendered":"<p><a href=\"https:\/\/lmdiario.com.ar\/tema\/5313\/edicion-impresa\" target=\"_self\" rel=\"noopener\"><img loading=\"lazy\" alt=\"chapa_ed_impresa_01 \" class=\"img-responsive lazyload\" data-src=\"http:\/\/cordobadirecto.com\/wp-content\/uploads\/2022\/03\/federal-a-ema-gimenez-voz-de-mando-y-suenos-albicelestes.png\" height=\"22\" src=\"data:,\" title=\"Ed. Impresa_01\" width=\"140\"><\/a> &nbsp;<br \/><span><strong><em><\/em><\/strong><\/span><\/p>\n<p>&nbsp;&nbsp;<\/p>\n<p>En tiempos de pandemia y con partidos a puertas cerradas, en Nueva Italia hab\u00eda una voz dentro de la cancha que opacaba incluso a los allegados y privilegiados que pod\u00edan acceder a presenciar a Racing. \u00d3rdenes conceptuales y estrategias de juego impart\u00edan a partir de la garganta del experimentado volante Emanuel Gim\u00e9nez (36), en procura de acomodar los espacios y rearmar la t\u00e1ctica colectiva. Un l\u00edder.<\/p>\n<p>\u201c\u00a1Corr\u00e9la, Mono (Blanco), dale dale!\u201d, \u201c\u00a1Para adelante Lei (Fern\u00e1ndez), metele!\u201d, \u201c\u00a1Baj\u00e1 Guachi (Garc\u00eda), dale, vamos!\u201d. Son algunas de las frases que retumban habitualmente por todo el Miguel Sancho en cada juego con el partido en marcha, con el sello del capit\u00e1n. Uno de los argumentos de esta \u201cAcademia\u201d que empez\u00f3 con ilusiones de sostenerse y hoy se encuentra a un paso del sue\u00f1o.&nbsp;<\/p>\n<p>Ante la requisitoria de La Nueva Ma\u00f1ana, el ex volante de Talleres es el \u00faltimo en retirarse del entrenamiento, en la rutina a puro viento en el predio \u201cRen\u00e9 Gorreta\u201d, como dando el ejemplo. Y ahora disfruta su presente en este Racing puntero del Federal A, ilusionado con lograr su tercer ascenso en su trayectoria de casi dos d\u00e9cadas.&nbsp;<\/p>\n<p>\u201cNos dimos cuenta que no somos menos que nadie. Estamos en el tramo final, el m\u00e1s importante, donde ni el m\u00e1s optimista hincha de Racing se lo hubiera imaginado a inicio del torneo. Pero fueron transcurriendo las fechas, fuimos creyendo, siempre quisimos ganar en todas las canchas, fue ese un sello distintivo del equipo y bueno, estamos en una posici\u00f3n inmejorable que queremos coronar con el ascenso\u201d, comenz\u00f3 diciendo Gim\u00e9nez, a falta de cuatro fechas para el final del certamen.&nbsp;<\/p>\n<p><em><strong>&#8211; \u00bfQu\u00e9 te convenci\u00f3 para venir a Racing y qu\u00e9 te queda del tramo recorrido?&nbsp;<\/strong><\/em><\/p>\n<p>&#8211; Mir\u00e1, yo ten\u00eda muchas ganas de volver a C\u00f3rdoba por temas familiares, me convenci\u00f3 el proyecto y adem\u00e1s era una promesa para un gran amigo m\u00edo, Fede L\u00f3pez, hincha fan\u00e1tico de Racing. Y ac\u00e1 estamos, cerca de jugar una final, convencidos de que podemos dar el gran salto si respetamos nuestro estilo.&nbsp;<\/p>\n<p><em><strong>&#8211; Quiz\u00e1s no era el objetivo inicial, pero ahora van por todo\u2026&nbsp;<\/strong><\/em><\/p>\n<p>&#8211; Siempre la idea era pelear por algo, somos exigentes, y a medida que transcurrieron las fechas nunca bajamos el nivel. Fuimos protagonistas desde la primera fecha. Es meritorio esto, porque Racing se plant\u00f3 en todas las canchas del Federal A, a pesar de reci\u00e9n haber ascendido y ahora queremos m\u00e1s. No nos conformamos con lo logrado hasta el momento.&nbsp;<\/p>\n<figure class=\"image\"><img loading=\"lazy\" alt=\"Emanuel Gimenez \u00a9 Racing00010\" class=\"img-responsive lazyload\" data-src=\"http:\/\/cordobadirecto.com\/wp-content\/uploads\/2022\/03\/federal-a-ema-gimenez-voz-de-mando-y-suenos-albicelestes.jpg\" data-srcset=\"\/download\/multimedia.normal.92cf5cd14ec9bb9d.456d616e75656c2047696d656e657a20c2a920526163696e6730303031305f6e6f726d616c2e6a7067.jpg 667w, \/download\/multimedia.miniatura.8c1c0107ab453601.456d616e75656c2047696d656e657a20c2a920526163696e6730303031305f6d696e6961747572612e6a7067.jpg 200w\" height=\"600\" src=\"data:,\" width=\"400\"><figcaption><span>\u201cDe Talleres lo que m\u00e1s recuerdo fue un cl\u00e1sico que le ganamos 4 a 2 a Instituto, en un partido loco. Me toc\u00f3 jugar muy bien. Al t\u00e9rmino de ese partido renunci\u00f3 el DT Saporiti (Roberto), est\u00e1bamos a tres puntos del l\u00edder y despu\u00e9s se cay\u00f3 todo. Ese Talleres era un caos, era obvio que las cosas no iban a terminar bien\u201d.&nbsp;<\/span><\/figcaption><\/figure>\n<p><em><strong>&#8211; \u00bfPor qu\u00e9 el equipo entr\u00f3 en una meseta futbol\u00edstica?&nbsp;<\/strong><\/em><\/p>\n<p>&#8211; Es un torneo muy largo, muy competitivo, bien duro porque el \u00faltimo le puede complicar la vida al puntero, y es l\u00f3gico que en alg\u00fan momento tengamos una mala tarde, un partido flojo, desatenciones propias del desgaste o una seguidilla de lesiones, de malas rachas. As\u00ed es el f\u00fatbol. No podemos pretender ganar siempre y brillando. As\u00ed y todo, nos recuperamos y seguimos firmes. Nunca nos deca\u00edmos.&nbsp;<\/p>\n<p><em><strong>&#8211; \u00bfQu\u00e9 te pide el DT Hern\u00e1n Medina?&nbsp;<\/strong><\/em><\/p>\n<p>&#8211; Sobre todo que trate de estar en mi lugar, cubrir bien mi posici\u00f3n porque Racing va para adelante, y entonces debo cumplir con equilibrar. No debemos quedar expuestos, hay que tener resguardo en caso de quedar mal parado en alguna contra.&nbsp;<\/p>\n<p><strong>&#8211; En tu caso, voz de mando permanente.&nbsp;<\/strong><\/p>\n<p>&#8211; Es una de mis caracter\u00edsticas de juego, de correr y ordenar, hablar a los compa\u00f1eros, Quiz\u00e1s ahora se nota un poco m\u00e1s por mi experiencia, pero estoy contento ac\u00e1 en Racing, con la consigna de dejar todo y cumplir el objetivo.&nbsp;<\/p>\n<p><em><strong>&#8211; \u00bfC\u00f3mo tomaron tus compa\u00f1eros este hecho? \u00bfTe \u201ccharlan\u201d?&nbsp;<\/strong><\/em><\/p>\n<p>&#8211; (Risas) No, todo bien, al principio a muchos le pudo parecer chocante, quiz\u00e1s raro, pero siempre lo hago de buena ley y para ordenar. Se ve que se fueron acostumbrando. Soy as\u00ed, nom\u00e1s (Risas).&nbsp;<\/p>\n<p><em><strong>&#8211; \u00bfC\u00f3mo te imagin\u00e1s el reencuentro con los hinchas en la cancha?&nbsp;<\/strong><\/em><\/p>\n<p>&#8211; Va a ser hermoso. La gente de Racing est\u00e1 ilusionada, pas\u00f3 mucho tiempo de jugar sin hinchas y va a ser raro al principio. Creo que ser\u00e1 una fiesta, que nos vengan a alentar en este momento crucial, ser\u00e1 como un refuerzo m\u00e1s.&nbsp;<\/p>\n<hr>\n<h3>La cicatriz de Talleres, en modo de aceptaci\u00f3n<\/h3>\n<figure class=\"image\"><img loading=\"lazy\" alt=\"Emanuel Gimenez \u00a9 Racing00005\" class=\"img-responsive lazyload\" data-src=\"http:\/\/cordobadirecto.com\/wp-content\/uploads\/2022\/03\/federal-a-ema-gimenez-voz-de-mando-y-suenos-albicelestes-1.jpg\" data-srcset=\"\/download\/multimedia.normal.94fc93c06284d1e4.456d616e75656c2047696d656e657a20c2a920526163696e6730303030355f6e6f726d616c2e6a7067.jpg 1000w, \/download\/multimedia.miniatura.8821fc64bdc1b86b.456d616e75656c2047696d656e657a20c2a920526163696e6730303030355f6d696e6961747572612e6a7067.jpg 400w\" height=\"667\" src=\"data:,\" width=\"1000\"><figcaption><span>\u201cTalleres era t\u00f3xico en ese momento, ya se cerr\u00f3 esa parte de mi historia y siempre le voy a desear que le vaya bien. Pude jugar con un \u00eddolo como \u2018Chicho\u2019 Serna, de quien aprend\u00ed mucho. Siempre fui de preguntar, de averiguar conceptos y tanto de \u00e9l como de Maxi Salas pude aprender de todo\u201d.&nbsp;<\/span><\/figcaption><\/figure>\n<p>Emanuel Gim\u00e9nez debut\u00f3 en Talleres all\u00e1 por el 2003 de la mano del c\u00e9lebre Jos\u00e9 Omar Pastoriza, siendo uno de los pibes del club obligados a dar la cara tras el descenso en 2004 en la infausta promoci\u00f3n ante Argentinos Juniors. De todas maneras, m\u00e1s all\u00e1 del recuerdo, le qued\u00f3 una herida por su salida y libertad de acci\u00f3n en 2007, cuestionando a la gerenciadora de Ateliers, empresa que comandaba los destinos del club luego de la quiebra. \u201cMe toc\u00f3 irme en el peor Talleres. Fue algo t\u00f3xico, pero ya est\u00e1 superado. Se me termin\u00f3 el contrato y en ese momento fue raro, sin respuestas. El club en ese entonces estaba manejado por gente que no ten\u00eda la menor idea de lo que era Talleres, solo vinieron a hacer negocios y terminaron de la peor manera\u201d, rememora Gim\u00e9nez.&nbsp;<\/p>\n<p>\u201cEse Talleres hab\u00eda perdido sentido de pertenencia, era como una empresa extranjera sin conocimientos del club. Nunca le dieron lugar a las inferiores como hab\u00edan prometido, no hab\u00eda proyecto de nada. Y al final los juveniles pagaron los platos rotos\u201d, agreg\u00f3 casi sin respirar, pero con mucha claridad.<\/p>\n<p>Y redonde\u00f3: \u201cEse equipo del 2004 estaba por clasificar a las copas peleando con Boca y River el t\u00edtulo y de repente todo termin\u00f3. Y lo que queda es el descenso, no la buena campa\u00f1a\u201d.&nbsp;<\/p>\n<p>\u201cMuchos no tuvieron la continuidad que merec\u00edan, pero bueno, el f\u00fatbol tiene esas cosas. Es bueno saber que ahora Talleres est\u00e1 en otro nivel, dej\u00e9 una parte muy importante de mi vida en ese club\u201d, coment\u00f3 el volante de Racing.&nbsp;<\/p>\n<p><em><strong>&#8211; \u00bfVolviste a la cancha alguna vez?&nbsp;<\/strong><\/em><\/p>\n<p>&#8211; Nunca m\u00e1s. S\u00ed voy al predio porque mi hijo Enzo juega en la 2001 de Talleres, pero no volv\u00ed a verlo en cancha. No siempre coincidi\u00f3 y tampoco es que busqu\u00e9 mucho volver. &nbsp;Luego me enfoqu\u00e9 en mi carrera. Nunca m\u00e1s me llamaron para volver, alguna vez me llamaron, pero era tercera o cuarta opci\u00f3n, as\u00ed que segu\u00ed con lo m\u00edo, sin vivir del pasado. Ahora estoy feliz en Racing, esperando lograr mi tercer ascenso.&nbsp;<\/p>\n<p><em><strong>&#8211; Igual, esa etapa te marc\u00f3\u2026&nbsp;<\/strong><\/em><\/p>\n<p>&#8211; Sin duda, debutar en Primera y jugar con los colores donde uno se form\u00f3, es l\u00f3gico que den algo de melancol\u00eda. Pero con el tiempo, ya con m\u00e1s experiencia, uno va entendiendo y sobre todo, aceptando c\u00f3mo son estos procesos y por qu\u00e9 pas\u00f3 lo que pas\u00f3. Por algo fue. &nbsp;Me enfoc\u00f3 en el d\u00eda a d\u00eda, semana a semana, con la mente puesta en hacer historia con Racing.&nbsp;<\/p>\n<table>\n<tbody>\n<tr>\n<td><a href=\"https:\/\/lmdiario.com.ar\/categoria\/52\/ed-impresa\" target=\"_self\" rel=\"noopener\"><img loading=\"lazy\" alt=\"LNM - Edici\u00f3n Impresa\" caption=\"false\" class=\"img-responsive lazyload\" data-src=\"http:\/\/cordobadirecto.com\/wp-content\/uploads\/2022\/03\/federal-a-ema-gimenez-voz-de-mando-y-suenos-albicelestes-2.jpg\" height=\"262\" src=\"data:,\" title=\"Edici\u00f3n Impresa\" width=\"200\"><\/a><\/td>\n<\/tr>\n<\/tbody>\n<\/table>\n<hr>\n<p><strong><em>Segu\u00ed el desarrollo de esta noticia y otras m\u00e1s&nbsp;<br \/>en la edici\u00f3n impresa de La Nueva Ma\u00f1ana<\/em><\/strong>&nbsp;<br \/><span><em>[&nbsp;<span>Todos los <\/span><\/em><\/span><span><em><span>viernes en tu kiosco&nbsp;<\/span>]<\/em><\/span><\/p>\n<hr>\n","protected":false},"excerpt":{"rendered":"<p>&nbsp; &nbsp;&nbsp; En tiempos de pandemia y con partidos a puertas cerradas, en Nueva Italia hab\u00eda una voz dentro de la cancha que opacaba incluso a los allegados y privilegiados que pod\u00edan acceder a presenciar a Racing. \u00d3rdenes conceptuales y estrategias de juego impart\u00edan a partir de la garganta del experimentado volante Emanuel Gim\u00e9nez (36), [&hellip;]<\/p>\n","protected":false},"author":1,"featured_media":47435,"comment_status":"open","ping_status":"closed","sticky":false,"template":"","format":"standard","meta":[],"categories":[21],"tags":[],"_links":{"self":[{"href":"http:\/\/cordobadirecto.com\/index.php\/wp-json\/wp\/v2\/posts\/47434"}],"collection":[{"href":"http:\/\/cordobadirecto.com\/index.php\/wp-json\/wp\/v2\/posts"}],"about":[{"href":"http:\/\/cordobadirecto.com\/index.php\/wp-json\/wp\/v2\/types\/post"}],"author":[{"embeddable":true,"href":"http:\/\/cordobadirecto.com\/index.php\/wp-json\/wp\/v2\/users\/1"}],"replies":[{"embeddable":true,"href":"http:\/\/cordobadirecto.com\/index.php\/wp-json\/wp\/v2\/comments?post=47434"}],"version-history":[{"count":0,"href":"http:\/\/cordobadirecto.com\/index.php\/wp-json\/wp\/v2\/posts\/47434\/revisions"}],"wp:featuredmedia":[{"embeddable":true,"href":"http:\/\/cordobadirecto.com\/index.php\/wp-json\/wp\/v2\/media\/47435"}],"wp:attachment":[{"href":"http:\/\/cordobadirecto.com\/index.php\/wp-json\/wp\/v2\/media?parent=47434"}],"wp:term":[{"taxonomy":"category","embeddable":true,"href":"http:\/\/cordobadirecto.com\/index.php\/wp-json\/wp\/v2\/categories?post=47434"},{"taxonomy":"post_tag","embeddable":true,"href":"http:\/\/cordobadirecto.com\/index.php\/wp-json\/wp\/v2\/tags?post=47434"}],"curies":[{"name":"wp","href":"https:\/\/api.w.org\/{rel}","templated":true}]}}