{"id":47578,"date":"2021-10-01T08:04:00","date_gmt":"2021-10-01T08:04:00","guid":{"rendered":"https:\/\/lmdiario.com.ar\/contenido\/309860\/es-un-orgullo-estar-en-la-historia-de-un-club-tan-grande-como-belgrano"},"modified":"2021-10-01T08:04:00","modified_gmt":"2021-10-01T08:04:00","slug":"es-un-orgullo-estar-en-la-historia-de-un-club-tan-grande-como-belgrano","status":"publish","type":"post","link":"http:\/\/cordobadirecto.com\/index.php\/2021\/10\/01\/es-un-orgullo-estar-en-la-historia-de-un-club-tan-grande-como-belgrano\/","title":{"rendered":"\u201cEs un orgullo estar en la historia de un club tan grande como Belgrano\u201d"},"content":{"rendered":"<p><a href=\"https:\/\/lmdiario.com.ar\/tema\/5313\/edicion-impresa\" target=\"_self\" rel=\"noopener\"><img loading=\"lazy\" alt=\"chapa_ed_impresa_01 \" class=\"img-responsive lazyload\" data-src=\"http:\/\/cordobadirecto.com\/wp-content\/uploads\/2022\/03\/es-un-orgullo-estar-en-la-historia-de-un-club-tan-grande-como-belgrano.png\" height=\"22\" src=\"data:,\" title=\"Ed. Impresa_01\" width=\"140\"><\/a> &nbsp;<br \/><span><strong><em><\/em><\/strong><\/span><\/p>\n<p><strong>Pablo Vegetti <\/strong>jug\u00f3 50 partidos con la camiseta de Belgrano, donde ha convertido 26 tantos. En todos esos juegos, donde siempre fue titular, en 15 ocasiones convirti\u00f3 el primer gol del equipo. Un animal del \u00e1rea. Esos n\u00fameros lo han llevado a ya estar en la historia del club de barrio Alberdi. Es que el noveno m\u00e1ximo artillero del \u201cPirata\u201d en torneos de AFA.<\/p>\n<p>Ah, como si fuera poco, lleva 7 goles en los \u00faltimos ocho partidos. Tiene el arco entre ceja y ceja.<\/p>\n<p>\u201c<strong>Me cost\u00f3 un poco encontrarme despu\u00e9s de la pandemia<\/strong>. Con la llegada de Alejandro (Orfila) me estaba sintiendo bien, pero el sistema no se pudo aceitar y hac\u00eda un desgaste f\u00edsico grande. Ahora me siento bien, m\u00e1s tranquilo, enfocado, y los resultados est\u00e1n a la vista. Para m\u00ed es un orgullo estar en la historia de un club tan grande. Y quiero ir por m\u00e1s, como siempre. Quiero superarme d\u00eda a d\u00eda y que esos logros ayuden a Belgrano\u201d, expres\u00f3 en di\u00e1logo con La Nueva Ma\u00f1ana el centrodelantero oriundo de Santo Domingo.<\/p>\n<p><em><strong>&#8211; \u00bfC\u00f3mo te gustar\u00eda que te recuerden en unos a\u00f1os los hinchas de Belgrano?<\/strong><\/em><\/p>\n<p>&#8211; Me gustar\u00eda que me recuerden como una buena persona que le dejo cosas buenas al club, que me recuerden m\u00e1s all\u00e1 de jugador, de c\u00f3mo me entrego con la camiseta. Yo me siento identificado, con acierto y errores, con la camiseta y espero que me recuerden por haber dado todo.<\/p>\n<h3>Sue\u00f1os de gol<\/h3>\n<p>Vegetti lleva convertidos 177 goles en su carrera y una experiencia importante en el f\u00fatbol, pasando por diversas categor\u00edas. Desde chico so\u00f1\u00f3 con ser futbolista.&nbsp;<\/p>\n<p>\u201c<strong>Siempre tuve en claro lo que quer\u00eda. M\u00e1s all\u00e1 de que en la vida, a veces, te desv\u00edas un poco del objetivo en la infancia, la adolescencia<\/strong>. Pero siempre estuvo el deseo intacto, siempre supe qu\u00e9 quer\u00eda ser de grande. Lo m\u00e1s dif\u00edcil es mantenerse y seguir vigente\u201d, relat\u00f3.&nbsp;<\/p>\n<p>Y pas\u00f3 momentos gratos e ingratos. Haciendo goles y tambi\u00e9n fallando. Siendo vitoreado e increpado. El f\u00fatbol y sus \u201creglas\u201d, con esas presiones y exigencias constantes.&nbsp;<\/p>\n<p>\u00c9l lo tiene asumido. Entonces, reflexiona: \u201cCuando las cosas van bien hay que mantener un equilibrio y no irse a la euforia. Y al rev\u00e9s tambi\u00e9n, saber que no es una cat\u00e1strofe. Hay que mantenerse en un equilibrio emocional\u201d. De esa manera el goleador que pas\u00f3 por Uni\u00f3n de Santo Domingo, Sarmiento de Humboldt, Col\u00f3n de San Justo, Villa San Carlos, Rangers de Chile, Ferro, Gimnasia La Plata, Col\u00f3n de Santa Fe, Boca Unidos de Corrientes, Instituto y Belgrano ha construido su carrera, m\u00e1s all\u00e1 de los goles. Entonces, analiza: \u201cEl jugador tiene que rendir semana tras semana. Podes hacer un gol y ser h\u00e9roe y a la otra semana erras un gol sobre la hora y pasas a ser un villano. Tenes que saber manejar esos estados de \u00e1nimo. Es con trabajo, responsabilidad. Somos seres humanos. Lo que marca la diferencia es c\u00f3mo nos manejamos en esos estados emocionales\u201d.<\/p>\n<h3>Las injusticias<\/h3>\n<p>El 8 de mayo Belgrano perdi\u00f3 1-0 ante San Mart\u00edn de Tucum\u00e1n. Al t\u00e9rmino del partido se produjo un incidente producto de que un \u201callegado\u201d insult\u00f3 a los jugadores y a Pablo Vegetti, y \u00e9ste enojado respondi\u00f3. Fue un momento de mucha tensi\u00f3n en una situaci\u00f3n deportiva complicada en el certamen para Belgrano.<\/p>\n<p>Pas\u00f3 una ronda de aquel momento. Hubo cambio del entrenador, Belgrano mejor\u00f3, Vegetti regres\u00f3 a la senda goleadora, el \u201callegado\u201d, supuestamente, fue sancionado por el club&#8230; Pasaron muchas cosas. Entre ellos que al Gigante de Alberdi ya no ir\u00e1n solo los privilegiados, sino que, desde esta noche, cuando Belgrano enfrente a Riestra ya habr\u00e1 miles de socios alentando al equipo en el Julio C\u00e9sar Villagra.<\/p>\n<figure class=\"image\"><img loading=\"lazy\" alt=\"vegetti 1\" class=\"img-responsive lazyload\" data-src=\"http:\/\/cordobadirecto.com\/wp-content\/uploads\/2022\/03\/es-un-orgullo-estar-en-la-historia-de-un-club-tan-grande-como-belgrano.jpg\" data-srcset=\"\/download\/multimedia.normal.bec97400ded7a97f.7665676574746920315f6e6f726d616c2e6a7067.jpg 1000w, \/download\/multimedia.miniatura.b4612d6ac3297e60.7665676574746920315f6d696e6961747572612e6a7067.jpg 400w\" height=\"667\" src=\"data:,\" width=\"1000\"><figcaption><span>Todos los partidos que jug\u00f3 Vegetti en Belgrano fueron de titular.<\/span><\/figcaption><\/figure>\n<p>En ese marco, el artillero del \u201cPirata\u201d record\u00f3 aquel suceso y reflexion\u00f3: \u201cHoy en d\u00eda es muy f\u00e1cil estar afuera, ir a una cancha de f\u00fatbol e insultar a los jugadores. Eso se normaliz\u00f3 y est\u00e1 mal. Somos trabajadores, somos seres humanos, tenemos familia. Entendemos el juego cuando queremos ser jugadores de f\u00fatbol y nos inclinamos por esta carrera, que es un deporte popular, que mueve pasiones, s\u00ed, hay que entenderlo. Pero, a veces, a las personas que est\u00e1n afuera, se\u00f1alando con el dedo, les cuesta entender el rol nuestro adentro de la cancha. Pero bueno, debemos aceptar que somos personas p\u00fablicas y nos tenemos que morder la lengua y contar hasta m\u00e1s de diez. Por eso hablaba antes de los estados de \u00e1nimo. Pasamos por distintos estados emocionales en nuestra vida diaria y se mezclan un mont\u00f3n de cosas. Lo que me pas\u00f3 fue por defender a un compa\u00f1ero. A m\u00ed no me estaban insultando. Est\u00e1bamos viviendo un momento complicado. Encima la gente no pod\u00eda ir a la cancha, eran allegados. Est\u00e1bamos en un momento complicado y que est\u00e9n insultando cuando a la gente no se le permit\u00eda ir a la cancha. Yo ped\u00eda calma, porque eso no sumaba. Despu\u00e9s me insultaron y reaccion\u00e9. Estuve mal. Deb\u00eda controlarme. No me justifico. No digo que est\u00e1 bien, pero tuve mis motivos. Nunca he peleado cuando me han puteado. Est\u00e1bamos en ese momento de pandemia, la gente no pod\u00eda entrar a la cancha y me parec\u00eda injusto; esa fue mi bronca. Ahora que va a ir la gente lo entender\u00e9. Pero por eso era mi malestar, por defender a un compa\u00f1ero, porque el hincha de Belgrano siempre me brind\u00f3 cari\u00f1o&#8230; Pero con respeto a lo otro, soy una persona p\u00fablica y debo hacerme el boludo y aceptar esa injusticia.<\/p>\n<p><em><strong>&#8211; \u00bfQu\u00e9 te genera la vuelta del p\u00fablico al Gigante?<\/strong><\/em><\/p>\n<p>&#8211; No veo la hora que empiece el partido y volver a encontrarme con la gente. Muy lindo. Es so\u00f1ado. Ojal\u00e1 que los chicos que no les toc\u00f3 jugar con gente en Alberdi se contagien de cosas positivas para que su rendimiento aumente. A m\u00ed me pasa de extra\u00f1ar jugar con gente y se me hizo dif\u00edcil la espera.<\/p>\n<blockquote readability=\"6\">\n<p>De los 26 goles con la casaca del \u201cPirata\u201d, 18 fueron de local y 8 de visitante.<\/p>\n<\/blockquote>\n<h3>L\u00e1grimas de familia<\/h3>\n<p>Por estos d\u00edas el delantero est\u00e1 leyendo un libro sobre paternidad. Es que junto a su pareja est\u00e1n esperado a su primer hijo. Perd\u00f3n, junto a su pareja y junto a Domingo, su mascota. Es que el perrito es alguien fundamental en la vida de la familia Vegetti.<\/p>\n<p>\u201cDomingo es mi perro, es uno m\u00e1s de la familia. Lo cuidamos, le brindamos amor y ahora que esperamos nuestro primer hijo sea crea un v\u00ednculo lindo\u201d, expresa y se nota en su tono de voz ese aprecio por su mascota. Es otro. No es el mismo que reflexionaba sobre las circunstancias que se atraviesan en un estadio. Domingo es muy especial, ya que es la primera mascota en su vida. \u201cAntes no era muy amante de los animales, pero \u00e9l me gener\u00f3 amor. Es una linda sensaci\u00f3n\u201d, resalta.<\/p>\n<p>La familia despierta ese lado \u00edntimo en este artillero letal dentro del \u00e1rea. Pero tambi\u00e9n, otros momentos.<\/p>\n<p><em><strong>&#8211; \u00bfQu\u00e9 record\u00e1s de aquellas l\u00e1grimas despu\u00e9s del partido con Estudiantes en R\u00edo Cuarto?<\/strong><\/em><\/p>\n<p>&#8211; Fue un punto de partida para nosotros, despu\u00e9s de un mal momento, que lleva a malos momentos emocionales, la est\u00e1bamos pasando mal puertas adentro. Fue clave ese triunfo, porque arrancamos, y empezamos a tener solidez y triunfos. Fue el puntapi\u00e9 inicial para hoy estar tratando de meternos en zona de clasificaci\u00f3n. Fue muy valioso, por eso la emoci\u00f3n. Adem\u00e1s, fue el primer gol despu\u00e9s de enterarme que iba a ser pap\u00e1.<\/p>\n<table>\n<tbody>\n<tr>\n<td><a href=\"https:\/\/lmdiario.com.ar\/categoria\/52\/ed-impresa\" target=\"_self\" rel=\"noopener\"><img loading=\"lazy\" alt=\"LNM - Edici\u00f3n Impresa\" caption=\"false\" class=\"img-responsive lazyload\" data-src=\"http:\/\/cordobadirecto.com\/wp-content\/uploads\/2022\/03\/es-un-orgullo-estar-en-la-historia-de-un-club-tan-grande-como-belgrano-1.jpg\" height=\"262\" src=\"data:,\" title=\"Edici\u00f3n Impresa\" width=\"200\"><\/a><\/td>\n<\/tr>\n<\/tbody>\n<\/table>\n<hr>\n<p><strong><em>Segu\u00ed el desarrollo de esta noticia y otras m\u00e1s&nbsp;<br \/>en la edici\u00f3n impresa de La Nueva Ma\u00f1ana<\/em><\/strong>&nbsp;<br \/><span><em>[&nbsp;<span>Todos los <\/span><\/em><\/span><span><em><span>viernes en tu kiosco&nbsp;<\/span>]<\/em><\/span><\/p>\n<hr>\n","protected":false},"excerpt":{"rendered":"<p>&nbsp; Pablo Vegetti jug\u00f3 50 partidos con la camiseta de Belgrano, donde ha convertido 26 tantos. En todos esos juegos, donde siempre fue titular, en 15 ocasiones convirti\u00f3 el primer gol del equipo. Un animal del \u00e1rea. Esos n\u00fameros lo han llevado a ya estar en la historia del club de barrio Alberdi. Es que [&hellip;]<\/p>\n","protected":false},"author":1,"featured_media":47579,"comment_status":"open","ping_status":"closed","sticky":false,"template":"","format":"standard","meta":[],"categories":[21],"tags":[],"_links":{"self":[{"href":"http:\/\/cordobadirecto.com\/index.php\/wp-json\/wp\/v2\/posts\/47578"}],"collection":[{"href":"http:\/\/cordobadirecto.com\/index.php\/wp-json\/wp\/v2\/posts"}],"about":[{"href":"http:\/\/cordobadirecto.com\/index.php\/wp-json\/wp\/v2\/types\/post"}],"author":[{"embeddable":true,"href":"http:\/\/cordobadirecto.com\/index.php\/wp-json\/wp\/v2\/users\/1"}],"replies":[{"embeddable":true,"href":"http:\/\/cordobadirecto.com\/index.php\/wp-json\/wp\/v2\/comments?post=47578"}],"version-history":[{"count":0,"href":"http:\/\/cordobadirecto.com\/index.php\/wp-json\/wp\/v2\/posts\/47578\/revisions"}],"wp:featuredmedia":[{"embeddable":true,"href":"http:\/\/cordobadirecto.com\/index.php\/wp-json\/wp\/v2\/media\/47579"}],"wp:attachment":[{"href":"http:\/\/cordobadirecto.com\/index.php\/wp-json\/wp\/v2\/media?parent=47578"}],"wp:term":[{"taxonomy":"category","embeddable":true,"href":"http:\/\/cordobadirecto.com\/index.php\/wp-json\/wp\/v2\/categories?post=47578"},{"taxonomy":"post_tag","embeddable":true,"href":"http:\/\/cordobadirecto.com\/index.php\/wp-json\/wp\/v2\/tags?post=47578"}],"curies":[{"name":"wp","href":"https:\/\/api.w.org\/{rel}","templated":true}]}}