{"id":4768,"date":"2021-04-15T20:06:01","date_gmt":"2021-04-15T20:06:01","guid":{"rendered":"https:\/\/cordoba.gob.ar\/?p=7986"},"modified":"2021-04-15T20:06:01","modified_gmt":"2021-04-15T20:06:01","slug":"cordoba-realizara-por-primera-vez-una-cumbre-mundial-de-economia-circular","status":"publish","type":"post","link":"http:\/\/cordobadirecto.com\/index.php\/2021\/04\/15\/cordoba-realizara-por-primera-vez-una-cumbre-mundial-de-economia-circular\/","title":{"rendered":"C\u00f3rdoba realizar\u00e1 por primera vez una Cumbre Mundial de Econom\u00eda Circular"},"content":{"rendered":"<div><img src=\"http:\/\/cordobadirecto.com\/wp-content\/uploads\/2021\/04\/cordoba-realizara-por-primera-vez-una-cumbre-mundial-de-economia-circular.jpg\" class=\"ff-og-image-inserted\"><\/div>\n<ul>\n<li><strong>El anuncio fue realizado por el intendente Mart\u00edn Llaryora en el primer Congreso de Econom\u00eda Circular de la ciudad, que tuvo como objetivo potenciar el modelo alternativo de producci\u00f3n econ\u00f3mica.<\/strong><\/li>\n<li><strong>Estuvieron presentes funcionarios, representantes de diversas entidades, universidades, fundaciones y empresas.<\/strong><\/li>\n<li><strong>De la mano de expositores internacionales, y de manera remota, se conocieron experiencias que sirven de modelo.<\/strong><\/li>\n<\/ul>\n<hr>\n<p>El Intendente Mart\u00edn Llaryora cerr\u00f3 hoy el primer Congreso de Econom\u00eda Circular llevado a cabo este jueves, con la organizaci\u00f3n de la Municipalidad de C\u00f3rdoba y la coordinaci\u00f3n del Ente BioC\u00f3rdoba, que cont\u00f3 con las ponencias de expositores internacionales.<\/p>\n<p>Durante toda la ma\u00f1ana se reunieron bajo un estricto protocolo sanitario, funcionarios, representantes de diversas entidades, universidades, fundaciones y empresas para dialogar acerca de los esfuerzos y los desaf\u00edos que demanda el camino de la Econom\u00eda Circular.<\/p>\n<p><em>\u201cEn virtud al cambio clim\u00e1tico y disrupciones tecnol\u00f3gicas, el mundo est\u00e1 cambiando el paradigma. Y el mundo no espera a una ciudad u otra, las tendencias se aplican. Adaptarse no es optativo. Ese, no es solo un cambio que nos proponemos a hacer dentro de nuestra ciudad, sino que tambi\u00e9n queremos liderarlo. Por eso estamos convocando a una Cumbre Mundial de Econom\u00eda Circular para el mes de agosto\u201d<\/em>, anunci\u00f3 Llaryora.<\/p>\n<p>El intendente sostuvo que C\u00f3rdoba debe liderar los cambios de paradigma ambientales y productivos y propuso que la ciudad se anime a ser resilientes e innovadores, aplicando lo que \u00e9l denomina las cuatro C de la Econom\u00eda: La Econom\u00eda de Conocimiento, la Econom\u00eda Creativa, la Econom\u00eda Circular y la Econom\u00eda Comunitaria.<\/p>\n<p><em>\u201cEntender ese marco de disrupci\u00f3n es comprender la resiliencia, para encaminarnos hacia ese paradigma que C\u00f3rdoba quiere liderar y avanzar para que nuestros vecinos est\u00e9n mejor, con los paradigmas ambientales modernos, innovadores, que prioricen el cuidado del medioambiente, en post del bienestar de las nuevas generaciones\u201d<\/em>, expres\u00f3 el Jefe Comunal.<\/p>\n<p>Por el contrario, agreg\u00f3 el intendente, <em>\u201cel modelo productivo utilizado a lo largo del Siglo XX y en parte del actual nos lleva a la situaci\u00f3n que todos conocemos: calentamiento global, destrucci\u00f3n del ambiente y al agotamiento de recursos. Por eso, este encuentro al que hoy asistimos es disruptivo, porque tenemos cimentada la idea de que ese paradigma productivo del siglo pasado se tiene que acabar y no podemos esperar que otras ciudades sean las que solucionen nuestros problemas, sino que tenemos que colaborar con el mundo desde donde estamos\u201d<\/em>.<\/p>\n<p>El prop\u00f3sito del congreso fue potenciar y acelerar este modelo de producci\u00f3n en la ciudad de C\u00f3rdoba mediante la construcci\u00f3n de redes de trabajo locales para dise\u00f1ar e implementar estrategias circulares. Es necesario tambi\u00e9n incluir la Econom\u00eda Circular en las escuelas para escalar las soluciones circulares.<\/p>\n<p>En sus palabras de apertura, el Titular del Ente BioC\u00f3rdoba, Enzo Cravero, sostuvo: <em>\u201cEstamos comprometidos con este modelo econ\u00f3mico, creemos en \u00e9l y en el compromiso del sector p\u00fablico, privado, universidades y ONG para contribuir a la trasformaci\u00f3n de fondo de los medios de producci\u00f3n y las cadenas de suministro. So\u00f1amos con este modelo productivo y sabemos que no alcanza con cambiar la forma de producir, sino tambi\u00e9n con que todos y todas cambiemos nuestros h\u00e1bitos y cultura de consumo. Sabemos que los cordobeses y cordobesas nos acompa\u00f1ar\u00e1n en este proceso\u201d.<\/em><\/p>\n<p>A su turno, el secretario de Gesti\u00f3n Ambiental y Sostenibilidad, Jorge Folloni, expres\u00f3: <em>\u201cCuando Mart\u00edn Llaryora asumi\u00f3 la intendencia de la ciudad de C\u00f3rdoba decidi\u00f3 crear la Secretaria de Gesti\u00f3n Ambiental y Sostenibilidad, lo cual fue un paso muy importante en la visi\u00f3n ambiental para la ciudad. La idea de Gesti\u00f3n es la de actuar para fortalecer e impulsar soluciones para la convivencia de las especies y el cuidado del ecosistema. Pero tambi\u00e9n, el intendente le agreg\u00f3 la Sostenibilidad, un concepto econ\u00f3mico, social y en armon\u00eda con el ambiente. Desde all\u00ed, esta gesti\u00f3n ya vislumbraba el paso de la econom\u00eda lineal para reemplazarla por la econom\u00eda circular\u201d.<\/em><\/p>\n<p>A su turno, el secretario de Ambiente, Juan Carlos Scotto, manifest\u00f3 su satisfacci\u00f3n por la realizaci\u00f3n de este evento y felicit\u00f3 al Municipio por \u201cla agenda ambiental que impulsa, instalando el cuidado del medioambiente como una pol\u00edtica de Estado\u201d.<\/p>\n<p>Participaron del Congreso el Secretario de Gesti\u00f3n Ambiental y Sostenibilidad, Jorge Folloni; el presidente del Ente BioC\u00f3rdoba, Enzo Cravero; la presidenta de C\u00f3rdoba Obras y Servicios (COyS), Victoria Flores; el secretario de Ambiente del Gobierno Provincial, Juan Carlos Scotto; y el titular de Comercor, Julio Ba\u00f1uelos.<\/p>\n<p>El encuentro entre todos los agentes de la ciudad signific\u00f3 un momento de innovaci\u00f3n para mejorar la calidad de vida de las personas, aumentar la competitividad y generar soluciones a los diversos problemas ambientales que nos aquejan como sociedad, como el calentamiento global y el agotamiento de los recursos naturales.<\/p>\n<p>Para ello, los asistentes participaron de un taller guiado por el ingeniero Carlos Ferrari. Reunidos en mesas de trabajos, se crearon ideas fuerza para la construcci\u00f3n de acuerdos entre el sector p\u00fablico, privado y asociaciones de la sociedad civil. Las propuestas giraron en torno a los retos, las oportunidades y planes de acci\u00f3n para acelerar la transici\u00f3n hacia la Econom\u00eda Circular de la ciudad de C\u00f3rdoba.<\/p>\n<p>Previamente presentaron su visi\u00f3n sobre la Econom\u00eda circular los invitados internacionales. A su turno se hicieron presentes, v\u00eda remota, el alcalde de la ciudad de Curitiba, Brasil, Rafael Greca; y Petar Ostojic, fundador y Director Ejecutivo de Centro de Innovaci\u00f3n y Econom\u00eda Circular de Chile y Director y Emprendedor de Endeavor Chile.<\/p>\n<p>Tambi\u00e9n expuso de manera virtual, desde M\u00e9xico, Othon Osorio, Director General de Management Natural, empresa de consultor\u00eda enfocada en liderazgo, emprendimiento y aprendizaje, dedicada a impulsar proyectos sociales y de econom\u00eda circular. Su empresa dise\u00f1\u00f3 UMANA (Universidad de Management Natural), una plataforma que propone un modelo de aprendizaje en relaci\u00f3n al ambiente.<\/p>\n<p>\u00bfQu\u00e9 es la Econom\u00eda Circular?<\/p>\n<p>La Econom\u00eda Circular es un m\u00e9todo alternativo al actual proceso de econom\u00eda lineal, que pretende transformar los patrones de producci\u00f3n y consumo de la sociedad para lograr un sistema productivo sustentable. Este paradigma propone reutilizar los recursos que actualmente son considerados residuos, para alcanzar un uso m\u00e1s eficiente de aquellos e incorporarlos nuevamente al proceso productivo.<\/p>\n","protected":false},"excerpt":{"rendered":"<p>El anuncio fue realizado por el intendente Mart\u00edn Llaryora en el primer Congreso de Econom\u00eda Circular de la ciudad, que tuvo como objetivo potenciar el modelo alternativo de producci\u00f3n econ\u00f3mica. Estuvieron presentes funcionarios, representantes de diversas entidades, universidades, fundaciones y empresas. De la mano de expositores internacionales, y de manera remota, se conocieron experiencias que [&hellip;]<\/p>\n","protected":false},"author":1,"featured_media":4769,"comment_status":"closed","ping_status":"closed","sticky":false,"template":"","format":"standard","meta":[],"categories":[44],"tags":[],"_links":{"self":[{"href":"http:\/\/cordobadirecto.com\/index.php\/wp-json\/wp\/v2\/posts\/4768"}],"collection":[{"href":"http:\/\/cordobadirecto.com\/index.php\/wp-json\/wp\/v2\/posts"}],"about":[{"href":"http:\/\/cordobadirecto.com\/index.php\/wp-json\/wp\/v2\/types\/post"}],"author":[{"embeddable":true,"href":"http:\/\/cordobadirecto.com\/index.php\/wp-json\/wp\/v2\/users\/1"}],"replies":[{"embeddable":true,"href":"http:\/\/cordobadirecto.com\/index.php\/wp-json\/wp\/v2\/comments?post=4768"}],"version-history":[{"count":0,"href":"http:\/\/cordobadirecto.com\/index.php\/wp-json\/wp\/v2\/posts\/4768\/revisions"}],"wp:featuredmedia":[{"embeddable":true,"href":"http:\/\/cordobadirecto.com\/index.php\/wp-json\/wp\/v2\/media\/4769"}],"wp:attachment":[{"href":"http:\/\/cordobadirecto.com\/index.php\/wp-json\/wp\/v2\/media?parent=4768"}],"wp:term":[{"taxonomy":"category","embeddable":true,"href":"http:\/\/cordobadirecto.com\/index.php\/wp-json\/wp\/v2\/categories?post=4768"},{"taxonomy":"post_tag","embeddable":true,"href":"http:\/\/cordobadirecto.com\/index.php\/wp-json\/wp\/v2\/tags?post=4768"}],"curies":[{"name":"wp","href":"https:\/\/api.w.org\/{rel}","templated":true}]}}