{"id":47891,"date":"2021-09-17T00:02:00","date_gmt":"2021-09-17T00:02:00","guid":{"rendered":"https:\/\/lmdiario.com.ar\/contenido\/307747\/talleres-la-1309-y-la-dictadura-tiempos-de-posverdad"},"modified":"2021-09-17T00:02:00","modified_gmt":"2021-09-17T00:02:00","slug":"talleres-la-1309-y-la-dictadura-tiempos-de-posverdad","status":"publish","type":"post","link":"http:\/\/cordobadirecto.com\/index.php\/2021\/09\/17\/talleres-la-1309-y-la-dictadura-tiempos-de-posverdad\/","title":{"rendered":"Talleres, la 1309 y la dictadura: Tiempos de posverdad"},"content":{"rendered":"<p><a href=\"https:\/\/lmdiario.com.ar\/tema\/5313\/edicion-impresa\" target=\"_self\" rel=\"noopener\"><img loading=\"lazy\" alt=\"chapa_ed_impresa_01 \" class=\"img-responsive lazyload\" data-src=\"http:\/\/cordobadirecto.com\/wp-content\/uploads\/2022\/03\/talleres-la-1309-y-la-dictadura-tiempos-de-posverdad.png\" height=\"22\" src=\"data:,\" title=\"Ed. Impresa_01\" width=\"140\"><\/a> &nbsp;<span><strong><em><\/em><\/strong><\/span><\/p>\n<p><span><strong><em>Especial para La Nueva Ma\u00f1ana<\/em><\/strong><\/span><\/p>\n<p>La Liga Cordobesa de F\u00fatbol, en el marco de su enfrentamiento hostil con Talleres por los porcentajes de transferencias de algunos futbolistas, eligi\u00f3 meterse en un terreno espinoso y pol\u00e9mico. Mientras ambos francos se destinaban perdigones, el ente madre apost\u00f3 a un golpe bajo en el que tambi\u00e9n puede salirle el tiro por la culata.&nbsp;<\/p>\n<p>Del mismo modo en que plantea la pelea a esta altura sin cuartel, ya la batalla no es con el presidente Andr\u00e9s Fassi sino con todo Talleres directamente, como instituci\u00f3n.<\/p>\n<p>Es que mediante una misiva oficial, le recuerda al club de barrio Jard\u00edn con los tiempos oscuros y dando por sentado una relaci\u00f3n de contubernio con el terrorismo de Estado y la dictadura reinante al tiempo de la homologaci\u00f3n de la ley 1309 con la intervenci\u00f3n de la Liga por los militares. Una discusi\u00f3n que ya super\u00f3 contextos y cordialidades. &nbsp;<\/p>\n<p>\u201c(\u2026) la \u00fanica intervenci\u00f3n que sufri\u00f3 nuestra instituci\u00f3n y que fue el corolario de un constante peregrinar de personajes relacionados entonces al entonces presidente albiazul (cuando no el mismo club) a la sede del Tercer Cuerpo del Ej\u00e9rcito hasta que la orden sali\u00f3 de la oficina del jefe de destacamento y lleg\u00f3 a Casa de las Tejas\u201d.&nbsp;<\/p>\n<p>Claro est\u00e1 que hace referencia en esa elipsis a Amadeo Nuccetelli.&nbsp;<\/p>\n<p>El escrito contin\u00faa diciendo \u201c\u2026 para que el general que ejerc\u00eda la gobernaci\u00f3n de facto Sigwald acabara con uno de los pocos espacios democr\u00e1ticos (\u2026) El interventor designado era -vaya casualidad- &nbsp;socio del Club Atl\u00e9tico Talleres\u201d. &nbsp;<\/p>\n<p><strong>Muy fuerte. <\/strong>A decir verdad, el conjunto albiazul nunca pudo quitarse el mote de ser los \u201cmimados\u201d por el Tercer Cuerpo del Ej\u00e9rcito en esos tiempos en el proceso militar, ni oculta que el represor Luciano Benjam\u00edn Men\u00e9ndez estuvo en el palco oficial en La Boutique en la final del Nacional en el \u201978 ante Independiente.<\/p>\n<p>La posverdad, tan en boga en tiempos actuales, lleva a revisar archivos y contextos para buscar entender si la Liga aplic\u00f3 un combate \u201csin c\u00f3digos\u201d o tiene algo de asidero en sus aseveraciones. &nbsp;<\/p>\n<p>Y a su vez, queda sentada la discusi\u00f3n respecto de algunas actitudes poco moralistas de Talleres con relaci\u00f3n a la ley 1309, sindicado como \u201ctraidor\u201d en el f\u00fatbol del interior, apelativo que no tuvo la misma vigencia con el paso del tiempo y el recuento de los episodios.&nbsp;<\/p>\n<p>Con contextos, claro est\u00e1, la b\u00fasqueda de esa posverdad es el motivo de esta nota.&nbsp;<\/p>\n<figure class=\"image\"><img loading=\"lazy\" alt=\"Art\u00edculos Talleres \u00a9 Archivo Gabi Incardona00001\" class=\"img-responsive lazyload\" data-src=\"http:\/\/cordobadirecto.com\/wp-content\/uploads\/2022\/03\/talleres-la-1309-y-la-dictadura-tiempos-de-posverdad.jpg\" data-srcset=\"\/download\/multimedia.normal.b88a90205ca4d550.417274c3ad63756c6f732054616c6c6572657320c2a9204172636869766f20475f6e6f726d616c2e6a7067.jpg 761w, \/download\/multimedia.miniatura.a178fda23cb2bf67.417274c3ad63756c6f732054616c6c6572657320c2a9204172636869766f20475f6d696e6961747572612e6a7067.jpg 233w\" height=\"978\" src=\"data:,\" width=\"761\"><figcaption><span>\u201cLa ley 1309 se invent\u00f3 para hacer justicia. Por todo lo que pas\u00f3 en los \u201970 y su aporte al Mundial \u201878 y todos los que vinieron de C\u00f3rdoba. A Talleres nadie le regal\u00f3 nada, no fue por acomodo o porque vino un militar e impuso que Talleres tiene que estar en AFA. Talleres se lo gan\u00f3, si era la mitad del seleccionado argentino. Era un equipazo\u201d, coment\u00f3 el extinto presidente de AFA, Julio Humberto Grondona, en una entrevista al periodista cordob\u00e9s Nilo Neder.&nbsp;<\/span><\/figcaption><\/figure>\n<h3>Los \u201970 y la Liga del Interior que no fue &nbsp;<\/h3>\n<p>La homologaci\u00f3n de la ley 1309 fue un premio para Talleres, no para los equipos del interior. Fue un traje a medida de la misma forma que lo fue para Racing Club la ley de Salvataje de Entidades Deportivas (25284), por ejemplo, para poder levantar las quiebras institucionales. &nbsp;<\/p>\n<p>Talleres ya era asiduo protagonista en los torneos nacionales y luego de haber disputado la final del Nacional \u201977 (jugado en enero del \u201978) le asist\u00eda el derecho leg\u00edtimo de disputar la Copa Libertadores, siendo esta una de las razones para anexar al Albiazul a los torneos de AFA a pesar de su naturaleza de indirectamente afiliado.<br \/>Pero antes hubo un antecedente del que muchos a\u00fan dividen posturas, con la creaci\u00f3n de la Liga del interior y donde Talleres, al salir mejor parado, recibi\u00f3 adhesi\u00f3n y sobre todo desencantos.<\/p>\n<p>El 21 de diciembre de 1979 clubes nucleados en la Liga del Interior, reunidos en el club San Mart\u00edn de Tucum\u00e1n, le dieron forma al reclamo. Incluso hubo un torneo piloto. Pero AFA a su manera le otorg\u00f3 la concesi\u00f3n directa a Talleres, con justificaci\u00f3n deportiva, y como luego en el \u201985 se dio paso a la reestructuraci\u00f3n del f\u00fatbol argentino con la creaci\u00f3n del viejo Nacional B y la eliminaci\u00f3n de los torneos Nacionales, muchos del interior tomaron la acci\u00f3n como una desilusi\u00f3n por parte de Talleres, que no apost\u00f3 a continuar la lucha m\u00e1s federal del f\u00fatbol con la derogaci\u00f3n de la ley 1309 en el \u201883, ya que se hab\u00eda acomodado entre los grandes. \u201cNos solt\u00f3 la mano\u201d, recuerdan en Tucum\u00e1n no con mucho agrado.&nbsp;<\/p>\n<p>\u00bfTraici\u00f3n? Muchos lo toman de esa manera, pero la realidad es que hab\u00eda doble vara en muchos dirigentes y el Albiazul al saber gestionar mejor sus derechos y haciendo valer sus m\u00e9ritos deportivos, fue quien termin\u00f3 de quedarse con el primer premio de la 1309. Hoy con documentos y archivos en mano, suena m\u00e1s a despecho, celos o resentimiento por parte de algunos socios del interior, sobre todo San Mart\u00edn de Tucum\u00e1n, fuerte impulsor de la Liga del Interior pero que tambi\u00e9n intent\u00f3 imitar a la \u201cT\u201d desde lo deportivo. A este dolor lo viven como un cl\u00e1sico, invocando a Talleres en muchas canciones de tribuna, en recriminaci\u00f3n de ese derecho adjudicado y mirado con recelo y con comentarios de \u201ctraici\u00f3n\u201d al evocar las extensas negociaciones a la hora de la promulgaci\u00f3n. Es que su presidente Natalio Mirkin conformaba el binomio con Nuccetelli como alfiles de esta batalla, y al final, solo los de barrio Jard\u00edn terminaron celebrando.&nbsp;<\/p>\n<figure class=\"image\"><img loading=\"lazy\" alt=\"Art\u00edculos Talleres \u00a9 Archivo Gabi Incardona00002\" class=\"img-responsive lazyload\" data-alto-grande=\"899\" data-ancho-grande=\"1707\" data-src=\"http:\/\/cordobadirecto.com\/wp-content\/uploads\/2022\/03\/talleres-la-1309-y-la-dictadura-tiempos-de-posverdad-1.jpg\" data-srcset=\"\/download\/multimedia.normal.b0dd0d919a2719fd.417274c3ad63756c6f732054616c6c6572657320c2a9204172636869766f20475f6e6f726d616c2e6a7067.jpg 1000w, \/download\/multimedia.grande.bf7a34b2023bc648.417274c3ad63756c6f732054616c6c6572657320c2a9204172636869766f20475f6772616e64652e6a7067.jpg 1707w, \/download\/multimedia.miniatura.9ce24921e238d2c9.417274c3ad63756c6f732054616c6c6572657320c2a9204172636869766f20475f6d696e6961747572612e6a7067.jpg 400w\" height=\"526\" src=\"data:,\" width=\"1000\"><figcaption><span>\u201cQue triste que algunos dirigentes quieran ensuciar al equipo que m\u00e1s tiempo le dio de comer. Relaciones absurdas, durante m\u00e1s de 10 a\u00f1os llenamos todos los estadios de la Liga con jugadores de selecci\u00f3n. Nunca m\u00e1s pas\u00f3. Antes de hablar de Amadeo tienen que lavarse la boca\u201d. (Daniel \u201cRana\u201d Valencia)<\/span><\/figcaption><\/figure>\n<h3>Militares de reojo&nbsp;<\/h3>\n<p>En C\u00f3rdoba estaba claro que las entidades mostraron disconformidad total al perder a su equipo m\u00e1s convocante, medida a la cual r\u00e1pidamente adhirieron Belgrano e Instituto: un par de buenas campa\u00f1as los podr\u00edan depositar en AFA, un atajo para evitar los campeonatos locales y meterse en el profesionalismo deseado compitiendo con los porte\u00f1os.&nbsp;<\/p>\n<p>Es decir, criticaban la actitud de Talleres, por un lado, pero por otro, encontraron una puerta de acceso directo en vez de seguir compitiendo en la Liga local. Entonces, algunos apoyaban buscando ser beneficiados con la 1309 pero pocos lo lograron. Y como Talleres fue la excusa perfecta para AFA, es l\u00f3gico que reciba algunos cuestionamientos de parte de aquellos que quedaron en el camino. &nbsp;<\/p>\n<p>El interventor Federal Amado Rold\u00e1n (socio honorario de Talleres) allan\u00f3 el camino para que el Consejo de LCF facilitara la llegada de Talleres a AFA autorizando la 1309 pero hubo negativas rotundas. Sigwald entonces envi\u00f3 a su hijo de emisario a la reuni\u00f3n clave que dur\u00f3 hasta las 6 de la ma\u00f1ana seg\u00fan cuentan las cr\u00f3nicas con la decisi\u00f3n final de concederle la participaci\u00f3n al Metropolitano del \u201980 al club de barrio Jard\u00edn, con plaza fija.&nbsp;<br \/>Es decir, la ley 1309 fue creada solo para habilitar a Talleres a los torneos metropolitanos. Instituto y Racing fueron meramente efectos colaterales. Dur\u00f3 apenas cuatro a\u00f1os, no hubo m\u00e1s clubes indirectamente afiliados anexados a AFA y por eso es que desde lo profundo del interior hay malestar con esa actitud de Talleres. Justa o no, leg\u00edtima o no, existe. En los papeles no hubo traici\u00f3n.&nbsp;<\/p>\n<p>Pero entendiendo la relaci\u00f3n y en lo pactado, el an\u00e1lisis depender\u00e1 del lente de quien cuente la historia.&nbsp;&nbsp;<\/p>\n<hr>\n<h3>La AFA rebelde que no fue&nbsp;<\/h3>\n<p>Por: <strong>Eduardo Eschoyez<\/strong> (Radio Suqu\u00eda)<\/p>\n<p>La 1309 fue el bot\u00f3n rojo que accion\u00f3 el centralismo porte\u00f1o nucleado en AFA, para desactivar la conformaci\u00f3n oficial de una Liga rebelde, que reun\u00eda a los clubes m\u00e1s importantes de las provincias y era liderada por Talleres, el equipo sensaci\u00f3n de finales de los \u201970. Amadeo sab\u00eda que no podr\u00eda sostener al equipo jugando en la Liga y se encontr\u00f3 en una encrucijada: apostar por una AFA bis, con la chapa de su poder\u00edo futbol\u00edstico (\u00a1en el 79 ten\u00eda a cinco campeones del mundo!) y el apoyo de los clubes del interior, o bien ceder ante la tentaci\u00f3n de una \u201cinvitaci\u00f3n\u201d individual, que desde BA pusieron a su disposici\u00f3n para romper la resistencia. &nbsp;<\/p>\n<p>Por supuesto, Amadeo habl\u00f3 de \u201csalvar\u201d a Talleres, aunque en las provincias a\u00fan hoy se mantenga la interpretaci\u00f3n de que le solt\u00f3 la mano a una Liga que necesitaba de todos, pero particularmente de los cordobeses de barrio Jard\u00edn.&nbsp;<\/p>\n<p>Definitivamente, la 1309 fue un traje hecho a medida de la \u201cT\u201d. Despu\u00e9s, como efecto colateral, entraron Instituto y Racing, en un universo de dirigentes que pendulaban entre los intereses de la Liga latente y los de sus equipos, a nivel particular. \u00bfAlguien puede afirmar o negar que los representantes de los clubes que se quedaron afuera, casi en condici\u00f3n de \u201cviudos\u201d de Talleres, no hubieran hecho lo mismo que los albiazules? Imposible saberlo. Lo \u00fanico que tenemos en claro es que Talleres era siempre buena noticia y desde esa condici\u00f3n, todos quer\u00edan sacarse una foto con sus jugadores. Incluso, los militares.&nbsp;<\/p>\n<hr>\n<h3>En San Mart\u00edn, el rencor con Talleres no se olvida&nbsp;<\/h3>\n<p><strong>Julio Rubino<\/strong> (LV 12 de Tucum\u00e1n)<\/p>\n<p>San Mart\u00edn de Tucum\u00e1n tiene a Talleres como uno de esos rivales directos a los que siempre quiere vencer, sin importar contexto. Es que quedan resabios tras aquella lucha del f\u00fatbol del interior para armar su Liga propia, el anexo de Talleres por la 1309 a los torneos Metropolitanos y otros episodios que no dejaron el mejor recuerdo. Mirkin y Nuccetelli encabezaron una rebeli\u00f3n que solo tuvo al club cordob\u00e9s como beneficiario, y que luego se dio por desentendido una vez conseguido su incorporaci\u00f3n. Hubo m\u00e9ritos deportivos, eso est\u00e1 claro. Pero en Tucum\u00e1n esperaban un gesto m\u00e1s comprometido de Talleres para continuar con la vigencia de esa ley. De hecho, San Mart\u00edn siempre le recuerda esa traici\u00f3n, en sus canciones y cada partido contra ellos se vive como una final. Pero sobre todo San Mart\u00edn lo vive de esa forma. Atl\u00e9tico Tucum\u00e1n por el contrario tiene afinidad con la hinchada albiazul, por ejemplo. Pero en \u00e1mbitos de la Liga Tucumana, qued\u00f3 la sensaci\u00f3n de que Talleres pudo comprometerse e involucrarse m\u00e1s y al final, se termin\u00f3 acomodando solo.&nbsp;<\/p>\n<table>\n<tbody>\n<tr>\n<td><a href=\"https:\/\/lmdiario.com.ar\/categoria\/52\/ed-impresa\" target=\"_self\" rel=\"noopener\"><img loading=\"lazy\" alt=\"LNM - Edici\u00f3n Impresa\" caption=\"false\" class=\"img-responsive lazyload\" data-src=\"http:\/\/cordobadirecto.com\/wp-content\/uploads\/2022\/03\/talleres-la-1309-y-la-dictadura-tiempos-de-posverdad-2.jpg\" height=\"262\" src=\"data:,\" title=\"Edici\u00f3n Impresa\" width=\"200\"><\/a><\/td>\n<\/tr>\n<\/tbody>\n<\/table>\n<hr>\n<p><strong><em>Segu\u00ed el desarrollo de esta noticia y otras m\u00e1s&nbsp;<br \/>en la edici\u00f3n impresa de La Nueva Ma\u00f1ana<\/em><\/strong>&nbsp;<br \/><span><em>[&nbsp;<span>Todos los <\/span><\/em><\/span><span><em><span>viernes en tu kiosco&nbsp;<\/span>]<\/em><\/span><\/p>\n<hr>\n","protected":false},"excerpt":{"rendered":"<p>&nbsp; Especial para La Nueva Ma\u00f1ana La Liga Cordobesa de F\u00fatbol, en el marco de su enfrentamiento hostil con Talleres por los porcentajes de transferencias de algunos futbolistas, eligi\u00f3 meterse en un terreno espinoso y pol\u00e9mico. Mientras ambos francos se destinaban perdigones, el ente madre apost\u00f3 a un golpe bajo en el que tambi\u00e9n puede [&hellip;]<\/p>\n","protected":false},"author":1,"featured_media":47892,"comment_status":"open","ping_status":"closed","sticky":false,"template":"","format":"standard","meta":[],"categories":[21],"tags":[],"_links":{"self":[{"href":"http:\/\/cordobadirecto.com\/index.php\/wp-json\/wp\/v2\/posts\/47891"}],"collection":[{"href":"http:\/\/cordobadirecto.com\/index.php\/wp-json\/wp\/v2\/posts"}],"about":[{"href":"http:\/\/cordobadirecto.com\/index.php\/wp-json\/wp\/v2\/types\/post"}],"author":[{"embeddable":true,"href":"http:\/\/cordobadirecto.com\/index.php\/wp-json\/wp\/v2\/users\/1"}],"replies":[{"embeddable":true,"href":"http:\/\/cordobadirecto.com\/index.php\/wp-json\/wp\/v2\/comments?post=47891"}],"version-history":[{"count":0,"href":"http:\/\/cordobadirecto.com\/index.php\/wp-json\/wp\/v2\/posts\/47891\/revisions"}],"wp:featuredmedia":[{"embeddable":true,"href":"http:\/\/cordobadirecto.com\/index.php\/wp-json\/wp\/v2\/media\/47892"}],"wp:attachment":[{"href":"http:\/\/cordobadirecto.com\/index.php\/wp-json\/wp\/v2\/media?parent=47891"}],"wp:term":[{"taxonomy":"category","embeddable":true,"href":"http:\/\/cordobadirecto.com\/index.php\/wp-json\/wp\/v2\/categories?post=47891"},{"taxonomy":"post_tag","embeddable":true,"href":"http:\/\/cordobadirecto.com\/index.php\/wp-json\/wp\/v2\/tags?post=47891"}],"curies":[{"name":"wp","href":"https:\/\/api.w.org\/{rel}","templated":true}]}}