{"id":4804,"date":"2021-04-15T19:19:19","date_gmt":"2021-04-15T19:19:19","guid":{"rendered":"https:\/\/es.digitaltrends.com\/?p=804577"},"modified":"2021-04-15T19:19:19","modified_gmt":"2021-04-15T19:19:19","slug":"piden-a-mark-zuckerberg-desistir-del-instagram-para-ninos","status":"publish","type":"post","link":"http:\/\/cordobadirecto.com\/index.php\/2021\/04\/15\/piden-a-mark-zuckerberg-desistir-del-instagram-para-ninos\/","title":{"rendered":"Piden a Mark Zuckerberg desistir del Instagram para ni\u00f1os"},"content":{"rendered":"<div><img src=\"http:\/\/cordobadirecto.com\/wp-content\/uploads\/2021\/04\/piden-a-mark-zuckerberg-desistir-del-instagram-para-ninos.jpg\" class=\"ff-og-image-inserted\"><\/div>\n<p>Una coalici\u00f3n internacional de organizaciones ciudadanas pidi\u00f3 al director ejecutivo de Facebook <a href=\"https:\/\/es.digitaltrends.com\/sociales\/por-que-facebook-compro-instagram\/\">Mark Zuckerberg<\/a> abandonar los planes para desarrollar una versi\u00f3n de Instagram, su popular red social de fotograf\u00edas, para menores de 13 a\u00f1os.<\/p>\n<p>Seg\u00fan el conglomerado de 35 entidades ligadas a la protecci\u00f3n de la infancia y los derechos de los consumidores, Instagram ya ha sido incapaz de evitar que ni\u00f1os ingresen a la plataforma y sean v\u00edctimas del <a href=\"https:\/\/es.digitaltrends.com\/sociales\/decada-instagram-polemicas\/\">bullying<\/a> y los <a href=\"https:\/\/es.digitaltrends.com\/noticias\/pepe-le-pew-space-jam-2\/\">acosadores sexuales<\/a>.<\/p>\n<p>Instagram est\u00e1 restringido para mayores de 13 a\u00f1os, sin embargo, esto no ha impedido que menores de edad se registren en la plataforma con informaci\u00f3n falsa. Para enfrentar esa realidad, la compa\u00f1\u00eda trabaja en una <a href=\"https:\/\/es.digitaltrends.com\/sociales\/instagram-menores-13-anos\/\">versi\u00f3n para ni\u00f1os de 10 a 12 a\u00f1os<\/a>.<\/p>\n<p>Las organizaciones no solo consideraron poco probable que estos menores se trasladen a la versi\u00f3n infantil de Instagram, sino que esta nueva plataforma expondr\u00eda a ni\u00f1os a pr\u00e1cticas nocivas para su desarrollo.<\/p>\n<p>\u201cSi bien recopilar datos familiares valiosos y cultivar una nueva generaci\u00f3n de usuarios de Instagram puede ser bueno para Facebook, aumentar\u00e1 el uso de Instagram por parte de los ni\u00f1os que son particularmente vulnerables a las caracter\u00edsticas manipuladoras y explotadoras de la plataforma\u201d, advirtieron.<\/p>\n<p>La coalici\u00f3n es liderada por la Campa\u00f1a por una Infancia Libre de Comerciales de Boston y la integran Africa Digital Rights \u2018Hub de Ghana, el Consejo Australiano de Ni\u00f1os y Medios de Comunicaci\u00f3n, el Centro para la Democracia Digital de Washington, Common Sense Media de San Francisco, la Federaci\u00f3n de Consumidores de Am\u00e9rica, y la Fundaci\u00f3n 5Rights de Gran Breta\u00f1a.<\/p>\n<h2>Sin anuncios<\/h2>\n<p>Stephanie Otway, portavoz de Facebook, asegur\u00f3 a <a href=\"https:\/\/www.nytimes.com\/2021\/04\/15\/technology\/Facebook-cancel-Instagram-children.html\"><em>The New York Times<\/em><\/a><span> que aunque la plataforma est\u00e1 en fases iniciales de desarrollo, est\u00e1 descartada la posibilidad de mostrar anuncios de productos.<\/span><\/p>\n<p>Adem\u00e1s, asegur\u00f3 que planean consultar a expertos en salud y seguridad de los ni\u00f1os, y se implementar\u00e1n nuevos m\u00e9todos de verificaci\u00f3n de edad.<\/p>\n<p>\u201cLa realidad es que los ni\u00f1os est\u00e1n en l\u00ednea. Quieren conectarse con su familia y amigos, divertirse y aprender, y queremos ayudarlos a hacerlo de una manera segura y apropiada para su edad\u201d, asegur\u00f3.<\/p>\n<h4 class=\"h-editors-recs-title\"> Recomendaciones del editor\t<\/h4>\n<p> <span id=\"publisher-md\" itemprop=\"publisher\" itemscope itemtype=\"https:\/\/schema.org\/Organization\"> <span itemprop=\"url\" itemtype=\"https:\/\/schema.org\/Url\" content=\"https:\/\/es.digitaltrends.com\"> <span itemprop=\"logo\" itemscope itemtype=\"https:\/\/schema.org\/ImageObject\"> <meta itemprop=\"url\" content=\"https:\/\/cdn.dtcn.com\/dt\/dt-logo-small.png\"> <meta itemprop=\"width\" content=\"0\"> <meta itemprop=\"height\" content=\"0\"> <\/span> <meta itemprop=\"name\" content=\"Digital Trends Espa\u00f1ol\"> <\/span> <span itemprop=\"image\" itemscope itemtype=\"https:\/\/schema.org\/ImageObject\"> <meta itemprop=\"url\" content=\"https:\/\/img.dtcn.com\/image\/digitaltrends_es\/stock-kids-on-cell-phone.jpg\"> <\/span> <\/span><\/p>\n","protected":false},"excerpt":{"rendered":"<p>Una coalici\u00f3n internacional de organizaciones ciudadanas pidi\u00f3 al director ejecutivo de Facebook Mark Zuckerberg abandonar los planes para desarrollar una versi\u00f3n de Instagram, su popular red social de fotograf\u00edas, para menores de 13 a\u00f1os. Seg\u00fan el conglomerado de 35 entidades ligadas a la protecci\u00f3n de la infancia y los derechos de los consumidores, Instagram ya [&hellip;]<\/p>\n","protected":false},"author":1,"featured_media":4805,"comment_status":"closed","ping_status":"closed","sticky":false,"template":"","format":"standard","meta":[],"categories":[26],"tags":[],"_links":{"self":[{"href":"http:\/\/cordobadirecto.com\/index.php\/wp-json\/wp\/v2\/posts\/4804"}],"collection":[{"href":"http:\/\/cordobadirecto.com\/index.php\/wp-json\/wp\/v2\/posts"}],"about":[{"href":"http:\/\/cordobadirecto.com\/index.php\/wp-json\/wp\/v2\/types\/post"}],"author":[{"embeddable":true,"href":"http:\/\/cordobadirecto.com\/index.php\/wp-json\/wp\/v2\/users\/1"}],"replies":[{"embeddable":true,"href":"http:\/\/cordobadirecto.com\/index.php\/wp-json\/wp\/v2\/comments?post=4804"}],"version-history":[{"count":0,"href":"http:\/\/cordobadirecto.com\/index.php\/wp-json\/wp\/v2\/posts\/4804\/revisions"}],"wp:featuredmedia":[{"embeddable":true,"href":"http:\/\/cordobadirecto.com\/index.php\/wp-json\/wp\/v2\/media\/4805"}],"wp:attachment":[{"href":"http:\/\/cordobadirecto.com\/index.php\/wp-json\/wp\/v2\/media?parent=4804"}],"wp:term":[{"taxonomy":"category","embeddable":true,"href":"http:\/\/cordobadirecto.com\/index.php\/wp-json\/wp\/v2\/categories?post=4804"},{"taxonomy":"post_tag","embeddable":true,"href":"http:\/\/cordobadirecto.com\/index.php\/wp-json\/wp\/v2\/tags?post=4804"}],"curies":[{"name":"wp","href":"https:\/\/api.w.org\/{rel}","templated":true}]}}