{"id":48247,"date":"2022-03-08T17:41:50","date_gmt":"2022-03-08T17:41:50","guid":{"rendered":"https:\/\/www.ole.com.ar\/autos\/piloto-confirmado-tc2000_0_VSOJg3irYE.html"},"modified":"2022-03-08T17:41:50","modified_gmt":"2022-03-08T17:41:50","slug":"piloto-confirmado-en-el-equipo-fiat-competizione","status":"publish","type":"post","link":"http:\/\/cordobadirecto.com\/index.php\/2022\/03\/08\/piloto-confirmado-en-el-equipo-fiat-competizione\/","title":{"rendered":"\u00a1Piloto confirmado en el equipo Fiat Competizione!"},"content":{"rendered":"<p>El equipo Fiat Competizione, que tiene como director Federico Su\u00e1rez Salvia, tendr\u00e1 al piloto uruguayo Gonzalo Reily para estar al volante de uno de los Fiat Cronos.<\/p>\n<div class=\"sp__SM\">\n<div class=\"content-new \">\n<span class=\"tit-mobile\">Mir\u00e1 tambi\u00e9n<\/span><\/p>\n<div class=\"mg\">\n<div class=\"wrap-figure\">\n<picture>\n<a href=\"https:\/\/www.ole.com.ar\/autos\/presenta-temporada-2022_0_zJBcTwtBLa.html\" target=\"_self\" rel=\"noopener\"><br \/>\n<img class=\"img-responsive\" alt=\"\u00a1Se viene la presentaci\u00f3n!\" src=\"http:\/\/cordobadirecto.com\/wp-content\/uploads\/2022\/03\/piloto-confirmado-en-el-equipo-fiat-competizione.jpg\" loading=\"lazy\"><br \/>\n<\/a>\n<\/picture>\n<\/div>\n<\/div><\/div>\n<\/div>\n<p><mark>&#8220;Tengo la alegr\u00eda de contarles que el 12 y 13 de marzo voy a estar debutando en el TC2000 (ex S\u00faper) con un Fiat Cronos del equipo Fiat Competizione&#8221;<\/mark>, se\u00f1al\u00f3 Reily en su cuenta de Instagram.<\/p>\n<p><mark>Es un nuevo desaf\u00edo para el oriental que compiti\u00f3 m\u00e1s de una temporada en el TC2000<\/mark>, ahora TC2000 Series, y en el TCR South America en algunas carreras de 2021.<\/p>\n<div class=\"sp__SM\">\n<div class=\"content-new \">\n<span class=\"tit-mobile\">Mir\u00e1 tambi\u00e9n<\/span><\/p>\n<div class=\"mg\">\n<div class=\"wrap-figure\">\n<picture>\n<a href=\"https:\/\/www.ole.com.ar\/autos\/bastianini-gano-qatar_0_9QgMCzWu96.html\" target=\"_self\" rel=\"noopener\"><br \/>\n<img class=\"img-responsive\" alt=\"\u00a1Un triunfo Bestial!\" src=\"http:\/\/cordobadirecto.com\/wp-content\/uploads\/2022\/03\/piloto-confirmado-en-el-equipo-fiat-competizione-1.jpg\" loading=\"lazy\"><br \/>\n<\/a>\n<\/picture>\n<\/div>\n<\/div><\/div>\n<\/div>\n<p><mark>&#8220;Es un nuevo desaf\u00edo competir en una de las categor\u00edas m\u00e1s importantes de la Argentina y m\u00e1s avanzadas tecnol\u00f3gicamente de Sudam\u00e9rica. <\/mark>Muy agradecido con todos los que vienen colaborando para que esto sea posible&#8221;, concluy\u00f3 Reily.<\/p>\n<div class=\"entry-tags\">\n<h2>TEMAS QUE APARECEN EN ESTA NOTA<\/h2>\n<\/p><\/div>\n","protected":false},"excerpt":{"rendered":"<p>El equipo Fiat Competizione, que tiene como director Federico Su\u00e1rez Salvia, tendr\u00e1 al piloto uruguayo Gonzalo Reily para estar al volante de uno de los Fiat Cronos. Mir\u00e1 tambi\u00e9n &#8220;Tengo la alegr\u00eda de contarles que el 12 y 13 de marzo voy a estar debutando en el TC2000 (ex S\u00faper) con un Fiat Cronos del [&hellip;]<\/p>\n","protected":false},"author":1,"featured_media":48248,"comment_status":"closed","ping_status":"closed","sticky":false,"template":"","format":"standard","meta":[],"categories":[21],"tags":[],"_links":{"self":[{"href":"http:\/\/cordobadirecto.com\/index.php\/wp-json\/wp\/v2\/posts\/48247"}],"collection":[{"href":"http:\/\/cordobadirecto.com\/index.php\/wp-json\/wp\/v2\/posts"}],"about":[{"href":"http:\/\/cordobadirecto.com\/index.php\/wp-json\/wp\/v2\/types\/post"}],"author":[{"embeddable":true,"href":"http:\/\/cordobadirecto.com\/index.php\/wp-json\/wp\/v2\/users\/1"}],"replies":[{"embeddable":true,"href":"http:\/\/cordobadirecto.com\/index.php\/wp-json\/wp\/v2\/comments?post=48247"}],"version-history":[{"count":0,"href":"http:\/\/cordobadirecto.com\/index.php\/wp-json\/wp\/v2\/posts\/48247\/revisions"}],"wp:featuredmedia":[{"embeddable":true,"href":"http:\/\/cordobadirecto.com\/index.php\/wp-json\/wp\/v2\/media\/48248"}],"wp:attachment":[{"href":"http:\/\/cordobadirecto.com\/index.php\/wp-json\/wp\/v2\/media?parent=48247"}],"wp:term":[{"taxonomy":"category","embeddable":true,"href":"http:\/\/cordobadirecto.com\/index.php\/wp-json\/wp\/v2\/categories?post=48247"},{"taxonomy":"post_tag","embeddable":true,"href":"http:\/\/cordobadirecto.com\/index.php\/wp-json\/wp\/v2\/tags?post=48247"}],"curies":[{"name":"wp","href":"https:\/\/api.w.org\/{rel}","templated":true}]}}