{"id":4832,"date":"2021-04-16T22:29:42","date_gmt":"2021-04-16T22:29:42","guid":{"rendered":"http:\/\/cordobadirecto.com\/index.php\/2021\/04\/16\/cordoba-creo-el-consejo-consultivo-de-la-economia-del-conocimiento\/"},"modified":"2021-04-16T22:29:42","modified_gmt":"2021-04-16T22:29:42","slug":"cordoba-creo-el-consejo-consultivo-de-la-economia-del-conocimiento","status":"publish","type":"post","link":"http:\/\/cordobadirecto.com\/index.php\/2021\/04\/16\/cordoba-creo-el-consejo-consultivo-de-la-economia-del-conocimiento\/","title":{"rendered":"<b>C\u00f3rdoba<\/b> cre\u00f3 el Consejo Consultivo de la <b>Econom\u00eda<\/b> del Conocimiento"},"content":{"rendered":"<p>Con la presencia de ministros, legisladores, representantes de sectores acad\u00e9micos, cient\u00edficos, tecnol\u00f3gicos y empresarios de toda la provincia,&nbsp;&#8230; <\/p>\n","protected":false},"excerpt":{"rendered":"<p>Con la presencia de ministros, legisladores, representantes de sectores acad\u00e9micos, cient\u00edficos, tecnol\u00f3gicos y empresarios de toda la provincia,&nbsp;&#8230;<\/p>\n","protected":false},"author":1,"featured_media":0,"comment_status":"closed","ping_status":"closed","sticky":false,"template":"","format":"standard","meta":[],"categories":[40],"tags":[],"_links":{"self":[{"href":"http:\/\/cordobadirecto.com\/index.php\/wp-json\/wp\/v2\/posts\/4832"}],"collection":[{"href":"http:\/\/cordobadirecto.com\/index.php\/wp-json\/wp\/v2\/posts"}],"about":[{"href":"http:\/\/cordobadirecto.com\/index.php\/wp-json\/wp\/v2\/types\/post"}],"author":[{"embeddable":true,"href":"http:\/\/cordobadirecto.com\/index.php\/wp-json\/wp\/v2\/users\/1"}],"replies":[{"embeddable":true,"href":"http:\/\/cordobadirecto.com\/index.php\/wp-json\/wp\/v2\/comments?post=4832"}],"version-history":[{"count":0,"href":"http:\/\/cordobadirecto.com\/index.php\/wp-json\/wp\/v2\/posts\/4832\/revisions"}],"wp:attachment":[{"href":"http:\/\/cordobadirecto.com\/index.php\/wp-json\/wp\/v2\/media?parent=4832"}],"wp:term":[{"taxonomy":"category","embeddable":true,"href":"http:\/\/cordobadirecto.com\/index.php\/wp-json\/wp\/v2\/categories?post=4832"},{"taxonomy":"post_tag","embeddable":true,"href":"http:\/\/cordobadirecto.com\/index.php\/wp-json\/wp\/v2\/tags?post=4832"}],"curies":[{"name":"wp","href":"https:\/\/api.w.org\/{rel}","templated":true}]}}