{"id":48393,"date":"2021-08-20T13:02:00","date_gmt":"2021-08-20T13:02:00","guid":{"rendered":"https:\/\/lmdiario.com.ar\/contenido\/303397\/un-tecnico-que-hace-historia-con-el-respaldo-de-su-familia"},"modified":"2021-08-20T13:02:00","modified_gmt":"2021-08-20T13:02:00","slug":"un-tecnico-que-hace-historia-con-el-respaldo-de-su-familia","status":"publish","type":"post","link":"http:\/\/cordobadirecto.com\/index.php\/2021\/08\/20\/un-tecnico-que-hace-historia-con-el-respaldo-de-su-familia\/","title":{"rendered":"Un t\u00e9cnico que hace historia, con el respaldo de su familia"},"content":{"rendered":"<p><a href=\"https:\/\/lmdiario.com.ar\/tema\/5313\/edicion-impresa\" target=\"_self\" rel=\"noopener\"><img loading=\"lazy\" alt=\"chapa_ed_impresa_01 \" class=\"img-responsive lazyload\" data-src=\"http:\/\/cordobadirecto.com\/wp-content\/uploads\/2022\/03\/un-tecnico-que-hace-historia-con-el-respaldo-de-su-familia.png\" height=\"22\" src=\"data:,\" title=\"Ed. Impresa_01\" width=\"140\"><\/a> &nbsp;<span><strong><em><\/em><\/strong><\/span><\/p>\n<p><span><strong><em>Especial para La Nueva Ma\u00f1ana<\/em><\/strong><\/span><\/p>\n<p>El d\u00eda de <strong>Mariano Sosa <\/strong>arranca a las 5.15. Trabaja en <strong>COyS<\/strong> (C\u00f3rdoba Obras y Servicios), donde entra a las 6 y sale a las 13. Tipo 14 llega a su casa, se da un ba\u00f1o, almuerza y sale para al club Universitario. Su club. A las instalaciones de la \u201cU\u201d arriba tipo 15.45, recorre, dialoga con sus compa\u00f1eros del cuerpo t\u00e9cnico, con alg\u00fan jugador, con profesores, con el coordinador, piensa en el entrenamiento, que inicia a las 16.30. Trabajo, indicaciones, pelotas, m\u00e1s indicaciones, f\u00fatbol, f\u00fatbol, f\u00fatbol&#8230; La pr\u00e1ctica del equipo masculino de Primera Divisi\u00f3n finaliza cerca de las 18.30. Y como un bucle, vuelve a los recorridos, a las charlas&#8230; a la gesti\u00f3n. Son dos horas casi de \u201creceso\u201d, porque a las 20.30 retorna a la cancha para entrenar al equipo principal femenino del club. Y m\u00e1s indicaciones, m\u00e1s f\u00fatbol, f\u00fatbol, indicaciones; hasta las 22.45.&nbsp;<\/p>\n<p>Retorna a su hogar pasada las 23, ducha, cena familiar y a pensar en el pr\u00f3ximo d\u00eda, que tendr\u00e1 una nueva rutina similar.<\/p>\n<p>As\u00ed es el d\u00eda de Mariano Sosa, el t\u00e9cnico que est\u00e1 a cargo de los planteles de Primera de Universitario, tanto de masculino como femenino. A full y con mucha pasi\u00f3n. Y claro, para que todo eso suceda, un fuerte apoyo familiar que tambi\u00e9n respira y lleva en la sangre el amor por el deporte.<\/p>\n<p>\u201cMi esposa Bel\u00e9n hace de madre, padre, esposa, amiga, ayudante t\u00e9cnica, asistente, secretaria, etc\u00e9tera, etc\u00e9tera jajaja\u201d, resalta el DT para explicar c\u00f3mo hace para que este ritmo funcione. Bel\u00e9n es Bel\u00e9n Rodr\u00edguez, referente del f\u00fatbol femenino de la \u201cU\u201d y de la Liga Cordobesa, que por el pol\u00e9mico y desafortunado l\u00edmite de edad no puede jugar esta temporada.<\/p>\n<p>En la charla con<strong> La Nueva Ma\u00f1ana<\/strong> el DT resalta todo el tiempo el papel familiar, destacando a su pareja y a sus hijos Morena y Francisco. \u201cSon mis pilares\u201d, repite.<\/p>\n<p>\u201cMariano es un loco apasionado por el f\u00fatbol\u201d, lo retrata Bel\u00e9n; y ese entusiasmo lo llev\u00f3 a Sosa a ser el primer entrenador en dirigir en simult\u00e1neo los planteles de Primera Divisi\u00f3n Masculino y Femenino en la Liga Cordobesa.<\/p>\n<figure class=\"image\"><img loading=\"lazy\" alt=\"Sosa y su esposa\" class=\"img-responsive lazyload\" data-src=\"http:\/\/cordobadirecto.com\/wp-content\/uploads\/2022\/03\/un-tecnico-que-hace-historia-con-el-respaldo-de-su-familia.jpg\" data-srcset=\"\/download\/multimedia.normal.8fe49cb176ac60ef.536f73612079207375206573706f73615f6e6f726d616c2e6a706567.jpeg 1000w, \/download\/multimedia.miniatura.aaf554b9134ca7b8.536f73612079207375206573706f73615f6d696e6961747572612e6a706567.jpeg 400w\" height=\"667\" src=\"data:,\" width=\"1000\"><figcaption><span>Mariano Sosa debut\u00f3 como DT del femenino de Universitario el 1 de agosto de 2015. Fue con una goleada 13-0 ante Brown.<\/span><\/figcaption><\/figure>\n<p><em><strong>&#8211; \u00bfC\u00f3mo es ser al mismo tiempo el t\u00e9cnico del plantel de Primera masculino y femenino?<\/strong><\/em><\/p>\n<p>&#8211; \u00a1Es un sue\u00f1o cumplido! Con las chicas desde hace mucho tiempo venimos trabajando muy duro. Por eso siempre me cuesta dejarlas. Actualmente tengo a<strong> Betiana Gandino<\/strong>, la \u201cTana\u201d, que se hace cargo de dirigir el equipo femenino cuando coinciden los horarios con el masculino; por ejemplo, el fin de semana pasado. Ella estuvo en cancha de Villa Siburu (Vencieron 6-0 a Hurac\u00e1n). Que est\u00e9 ella me da mucha tranquilidad, ella es mi fiel reflejo como DT, trabajamos con las mismas ideas, tenemos los mismos valores y eso es lo mejor.<\/p>\n<p><em><strong>&#8211; \u00bfEncontr\u00e1s diferencias en el manejo de los grupos de ambos planteles?&nbsp;<\/strong><\/em><\/p>\n<p>&#8211; Los planteles son siempre iguales. Tuve la suerte de estar en varios. Sean mujeres u hombres, las personalidades son las mismas.<\/p>\n<p><em><strong>&#8211; \u00bfA qu\u00e9 se apunta con cada equipo?<\/strong><\/em><\/p>\n<p>&#8211; Hoy los planteles est\u00e1n viviendo situaciones muy diferentes. En el femenino todos los a\u00f1os apuntamos a lograr el tan deseado campeonato. Estuvimos muy cerca muchos a\u00f1os, y este a\u00f1o no es la excepci\u00f3n. Nos encontramos segundos en la tabla de posiciones y el objetivo es bien claro. En cambio, en el masculino es el otro extremo. Es un plantel que se encuentra peleando por el descenso. El grupo est\u00e1 bajo an\u00edmicamente y el resultado del fin de semana ante Las Palmas (empate 2-2) nos ayud\u00f3 much\u00edsimo para comenzar a trabajar en eso, en la confianza de cada jugador, que crean en ellos, que esta situaci\u00f3n se puede revertir. Tenemos muy buenos jugadores. Ac\u00e1 los objetivos son otros, es partido a partido lograr sacar la mayor cantidad de puntos posibles.<\/p>\n<h3>Bien de Liga<\/h3>\n<p>Sosa tiene una extensa trayectoria en el f\u00fatbol. Comenz\u00f3 en el 2014 a dirigir en la escuelita de Universitario, al tiempo ya dirig\u00eda las divisiones Cuarta, Quinta y Sexta de Uni\u00f3n Florida. En el 2015 se hizo cargo del plantel de Reserva y se sum\u00f3 como ayudante de campo de Viberti en Primera, y luego con Daniel Albornoz. En su curr\u00edculum dice que en el 2017 fue el director t\u00e9cnico de la Cuarta divisi\u00f3n de Argentino Pe\u00f1arol que estuvo muy cerca de salir campe\u00f3n, y al a\u00f1o qued\u00f3 como el DT de la Reserva y ayudante de campo de H\u00e9ctor Chazarreta en Primera. Ese a\u00f1o la \u201cPe\u00f1a\u201d sali\u00f3 campeona de la Liga Cordobesa y obtuvo la plaza para el Torneo Regional Amateur. Su hoja de vida indica que el a\u00f1o pasado se sum\u00f3 Lasallano, donde estuvo a cargo de la Quinta Divisi\u00f3n. Y este a\u00f1o se sum\u00f3 como ayudante de campo de Luis Ernesto Sosa en el plantel superior. \u201cLogramos jugar algunas fechas, pero luego por pandemia se fren\u00f3. Y antes de que reinicie el torneo me llam\u00f3 Carlos Russo para hacerme cargo del plantel superior de Universitario, tras la salida de Daniel Mira\u201d, relata el entrenador.<\/p>\n<h3>Pasi\u00f3n por la pelota<\/h3>\n<p>\u201cMi carrera como futbolista fue muy corta\u201d, expresa Sosa; y agrega: \u201cComenc\u00e9 a los 18 y a los 23 a\u00f1os dej\u00e9 de jugar por razones de trabajo\u201d.<\/p>\n<p>El ahora entrenador hizo las divisiones inferiores en Escuela Presidente Roca y a los 18 debut\u00f3 en la Primera de los \u201cPanza negra\u201d, con \u201cCacho\u201d Vallejos como DT. \u201cEse a\u00f1o salimos campeonas de la Liga y ganamos la plaza al Argentino B. Recuerdo que ten\u00edamos un equipazo, comandado por el \u2018Sapo\u2019 Daniel Mercado\u201d, rememora.<br \/>Posteriormente estuvo un a\u00f1o jugando en M\u00e9xico. \u201cLuego volv\u00ed a C\u00f3rdoba y jugu\u00e9 en varios clubes\u201d, cuenta. Jug\u00f3 en Deportivo Atalaya, Hurac\u00e1n de barrio La France, Uni\u00f3n San Vicente, Bella Vista, Central de R\u00edo Segundo y Libertad.<\/p>\n<p>\u201cEn mi \u00faltimo a\u00f1o, ya estaba trabajando en Cliba, la empresa de recolecci\u00f3n de residuos, y lo jugu\u00e9 en Libertad. Ese a\u00f1o perdimos la promoci\u00f3n contra Uni\u00f3n San Vicente. Uni\u00f3n ven\u00eda de la A y nosotros para ascender. Recuerdo esas dos finales. Perdimos 1-0 en cancha de Las Palmas y la revancha ganamos 2-1, un viernes a la noche, en cancha de Juniors. Recuerdo que hice dos goles esa noche, pero no alcanz\u00f3, porque Uni\u00f3n ten\u00eda ventaja deportiva por ser de la A\u201d, relata; y explica: \u201cEse a\u00f1o fue muy dif\u00edcil, ya que estaba trabajando y todos los d\u00edas corr\u00eda casi 40 kil\u00f3metros detr\u00e1s de un cami\u00f3n recogiendo basura. Y luego de trabajar, me iba a entrenar. Y los s\u00e1bados igual. Entonces llegaba el s\u00e1bado a la noche y me dol\u00eda mucho el cuerpo. Fue ah\u00ed que tuve que decidir qu\u00e9 quer\u00eda para mi vida. El cuerpo me pasaba factura. Y bueno, decid\u00ed lo que m\u00e1s seguridad econ\u00f3mica me daba\u201d.<\/p>\n<p>Con una cuota de humor el entrenador confiesa: \u201cTambi\u00e9n ese a\u00f1o conoc\u00ed a Bel\u00e9n, mi se\u00f1ora. Siempre digo que ella fue como la Moni con Pepe Argento \u2013 se r\u00ede-&#8230; Me cort\u00f3 las piernas jajaja. Fue lo mejor que me pas\u00f3 en la vida. Gracias a todo lo que me pas\u00f3, hoy tenga una maravillosa y bendecida vida con mi familia\u201d.<\/p>\n<p>&nbsp;&nbsp;<\/p>\n<table>\n<tbody>\n<tr>\n<td><a href=\"https:\/\/lmdiario.com.ar\/categoria\/52\/ed-impresa\" target=\"_self\" rel=\"noopener\"><img loading=\"lazy\" alt=\"LNM - Edici\u00f3n Impresa\" caption=\"false\" class=\"img-responsive lazyload\" data-src=\"http:\/\/cordobadirecto.com\/wp-content\/uploads\/2022\/03\/un-tecnico-que-hace-historia-con-el-respaldo-de-su-familia-1.jpg\" height=\"262\" src=\"data:,\" title=\"Edici\u00f3n Impresa\" width=\"200\"><\/a><\/td>\n<\/tr>\n<\/tbody>\n<\/table>\n<hr>\n<p><strong><em>Segu\u00ed el desarrollo de esta noticia y otras m\u00e1s&nbsp;<br \/>en la edici\u00f3n impresa de La Nueva Ma\u00f1ana<\/em><\/strong>&nbsp;<br \/><span><em>[&nbsp;<span>Todos los <\/span><\/em><\/span><span><em><span>viernes en tu kiosco&nbsp;<\/span>]<\/em><\/span><\/p>\n<hr>\n","protected":false},"excerpt":{"rendered":"<p>&nbsp; Especial para La Nueva Ma\u00f1ana El d\u00eda de Mariano Sosa arranca a las 5.15. Trabaja en COyS (C\u00f3rdoba Obras y Servicios), donde entra a las 6 y sale a las 13. Tipo 14 llega a su casa, se da un ba\u00f1o, almuerza y sale para al club Universitario. Su club. A las instalaciones de [&hellip;]<\/p>\n","protected":false},"author":1,"featured_media":48394,"comment_status":"open","ping_status":"closed","sticky":false,"template":"","format":"standard","meta":[],"categories":[21],"tags":[],"_links":{"self":[{"href":"http:\/\/cordobadirecto.com\/index.php\/wp-json\/wp\/v2\/posts\/48393"}],"collection":[{"href":"http:\/\/cordobadirecto.com\/index.php\/wp-json\/wp\/v2\/posts"}],"about":[{"href":"http:\/\/cordobadirecto.com\/index.php\/wp-json\/wp\/v2\/types\/post"}],"author":[{"embeddable":true,"href":"http:\/\/cordobadirecto.com\/index.php\/wp-json\/wp\/v2\/users\/1"}],"replies":[{"embeddable":true,"href":"http:\/\/cordobadirecto.com\/index.php\/wp-json\/wp\/v2\/comments?post=48393"}],"version-history":[{"count":0,"href":"http:\/\/cordobadirecto.com\/index.php\/wp-json\/wp\/v2\/posts\/48393\/revisions"}],"wp:featuredmedia":[{"embeddable":true,"href":"http:\/\/cordobadirecto.com\/index.php\/wp-json\/wp\/v2\/media\/48394"}],"wp:attachment":[{"href":"http:\/\/cordobadirecto.com\/index.php\/wp-json\/wp\/v2\/media?parent=48393"}],"wp:term":[{"taxonomy":"category","embeddable":true,"href":"http:\/\/cordobadirecto.com\/index.php\/wp-json\/wp\/v2\/categories?post=48393"},{"taxonomy":"post_tag","embeddable":true,"href":"http:\/\/cordobadirecto.com\/index.php\/wp-json\/wp\/v2\/tags?post=48393"}],"curies":[{"name":"wp","href":"https:\/\/api.w.org\/{rel}","templated":true}]}}