{"id":4871,"date":"2021-04-16T21:41:43","date_gmt":"2021-04-16T21:41:43","guid":{"rendered":"https:\/\/cordoba.gob.ar\/?p=8022"},"modified":"2021-04-16T21:41:43","modified_gmt":"2021-04-16T21:41:43","slug":"repararon-mas-de-tres-kilometros-de-calzada-de-la-av-don-bosco","status":"publish","type":"post","link":"http:\/\/cordobadirecto.com\/index.php\/2021\/04\/16\/repararon-mas-de-tres-kilometros-de-calzada-de-la-av-don-bosco\/","title":{"rendered":"Repararon m\u00e1s de tres kil\u00f3metros de calzada de la Av. Don Bosco"},"content":{"rendered":"<div><img src=\"http:\/\/cordobadirecto.com\/wp-content\/uploads\/2021\/04\/repararon-mas-de-tres-kilometros-de-calzada-de-la-av-don-bosco.jpg\" class=\"ff-og-image-inserted\"><\/div>\n<p>El intendente Mart\u00edn Llaryora supervis\u00f3 el final de las obras de rehabilitaci\u00f3n de pavimento en la Av. Don Bosco, la cual optimizar\u00e1 la circulaci\u00f3n vehicular entre el centro y la zona oeste de la ciudad.<\/p>\n<p>En el lugar se recuperaron los tramos deteriorados sobre un total de 3.500 metros de calzada, entre las calles Luis de Azpeit\u00eda y Av. Col\u00f3n, pr\u00f3ximo a Av. Circunvalaci\u00f3n.<\/p>\n<p>Se trata de una importante arteria que mejora las condiciones de tr\u00e1nsito de quienes recorren habitualmente los barrios Ren\u00e9 Favaloro, Puente Blanco, Las Dalias, Las Palmas y Ampliaci\u00f3n, Altos de Santa Ana, Teodoro Fells, Villa Mafekin, Quebrada de Las Rosas y Los Robles.<\/p>\n<p><em>\u201cEstamos muy contentos, reunidos con los vecinos, con el centro vecinal y las autoridades del CPC, viendo el avance de las obras. Son m\u00e1s de 3.000 metros que estamos reparando. As\u00ed, trabajando juntos, estamos mejorando la ciudad\u201d<\/em>, expres\u00f3 el intendente Llaryora.<\/p>\n<p>Camila, residente de barrio Ren\u00e9 Favaloro, expres\u00f3: <em>\u201cEstamos muy agradecidos porque las calles estaban destruidas, y ahora gracias a todas las obras que se est\u00e1n haciendo es mucho m\u00e1s pr\u00e1ctico y seguro\u201d.<\/em><\/p>\n<p>Por su parte, Noelia, vecina de San Salvador, destac\u00f3 estar<em> \u201cagradecida de poner tener esta obra sobre una calle que se transita a menuda. Esto va a facilitar el traslado y la circulaci\u00f3n con mayor seguridad para todos\u201d.<\/em><\/p>\n<p>De esta manera, el Municipio avanza con la reparaci\u00f3n de sus principales arterias a trav\u00e9s del Plan de Bacheo y Rehabilitaci\u00f3n, con una inversi\u00f3n de 610 millones de pesos.<\/p>\n<p>La Direcci\u00f3n de Obras Viales mantiene frentes de obra en la calle Bartolom\u00e9 Piceda y Congreso en la zona sur, en la calle Williams de la zona oeste, Coronel P. Pringles y Roma de la zona este y en Nicol\u00e1s Avellaneda y Arturo Capdevilla de la zona norte, entre otros.<\/p>\n","protected":false},"excerpt":{"rendered":"<p>El intendente Mart\u00edn Llaryora supervis\u00f3 el final de las obras de rehabilitaci\u00f3n de pavimento en la Av. Don Bosco, la cual optimizar\u00e1 la circulaci\u00f3n vehicular entre el centro y la zona oeste de la ciudad. En el lugar se recuperaron los tramos deteriorados sobre un total de 3.500 metros de calzada, entre las calles Luis [&hellip;]<\/p>\n","protected":false},"author":1,"featured_media":4872,"comment_status":"closed","ping_status":"closed","sticky":false,"template":"","format":"standard","meta":[],"categories":[44],"tags":[],"_links":{"self":[{"href":"http:\/\/cordobadirecto.com\/index.php\/wp-json\/wp\/v2\/posts\/4871"}],"collection":[{"href":"http:\/\/cordobadirecto.com\/index.php\/wp-json\/wp\/v2\/posts"}],"about":[{"href":"http:\/\/cordobadirecto.com\/index.php\/wp-json\/wp\/v2\/types\/post"}],"author":[{"embeddable":true,"href":"http:\/\/cordobadirecto.com\/index.php\/wp-json\/wp\/v2\/users\/1"}],"replies":[{"embeddable":true,"href":"http:\/\/cordobadirecto.com\/index.php\/wp-json\/wp\/v2\/comments?post=4871"}],"version-history":[{"count":0,"href":"http:\/\/cordobadirecto.com\/index.php\/wp-json\/wp\/v2\/posts\/4871\/revisions"}],"wp:featuredmedia":[{"embeddable":true,"href":"http:\/\/cordobadirecto.com\/index.php\/wp-json\/wp\/v2\/media\/4872"}],"wp:attachment":[{"href":"http:\/\/cordobadirecto.com\/index.php\/wp-json\/wp\/v2\/media?parent=4871"}],"wp:term":[{"taxonomy":"category","embeddable":true,"href":"http:\/\/cordobadirecto.com\/index.php\/wp-json\/wp\/v2\/categories?post=4871"},{"taxonomy":"post_tag","embeddable":true,"href":"http:\/\/cordobadirecto.com\/index.php\/wp-json\/wp\/v2\/tags?post=4871"}],"curies":[{"name":"wp","href":"https:\/\/api.w.org\/{rel}","templated":true}]}}