{"id":4934,"date":"2021-04-17T21:15:00","date_gmt":"2021-04-17T21:15:00","guid":{"rendered":"http:\/\/cordobadirecto.com\/index.php\/2021\/04\/17\/legisladores-y-personalidades-mundiales-reclamaron-la-libertad-de-assange-fundador-de-wikileaks\/"},"modified":"2021-04-17T21:15:00","modified_gmt":"2021-04-17T21:15:00","slug":"legisladores-y-personalidades-mundiales-reclamaron-la-libertad-de-assange-fundador-de-wikileaks","status":"publish","type":"post","link":"http:\/\/cordobadirecto.com\/index.php\/2021\/04\/17\/legisladores-y-personalidades-mundiales-reclamaron-la-libertad-de-assange-fundador-de-wikileaks\/","title":{"rendered":"Legisladores y personalidades mundiales reclamaron la libertad de Assange, fundador de WikiLeaks"},"content":{"rendered":"<div class=\"image\" id=\"image\" readability=\"7\"> <img src=\"http:\/\/cordobadirecto.com\/wp-content\/uploads\/2021\/04\/legisladores-y-personalidades-mundiales-reclamaron-la-libertad-de-assange-fundador-de-wikileaks.jpg\" alt=\"Assange permanece detenido en una prisi\u00f3n de m\u00e1xima seguridad en Belmarsh.\" title=\"Assange permanece detenido en una prisi\u00f3n de m\u00e1xima seguridad en Belmarsh.\"><\/p>\n<p>Assange permanece detenido en una prisi\u00f3n de m\u00e1xima seguridad en Belmarsh.<\/p>\n<\/div>\n<p>Legisladores de varios pa\u00edses, entre ellos los presidentes de la comisiones de Relaciones Exteriores del Senado y Diputados Jorge Taiana y Eduardo Vald\u00e9s, junto personalidades del mundo como el Premio Nobel de la Paz Adolfo P\u00e9rez Esquivel, el exministro de Econom\u00eda griego Yanis Varufakis y el excandidato a presidente del laborismo brit\u00e1nico Jeremy Corbyn, reclamaron la libertad del australiano Julian Assange, fundador de WikiLeaks.<\/p>\n<p>Ese fue el mensaje repetido en el simposio<strong> &#8220;FreeAssange&#8221;<\/strong> realizado en simult\u00e1neo desde distintas partes del mundo, a trav\u00e9s de una videoconferencia en la que por Argentina participaron los senadores Taiana y Oscar Parrilli, m\u00e1s los diputados Vald\u00e9s y Fernanda Vallejos, como tambi\u00e9n P\u00e9rez Esquivel y la exembajadora en Gran Breta\u00f1a (entre 2012 y 2015) Alicia Castro.<\/p>\n<div class=\"js-code\" readability=\"7.128242074928\">\n<blockquote class=\"twitter-tweet\" readability=\"8.3861671469741\">\n<p lang=\"es\" dir=\"ltr\">&#8220;Tenemos una oligarqu\u00eda que trabaja para que los pueblos no tengan acceso a saber c\u00f3mo funciona el poder en el mundo.<br \/>Assange ha revelado ante la vista de todos, lo que los poderosos no quieren que sepan los ciudadanos, y por eso lo persiguen&#8221;, se\u00f1ala <a href=\"https:\/\/twitter.com\/yanisvaroufakis?ref_src=twsrc%5Etfw\">@yanisvaroufakis<\/a> <a href=\"https:\/\/t.co\/s6u08yhEmP\">pic.twitter.com\/s6u08yhEmP<\/a><\/p>\n<p>\u2014 Fernanda Vallejos (@fvallejoss) <a href=\"https:\/\/twitter.com\/fvallejoss\/status\/1383393453933953027?ref_src=twsrc%5Etfw\">April 17, 2021<\/a><\/p><\/blockquote><\/div>\n<p><strong>En la conferencia particip\u00f3 asimismo la abogada de origen sudafricano Stella Moris, pareja de Assange, madre de sus dos hijos, Gabriel, de 3 a\u00f1os, y Max, de 1.<\/strong><\/p>\n<p>Moris solicit\u00f3 a la administraci\u00f3n estadounidense de Joe Biden que desista del pedido de extradici\u00f3n contra el ciberactivista, y adem\u00e1s record\u00f3 que el anterior gobierno dem\u00f3crata, el de Barack Obama, &#8220;indult\u00f3 a la supuesta fuente (de WikiLeaks) Chelsea Manning (exsoldado y exanalista de inteligencia), que est\u00e1 libre&#8221;.<\/p>\n<p>Manning filtr\u00f3 a WikiLeaks documentos clasificados sobre acciones militares de Washington en Afganist\u00e1n e Irak, m\u00e1s cables de las embajadas de Estados Unidos y sali\u00f3 en libertad en mayo de 2017, luego de que Obama le conmutara el resto de la pena.<\/p>\n<p>En su intervenci\u00f3n, la pareja de Assange dijo que a\u00fan no hab\u00eda encontrado las palabras <strong>&#8220;para describir lo que estamos pasando&#8221;<\/strong> y defini\u00f3 al padre de sus hijos como <strong>&#8220;la persona m\u00e1s considerada y generosa que conozco&#8221;<\/strong>.<\/p>\n<p>&#8220;Lo que le est\u00e1n haciendo es la crueldad en su forma m\u00e1s cruda&#8221;, acus\u00f3 la abogada, tras lo cual plante\u00f3 que la intenci\u00f3n de extraditarlo a Estados Unidos implica una violaci\u00f3n de la soberan\u00eda ya que pretenden, alert\u00f3, aplicar una ley norteamericana a un australiano que se encuentra en Gran Breta\u00f1a.<\/p>\n<p>Un pedido de libertad que se multiplica<\/p>\n<p>La campa\u00f1a por la liberaci\u00f3n de Assange tom\u00f3 m\u00e1s fuerza tras el triunfo de Biden, y en febrero \u00faltimo varias ONG asociadas a la defensa de la libertad de prensa y los derechos civiles, entre ellas Reporteros Sin Fronteras, Aminist\u00eda Internacional (EEUU) y el Instituto Knight de la Primera Enmienda de la Universidad de Columbia, le solicitaron al Departamento de Justicia que retire las acusaciones.<\/p>\n<p>En ese marco se realiz\u00f3 el <strong>Simposio de Parlamentarios Internacionales, que fue coordinado por el legislador brit\u00e1nico Richard Burgon, laborista de la C\u00e1mara de los Comunes, y que tuvo como moderador al periodista Tim Dawson, de la Uni\u00f3n Nacional de Periodistas de Gran Breta\u00f1a e Irlanda.<\/strong><\/p>\n<p>&#8220;Necesitamos construir un movimiento de parlamentarios alrededor del mundo para que le digan a la administraci\u00f3n de Biden que finalice la persecuci\u00f3n en contra de Julian Assange&#8221;, exhort\u00f3 Burgon al abrir la conferencia.<\/p>\n<p>La exembajadora Castro, quien trat\u00f3 bastante a Assange mientras estuvo a cargo de la representaci\u00f3n argentina en Londres, record\u00f3 que el australiano estuvo casi siete a\u00f1os asilado en la embajada de Ecuador en Gran Breta\u00f1a y dijo que esa situaci\u00f3n le permiti\u00f3 &#8220;visitarlo muchas veces&#8221;.<\/p>\n<div class=\"js-code\" readability=\"7.4\">\n<blockquote class=\"twitter-tweet\" readability=\"9.0444444444444\">\n<p lang=\"es\" dir=\"ltr\">La pretensi\u00f3n del gobierno de EEUU de extraditar,juzgar y condenar a <a href=\"https:\/\/twitter.com\/hashtag\/JulianAssange?src=hash&amp;ref_src=twsrc%5Etfw\">#JulianAssange<\/a> choca con el Derecho Internacional. Es un periodista australiano,su plataforma <a href=\"https:\/\/twitter.com\/wikileaks?ref_src=twsrc%5Etfw\">@wikileaks<\/a> es global y se pretende aplicarle la ley de los Estados Unidos en el Reino Unido,en violaci\u00f3n de soberan\u00eda <a href=\"https:\/\/t.co\/QpXrjNVSwm\">pic.twitter.com\/QpXrjNVSwm<\/a><\/p>\n<p>\u2014 Alicia Castro (@AliciaCastroAR) <a href=\"https:\/\/twitter.com\/AliciaCastroAR\/status\/1383493754598793229?ref_src=twsrc%5Etfw\">April 17, 2021<\/a><\/p><\/blockquote><\/div>\n<p>&#8220;Pude comprobar que es un hombre obsesionado por democratizar la verdad y por abrir a todos los hombres y mujeres de este mundo, sin ninguna discriminaci\u00f3n, los secretos del complejo militar-industrial&#8221;, revel\u00f3 y luego recalc\u00f3: &#8220;Assange es un h\u00e9roe de la humanidad&#8221;.<\/p>\n<p>Varufakis, quien adquiri\u00f3 notoriedad junto al exmandatario de Grecia Alexis Tsipras, de quien luego se distanci\u00f3 con duras cr\u00edticas, defini\u00f3 a Assange como &#8220;una pesadilla para el establishment y las oligarqu\u00edas&#8221;, ya que &#8220;revel\u00f3 poderes, culpabilidades y secretos&#8221;.<\/p>\n<p>&#8220;Creo que fue Mike Pompeo (exsecretario de Estado de Donald Trump) quien describi\u00f3 a Julian Assange y WikiLeaks, a la hora de decir por qu\u00e9 deb\u00edan ser erradicados, como una agencia de inteligencia hostil no estatal, lo que es exactamente correcto&#8221;, subray\u00f3 Varufakis y luego remarc\u00f3 que ese esp\u00edritu, de investigar y &#8220;revelar lo que pasa detr\u00e1s de las puertas cerradas&#8221;, deber\u00eda ser adoptado por medios period\u00edsticos alrededor del mundo.<\/p>\n<p>Taiana, en tanto, evalu\u00f3 que la situaci\u00f3n en la que se encuentra Assange se debe a &#8220;le mostr\u00f3 al mundo lo oscuro, la poca transparencia, de los sistemas de inteligencia mundiales&#8221;, tras lo cual se comprometi\u00f3 a trabajar por la libertad &#8220;desde el Congreso argentino&#8221;.<\/p>\n<p>&#8220;Debe ser inaceptable para quienes representamos a nuestros pueblos que las grandes potencias controlen la informaci\u00f3n y la opini\u00f3n p\u00fablica, y acusen y persigan descaradamente a quienes los exponen&#8221;, a\u00f1adi\u00f3 el senador del FdT.<\/p>\n<p>Tambi\u00e9n desde el Senado, Parrilli exhort\u00f3 a sus pares de distintas partes del mundo a &#8220;participar e insistir en la opini\u00f3n p\u00fablica de los pa\u00edses involucrados, para presionar a los gobiernos de Estados Unidos e Inglaterra, porque esto no va a cambiar si no hay una fuerte presi\u00f3n&#8221;, advirti\u00f3.<\/p>\n<p>P\u00e9rez Esquivel, por su parte, hizo un llamamiento al sistema de Justicia brit\u00e1nico por &#8220;la terrible injusticia a la que est\u00e1n sometiendo manteniendo en la c\u00e1rcel a Assange&#8221; y luego dijo que el encarcelamiento del ciberactivista se debe &#8220;a una persecuci\u00f3n pol\u00edtica del gobierno de Estados Unidos, porque revel\u00f3 las atrocidades cometidas en diferentes pa\u00edses&#8221;.<\/p>\n<p>Vald\u00e9s, finalmente, anunci\u00f3 que trasladar\u00e1 al Grupo de Puebla la propuesta de sumarse a la campa\u00f1a por la liberaci\u00f3n del creador de WikiLeaks.<\/p>\n<p>Assange permanece detenido en una prisi\u00f3n de m\u00e1xima seguridad en Belmarsh, al sudeste de Londres, luego de que un pedido de extradici\u00f3n de Estados Unidos fuera rechazado por una jueza brit\u00e1nica que aleg\u00f3 problemas de salud y riesgo de suicidio: los tribunales estadounidenses le imputan 17 delitos de espionaje y uno de intrusi\u00f3n inform\u00e1tica, lo que podr\u00eda significar hasta 175 a\u00f1os de c\u00e1rcel. <\/p>\n","protected":false},"excerpt":{"rendered":"<p>Assange permanece detenido en una prisi\u00f3n de m\u00e1xima seguridad en Belmarsh. Legisladores de varios pa\u00edses, entre ellos los presidentes de la comisiones de Relaciones Exteriores del Senado y Diputados Jorge Taiana y Eduardo Vald\u00e9s, junto personalidades del mundo como el Premio Nobel de la Paz Adolfo P\u00e9rez Esquivel, el exministro de Econom\u00eda griego Yanis Varufakis [&hellip;]<\/p>\n","protected":false},"author":1,"featured_media":4935,"comment_status":"closed","ping_status":"closed","sticky":false,"template":"","format":"standard","meta":[],"categories":[24],"tags":[],"_links":{"self":[{"href":"http:\/\/cordobadirecto.com\/index.php\/wp-json\/wp\/v2\/posts\/4934"}],"collection":[{"href":"http:\/\/cordobadirecto.com\/index.php\/wp-json\/wp\/v2\/posts"}],"about":[{"href":"http:\/\/cordobadirecto.com\/index.php\/wp-json\/wp\/v2\/types\/post"}],"author":[{"embeddable":true,"href":"http:\/\/cordobadirecto.com\/index.php\/wp-json\/wp\/v2\/users\/1"}],"replies":[{"embeddable":true,"href":"http:\/\/cordobadirecto.com\/index.php\/wp-json\/wp\/v2\/comments?post=4934"}],"version-history":[{"count":0,"href":"http:\/\/cordobadirecto.com\/index.php\/wp-json\/wp\/v2\/posts\/4934\/revisions"}],"wp:featuredmedia":[{"embeddable":true,"href":"http:\/\/cordobadirecto.com\/index.php\/wp-json\/wp\/v2\/media\/4935"}],"wp:attachment":[{"href":"http:\/\/cordobadirecto.com\/index.php\/wp-json\/wp\/v2\/media?parent=4934"}],"wp:term":[{"taxonomy":"category","embeddable":true,"href":"http:\/\/cordobadirecto.com\/index.php\/wp-json\/wp\/v2\/categories?post=4934"},{"taxonomy":"post_tag","embeddable":true,"href":"http:\/\/cordobadirecto.com\/index.php\/wp-json\/wp\/v2\/tags?post=4934"}],"curies":[{"name":"wp","href":"https:\/\/api.w.org\/{rel}","templated":true}]}}