{"id":51956,"date":"2022-03-31T21:38:06","date_gmt":"2022-03-31T21:38:06","guid":{"rendered":"https:\/\/www.ole.com.ar\/futbol-ascenso\/p-nacional-santamarina-cejas-renuncia_0_1FgCFSOb2O.html"},"modified":"2022-03-31T21:38:06","modified_gmt":"2022-03-31T21:38:06","slug":"cejas-dejo-de-ser-el-tecnico-de-santamarina","status":"publish","type":"post","link":"http:\/\/cordobadirecto.com\/index.php\/2022\/03\/31\/cejas-dejo-de-ser-el-tecnico-de-santamarina\/","title":{"rendered":"Cejas dej\u00f3 de ser el t\u00e9cnico de Santamarina"},"content":{"rendered":"<p>Santamarina tambalea entre los \u00faltimos puestos y amaga con entrar en zona de descenso, es por eso que el propio Sebasti\u00e1n Cejas decidi\u00f3 renunciar a su cargo como DT del primer equipo para que los dirigentes busquen nuevos aires para el plantel.<\/p>\n<div class=\"sp__SM\">\n<div class=\"content-new \">\n<span class=\"tit-mobile\">Mir\u00e1 tambi\u00e9n<\/span><\/p>\n<div class=\"mg\">\n<div class=\"wrap-figure\">\n<picture>\n<a href=\"https:\/\/www.ole.com.ar\/futbol-ascenso\/primera-c-puerto-italiano-partido_0_qIdrZb1pxs.html\" target=\"_self\" rel=\"noopener\"><br \/>\n<img class=\"img-responsive\" alt=\"Italiano no para: gan\u00f3 en Campana y sue\u00f1a en grande\" src=\"http:\/\/cordobadirecto.com\/wp-content\/uploads\/2022\/03\/cejas-dejo-de-ser-el-tecnico-de-santamarina.jpg\" loading=\"lazy\"><br \/>\n<\/a>\n<\/picture>\n<\/div>\n<\/div><\/div>\n<\/div>\n<p>El ex arquero de Newell\u00b4s lleg\u00f3 a la instituci\u00f3n una vez finalizado el torneo anterior y de los ocho partidos que tuvo al mando del Aurinegro, Cejas, solamente gan\u00f3 en una oportunidad, empat\u00f3 en dos y perdi\u00f3 cinco veces. Estos malos resultados fueron los detonantes de un ciclo que ya estaba terminado y la gota que rebals\u00f3 el vaso fue la derrota ante Mor\u00f3n por 2-1 como local.<\/p>\n<div class=\"sp__SM\">\n<div class=\"content-new \">\n<span class=\"tit-mobile\">Mir\u00e1 tambi\u00e9n<\/span><\/p>\n<div class=\"mg\">\n<div class=\"wrap-figure\">\n<picture>\n<a href=\"https:\/\/www.ole.com.ar\/futbol-ascenso\/p-nacional-sanchez-estudiantes-sancion_0_GkHvG9ODxn.html\" target=\"_self\" rel=\"noopener\"><br \/>\n<img class=\"img-responsive\" alt=\"\u00bfQu\u00e9 pasar\u00e1 con S\u00e1nchez?\" src=\"http:\/\/cordobadirecto.com\/wp-content\/uploads\/2022\/03\/cejas-dejo-de-ser-el-tecnico-de-santamarina-1.jpg\" loading=\"lazy\"><br \/>\n<\/a>\n<\/picture>\n<\/div>\n<\/div><\/div>\n<\/div>\n<p>A partir de ahora quien estar\u00e1 al frente del equipo es el coordinador de f\u00fatbol Jorge Sotelo. Ya fue dos veces interino del club ante la salida de entrenadores anteriores. El plantel se entrenar\u00e1 ma\u00f1ana por la ma\u00f1ana y con Sotelo al frente comenzar\u00e1n a preparar el partido frente a Deportivo Madryn.<\/p>\n<div class=\"sp__SM\">\n<div class=\"content-new \">\n<span class=\"tit-mobile\">Mir\u00e1 tambi\u00e9n<\/span><\/p>\n<div class=\"mg\">\n<div class=\"wrap-figure\">\n<picture>\n<a href=\"https:\/\/www.ole.com.ar\/futbol-ascenso\/p-nacional-sialle-mitre-salida-dt_0_Ihqd5sxomm.html\" target=\"_self\" rel=\"noopener\"><br \/>\n<img class=\"img-responsive\" alt=\"La Primera Nacional perdi\u00f3 otro DT: Sialle se fue de Mitre\" src=\"http:\/\/cordobadirecto.com\/wp-content\/uploads\/2022\/03\/cejas-dejo-de-ser-el-tecnico-de-santamarina-2.jpg\" loading=\"lazy\"><br \/>\n<\/a>\n<\/picture>\n<\/div>\n<\/div><\/div>\n<\/div>\n<div class=\"sp__SM\">\n<div class=\"content-new \">\n<span class=\"tit-mobile\">Mir\u00e1 tambi\u00e9n<\/span><\/p>\n<div class=\"mg\">\n<div class=\"wrap-figure\">\n<picture>\n<a href=\"https:\/\/www.ole.com.ar\/futbol-ascenso\/primera-b-andes-grosi-internado_0_c9EOypkpWO.html\" target=\"_self\" rel=\"noopener\"><br \/>\n<img class=\"img-responsive\" alt=\"El presidente de Los Andes se encuentra internado\" src=\"http:\/\/cordobadirecto.com\/wp-content\/uploads\/2022\/03\/cejas-dejo-de-ser-el-tecnico-de-santamarina-3.jpg\" loading=\"lazy\"><br \/>\n<\/a>\n<\/picture>\n<\/div>\n<\/div><\/div>\n<\/div>\n<div class=\"sp__SM\">\n<div class=\"content-new \">\n<span class=\"tit-mobile\">Mir\u00e1 tambi\u00e9n<\/span><\/p>\n<div class=\"mg\">\n<div class=\"wrap-figure\">\n<picture>\n<a href=\"https:\/\/www.ole.com.ar\/futbol-ascenso\/primera-b-argentino-q-gomez-dt_0_qjRffDzpz8.html\" target=\"_self\" rel=\"noopener\"><br \/>\n<img class=\"img-responsive\" alt=\"Un campe\u00f3n del mundo dirigir\u00e1 en el ascenso\" src=\"http:\/\/cordobadirecto.com\/wp-content\/uploads\/2022\/03\/cejas-dejo-de-ser-el-tecnico-de-santamarina-4.jpg\" loading=\"lazy\"><br \/>\n<\/a>\n<\/picture>\n<\/div>\n<\/div><\/div>\n<\/div>\n<div class=\"entry-tags\">\n<h2>TEMAS QUE APARECEN EN ESTA NOTA<\/h2>\n<\/p><\/div>\n","protected":false},"excerpt":{"rendered":"<p>Santamarina tambalea entre los \u00faltimos puestos y amaga con entrar en zona de descenso, es por eso que el propio Sebasti\u00e1n Cejas decidi\u00f3 renunciar a su cargo como DT del primer equipo para que los dirigentes busquen nuevos aires para el plantel. Mir\u00e1 tambi\u00e9n El ex arquero de Newell\u00b4s lleg\u00f3 a la instituci\u00f3n una vez [&hellip;]<\/p>\n","protected":false},"author":1,"featured_media":51957,"comment_status":"closed","ping_status":"closed","sticky":false,"template":"","format":"standard","meta":[],"categories":[21],"tags":[],"_links":{"self":[{"href":"http:\/\/cordobadirecto.com\/index.php\/wp-json\/wp\/v2\/posts\/51956"}],"collection":[{"href":"http:\/\/cordobadirecto.com\/index.php\/wp-json\/wp\/v2\/posts"}],"about":[{"href":"http:\/\/cordobadirecto.com\/index.php\/wp-json\/wp\/v2\/types\/post"}],"author":[{"embeddable":true,"href":"http:\/\/cordobadirecto.com\/index.php\/wp-json\/wp\/v2\/users\/1"}],"replies":[{"embeddable":true,"href":"http:\/\/cordobadirecto.com\/index.php\/wp-json\/wp\/v2\/comments?post=51956"}],"version-history":[{"count":0,"href":"http:\/\/cordobadirecto.com\/index.php\/wp-json\/wp\/v2\/posts\/51956\/revisions"}],"wp:featuredmedia":[{"embeddable":true,"href":"http:\/\/cordobadirecto.com\/index.php\/wp-json\/wp\/v2\/media\/51957"}],"wp:attachment":[{"href":"http:\/\/cordobadirecto.com\/index.php\/wp-json\/wp\/v2\/media?parent=51956"}],"wp:term":[{"taxonomy":"category","embeddable":true,"href":"http:\/\/cordobadirecto.com\/index.php\/wp-json\/wp\/v2\/categories?post=51956"},{"taxonomy":"post_tag","embeddable":true,"href":"http:\/\/cordobadirecto.com\/index.php\/wp-json\/wp\/v2\/tags?post=51956"}],"curies":[{"name":"wp","href":"https:\/\/api.w.org\/{rel}","templated":true}]}}