{"id":51966,"date":"2022-03-31T22:34:12","date_gmt":"2022-03-31T22:34:12","guid":{"rendered":"https:\/\/puntoapunto.com.ar\/?p=325131"},"modified":"2022-03-31T22:34:12","modified_gmt":"2022-03-31T22:34:12","slug":"estallo-urquia-el-gobierno-no-tiene-los-cojones-para-tocar-a-otros-sectores","status":"publish","type":"post","link":"http:\/\/cordobadirecto.com\/index.php\/2022\/03\/31\/estallo-urquia-el-gobierno-no-tiene-los-cojones-para-tocar-a-otros-sectores\/","title":{"rendered":"Estall\u00f3 Urqu\u00eda: \u00b4el gobierno no tiene los cojones para tocar a otros sectores\u00b4"},"content":{"rendered":"<div class=\"g g-146\">\n<div class=\"g-single a-410\"><a class=\"gofollow\" data-track=\"NDEwLDE0NiwxLDYw\" href=\"https:\/\/www.grupocanter.com.ar\/notas\/2022-de-proyeccion\/?utm_source=Punto%20a%20Punto&amp;utm_medium=Banner&amp;utm_campaign=Departamentos&amp;utm_term=Banner%20Pie%20de%20Nota\" target=\"_blank\" rel=\"noopener\"><img src=\"http:\/\/cordobadirecto.com\/wp-content\/uploads\/2022\/03\/estallo-urquia-el-gobierno-no-tiene-los-cojones-para-tocar-a-otros-sectores.gif\"><\/a><\/div>\n<\/div>\n<p>A contramano del estilo mesurado que lo caracteriz\u00f3 durante mucho tiempo el empresario cordob\u00e9s que est\u00e1 al frente del holding alimenticio AGD no se guard\u00f3 nada. Roberto Urqu\u00eda, exsenador por el kirchnerismo dispar\u00f3 duramente contra el gobierno nacional.<\/p>\n<p>En declaraciones al sitio Valorgregado.com y en el marco de una visita al Circuito del Man\u00ed Urqu\u00eda dej\u00f3 fuertes definiciones:<\/p>\n<p>-\u201cCreo que lo que&nbsp;<strong>le hace falta a toda empresa es que tengamos previsi<\/strong><strong>bilidad<\/strong>, si no hay previsibilidad es muy dif\u00edcil trabajar a mediano y largo plazo. Cuando sal\u00eds al exterior te preguntan qui\u00e9n me asegura que no te van prohibir las exportaciones de un d\u00eda para el otro, o que no te cambien las posiciones arancelarias. Necesitamos un pa\u00eds que sea m\u00e1s previsible\u201d.<\/p>\n<p>-\u201c<strong>No podes utilizar tu actividad empresarial para ver de qu\u00e9 lado viene el misil<\/strong> y as\u00ed no podemos trabajar ni ser competitivos con otros exportadores de man\u00ed\u201d<\/p>\n<p>-\u201c<strong>Me preocupa mucho, much\u00edsimo lo que pas\u00f3 con el aceite y harina de soja<\/strong>. Desde la c\u00e1mara que nos nuclea difundimos mucho la importancia de agregar valor desde el interior profundo de Argentina. Esta es la Argentina real, la econom\u00eda real respecto a los grandes conglomerados de gente que son los causantes esta situaci\u00f3n en la&nbsp; Argentina de hoy\u201d.<\/p>\n<p>-\u201cHay sectores en Argentina que pueden tributar tanto o m\u00e1s que el campo. Hay sectores que explorar a cielo abierto, exportan mucho y reciben d\u00f3lares y no los tocan. <strong>El Gobierno no tiene los cojones<\/strong> para tocar a esos sectores\u201d<\/p>\n<p>-\u201c<strong>Al campo solamente se lo toca porque labura, labura y putea<\/strong>, pero labura, los dem\u00e1s son conglomerados muy fuertes que no muchos tienen el coraje de atacarlos\u201d<\/p>\n<p>-\u201cYo creo que hace falta un <strong>recambio pol\u00edtico, dirigencial y empresarial<\/strong> y del sector pol\u00edtico fundamentalmente\u201d.<\/p>\n<p>-\u201cEl <strong>tema de la carne&nbsp;me duele mucho<\/strong>, Argentina fue el primer exportador de carne vacuna del mundo y podr\u00edamos darle a la gente cortes baratos y exportar el resto\u201d.<\/p>\n<p>-\u201cAerol\u00edneas Argentinas tienen un d\u00e9ficit mil millones de d\u00f3lares al a\u00f1o, con eso, si lo vuelca para darle fideos y carne barata a la gente sobra. Hay que tomar la decisi\u00f3n, Aerol\u00edneas tiene que funcionar porque es nuestra l\u00ednea de bandera pero tiene que ser eficiente. La pol\u00edtica no puede tomar la decisi\u00f3n de poner 400 personas en el Pami, son cosas que este pa\u00eds no soporta m\u00e1s, espero que cambie r\u00e1pido\u201d.<\/p>\n<p>-\u201cTodo lo que desea que ocurra en el mercado Felletti no lo logra, porque autoriza medidas &nbsp;que ya fracasaron, hay que ponerle el cascabel al gato y si no es esta gente que sea otra\u201d.<\/p>\n","protected":false},"excerpt":{"rendered":"<p>A contramano del estilo mesurado que lo caracteriz\u00f3 durante mucho tiempo el empresario cordob\u00e9s que est\u00e1 al frente del holding alimenticio AGD no se guard\u00f3 nada. Roberto Urqu\u00eda, exsenador por el kirchnerismo dispar\u00f3 duramente contra el gobierno nacional. En declaraciones al sitio Valorgregado.com y en el marco de una visita al Circuito del Man\u00ed Urqu\u00eda [&hellip;]<\/p>\n","protected":false},"author":1,"featured_media":51967,"comment_status":"closed","ping_status":"closed","sticky":false,"template":"","format":"standard","meta":[],"categories":[23,25],"tags":[],"_links":{"self":[{"href":"http:\/\/cordobadirecto.com\/index.php\/wp-json\/wp\/v2\/posts\/51966"}],"collection":[{"href":"http:\/\/cordobadirecto.com\/index.php\/wp-json\/wp\/v2\/posts"}],"about":[{"href":"http:\/\/cordobadirecto.com\/index.php\/wp-json\/wp\/v2\/types\/post"}],"author":[{"embeddable":true,"href":"http:\/\/cordobadirecto.com\/index.php\/wp-json\/wp\/v2\/users\/1"}],"replies":[{"embeddable":true,"href":"http:\/\/cordobadirecto.com\/index.php\/wp-json\/wp\/v2\/comments?post=51966"}],"version-history":[{"count":0,"href":"http:\/\/cordobadirecto.com\/index.php\/wp-json\/wp\/v2\/posts\/51966\/revisions"}],"wp:featuredmedia":[{"embeddable":true,"href":"http:\/\/cordobadirecto.com\/index.php\/wp-json\/wp\/v2\/media\/51967"}],"wp:attachment":[{"href":"http:\/\/cordobadirecto.com\/index.php\/wp-json\/wp\/v2\/media?parent=51966"}],"wp:term":[{"taxonomy":"category","embeddable":true,"href":"http:\/\/cordobadirecto.com\/index.php\/wp-json\/wp\/v2\/categories?post=51966"},{"taxonomy":"post_tag","embeddable":true,"href":"http:\/\/cordobadirecto.com\/index.php\/wp-json\/wp\/v2\/tags?post=51966"}],"curies":[{"name":"wp","href":"https:\/\/api.w.org\/{rel}","templated":true}]}}