{"id":51977,"date":"2022-04-01T08:41:04","date_gmt":"2022-04-01T08:41:04","guid":{"rendered":"https:\/\/www.checkinmag.com\/?p=2625"},"modified":"2022-04-01T08:41:04","modified_gmt":"2022-04-01T08:41:04","slug":"todo-listo-para-vivir-la-feria-de-las-artesanias","status":"publish","type":"post","link":"http:\/\/cordobadirecto.com\/index.php\/2022\/04\/01\/todo-listo-para-vivir-la-feria-de-las-artesanias\/","title":{"rendered":"Todo listo para vivir la Feria de las Artesan\u00edas"},"content":{"rendered":"<p>A pocos d\u00edas su la realizaci\u00f3n, la 39\u00b0 edici\u00f3n de la Feria Internacional de Artesan\u00edas 2022 que tendr\u00e1 lugar en formato presencial del pr\u00f3ximo 9 al 17 de abril en el Complejo Ferial C\u00f3rdoba, ya complet\u00f3 el 100% del espacio expositivo que abarca m\u00e1s de 7000 metros cuadrados, lo que garantiza un encuentro lleno de creaciones de todo el pa\u00eds y la regi\u00f3n, as\u00ed como tambi\u00e9n una gran oferta de productos y oportunidades, entre otras atracciones para compartir en familia.<\/p>\n<p>De este modo, el p\u00fablico podr\u00e1 disfrutar de alrededor de 650 stands, entre los cuales habr\u00e1 m\u00e1s de 350 artesanos del pa\u00eds y la regi\u00f3n, m\u00e1s de 150 expositores en el espacio urbano y otros m\u00e1s de 150 en el sector comercial, lo que conformar\u00e1 un recorrido \u00fanico e inolvidable para todos los gustos y edades.<\/p>\n<p>\u201cEste a\u00f1o regresamos al predio ferial con el \u00e1nimo renovado, con todos los pabellones cubiertos y la satisfacci\u00f3n de contar con un predio completo con las mejores y m\u00e1s variadas artesan\u00edas de Argentina y la regi\u00f3n, sumado a un paseo de compras, colores y sabores imperdibles para disfrutar a pleno\u201d, coment\u00f3 Ernesto Halac, director de Modus, empresa organizadora de la feria.<\/p>\n<p>\u201cTras un intenso proceso de fiscalizaci\u00f3n, en esta oportunidad, volvemos a ofrecer a nuestros visitantes producciones de alta calidad y originalidad, as\u00ed como tambi\u00e9n novedades y sorpresas para los amantes de lo artesanal\u201d, coment\u00f3 la arquitecta Diana Cohen, una de las integrantes del jurado fiscalizador.<\/p>\n<figure class=\"wp-block-image size-large\"><img loading=\"lazy\" width=\"1280\" height=\"853\" src=\"http:\/\/cordobadirecto.com\/wp-content\/uploads\/2022\/04\/todo-listo-para-vivir-la-feria-de-las-artesanias.jpg\" alt class=\"wp-image-2626\" srcset=\"http:\/\/cordobadirecto.com\/wp-content\/uploads\/2022\/04\/todo-listo-para-vivir-la-feria-de-las-artesanias.jpg 1280w, http:\/\/cordobadirecto.com\/wp-content\/uploads\/2022\/04\/todo-listo-para-vivir-la-feria-de-las-artesanias-1.jpg 300w, http:\/\/cordobadirecto.com\/wp-content\/uploads\/2022\/04\/todo-listo-para-vivir-la-feria-de-las-artesanias-2.jpg 1024w, http:\/\/cordobadirecto.com\/wp-content\/uploads\/2022\/04\/todo-listo-para-vivir-la-feria-de-las-artesanias-3.jpg 768w, http:\/\/cordobadirecto.com\/wp-content\/uploads\/2022\/04\/todo-listo-para-vivir-la-feria-de-las-artesanias-4.jpg 630w, http:\/\/cordobadirecto.com\/wp-content\/uploads\/2022\/04\/todo-listo-para-vivir-la-feria-de-las-artesanias-5.jpg 640w, http:\/\/cordobadirecto.com\/wp-content\/uploads\/2022\/04\/todo-listo-para-vivir-la-feria-de-las-artesanias-6.jpg 681w\" sizes=\"(max-width: 1280px) 100vw, 1280px\"><\/figure>\n<p>Vale destacar que en esta ocasi\u00f3n, el evento cultural m\u00e1s importante del calendario tur\u00edstico de la Semana Santa en el pa\u00eds por el que transitan m\u00e1s de 35 mil personas en cada edici\u00f3n, conjuga la labor experta de artesanos de t\u00e9cnicas diferentes, expositores del espacio urbano y una gran propuesta comercial, as\u00ed como tambi\u00e9n renueva su apuesta deslumbrando al p\u00fablico con su diversidad de opciones.<br \/>Como siempre, en este recorrido, la gente podr\u00e1 adquirir objetos valiosos, aut\u00e9nticos y con la impronta art\u00edstica de los mejores artesanos del territorio argentino y la regi\u00f3n, siendo cada artesan\u00eda una interpretaci\u00f3n individual o grupal del patrimonio cultural de quien las produce.<\/p>\n<p>Habr\u00e1 trabajos realizados con todas las t\u00e9cnicas a las que tiene acostumbrado este circuito, como talabarter\u00eda, cester\u00eda, cer\u00e1mica, vitrofusi\u00f3n, metal, papel mach\u00e9, piedra, cuero, tela, tejido, cuerda, crochet, pieles, filigrana, hierro forjado, asta y hueso, batik, esmalte y mosaico, entre otros.<\/p>\n<p>Por su parte, el sector urbano reunir\u00e1 productos novedosos e innovadores en cuanto a dise\u00f1o y originalidad, como indumentaria, objetos de decoraci\u00f3n, accesorios, curiosidades y mobiliario, entre otros; mientras que el tradicional sector comercial tentar\u00e1 a los presentes con oportunidades gastron\u00f3micas regionales, tendencias, ropa y juguetes, entre otros.<\/p>\n<p>Asimismo habr\u00e1 un espacio con food trucks con diversas propuestas para degustar al aire libre como hamburguesas, shawarma, papas fritas, picadas, cerveza, caf\u00e9 y helados, entre otras.<\/p>\n<p>El predio estar\u00e1 abierto todos los d\u00edas de 15 a 21 horas desde el 9 al 17 de abril inclusive y el valor de las entradas ser\u00e1 de $200 para el p\u00fablico general el s\u00e1bados 9, domingo 10, lunes 11, martes 12 y mi\u00e9rcoles 13 y de $300 el jueves 14, viernes 15, s\u00e1bado 16 y domingo 17. Jubilados y estudiantes tendr\u00e1n un precio especial de $100 exclusivamente para ingresar los d\u00edas: lunes, martes y mi\u00e9rcoles. Menores de 10 a\u00f1os entran gratis.<\/p>\n<p>M\u00e1s informaci\u00f3n a trav\u00e9s de la p\u00e1gina web: <a href=\"http:\/\/www.feriadelasartesanias.com.ar,\" data-type=\"URL\" data-id=\"www.feriadelasartesanias.com.ar,\">www.feriadelasartesanias.com.ar,<\/a> Facebook: @FeriaInternacionalDeArtesanias; Instagram: @feriadeartesaniascba<\/p>\n","protected":false},"excerpt":{"rendered":"<p>A pocos d\u00edas su la realizaci\u00f3n, la 39\u00b0 edici\u00f3n de la Feria Internacional de Artesan\u00edas 2022 que tendr\u00e1 lugar en formato presencial del pr\u00f3ximo 9 al 17 de abril en el Complejo Ferial C\u00f3rdoba, ya complet\u00f3 el 100% del espacio expositivo que abarca m\u00e1s de 7000 metros cuadrados, lo que garantiza un encuentro lleno de [&hellip;]<\/p>\n","protected":false},"author":1,"featured_media":51978,"comment_status":"closed","ping_status":"closed","sticky":false,"template":"","format":"standard","meta":[],"categories":[22],"tags":[],"_links":{"self":[{"href":"http:\/\/cordobadirecto.com\/index.php\/wp-json\/wp\/v2\/posts\/51977"}],"collection":[{"href":"http:\/\/cordobadirecto.com\/index.php\/wp-json\/wp\/v2\/posts"}],"about":[{"href":"http:\/\/cordobadirecto.com\/index.php\/wp-json\/wp\/v2\/types\/post"}],"author":[{"embeddable":true,"href":"http:\/\/cordobadirecto.com\/index.php\/wp-json\/wp\/v2\/users\/1"}],"replies":[{"embeddable":true,"href":"http:\/\/cordobadirecto.com\/index.php\/wp-json\/wp\/v2\/comments?post=51977"}],"version-history":[{"count":0,"href":"http:\/\/cordobadirecto.com\/index.php\/wp-json\/wp\/v2\/posts\/51977\/revisions"}],"wp:featuredmedia":[{"embeddable":true,"href":"http:\/\/cordobadirecto.com\/index.php\/wp-json\/wp\/v2\/media\/51978"}],"wp:attachment":[{"href":"http:\/\/cordobadirecto.com\/index.php\/wp-json\/wp\/v2\/media?parent=51977"}],"wp:term":[{"taxonomy":"category","embeddable":true,"href":"http:\/\/cordobadirecto.com\/index.php\/wp-json\/wp\/v2\/categories?post=51977"},{"taxonomy":"post_tag","embeddable":true,"href":"http:\/\/cordobadirecto.com\/index.php\/wp-json\/wp\/v2\/tags?post=51977"}],"curies":[{"name":"wp","href":"https:\/\/api.w.org\/{rel}","templated":true}]}}