{"id":51981,"date":"2022-03-31T22:54:19","date_gmt":"2022-03-31T22:54:19","guid":{"rendered":"https:\/\/cordoba.gob.ar\/?p=21609"},"modified":"2022-03-31T22:54:19","modified_gmt":"2022-03-31T22:54:19","slug":"desde-las-0-horas-del-1-de-abril-las-infracciones-de-transito-detectadas-con-camaras-de-video-seran-actas-y-posibles-multas","status":"publish","type":"post","link":"http:\/\/cordobadirecto.com\/index.php\/2022\/03\/31\/desde-las-0-horas-del-1-de-abril-las-infracciones-de-transito-detectadas-con-camaras-de-video-seran-actas-y-posibles-multas\/","title":{"rendered":"Desde las 0 horas del 1 de abril, las infracciones de tr\u00e1nsito detectadas con c\u00e1maras de video ser\u00e1n actas y posibles multas"},"content":{"rendered":"<div><img src=\"http:\/\/cordobadirecto.com\/wp-content\/uploads\/2022\/04\/desde-las-0-horas-del-1-de-abril-las-infracciones-de-transito-detectadas-con-camaras-de-video-seran-actas-y-posibles-multas-1.jpg\" class=\"ff-og-image-inserted\"><\/div>\n<ul>\n<li><strong>No se trata de Fotomultas, ya que las im\u00e1genes son evaluadas por personal municipal quienes constatan si la conducta est\u00e1 tipificada como una infracci\u00f3n o se desestima. As\u00ed de las posibles infracciones detectadas con c\u00e1maras, en estos cuatro meses, se desestimaron 3400.<\/strong><\/li>\n<\/ul>\n<hr>\n<p>La Justicia Administrativa de Faltas de la Ciudad informa que la Campa\u00f1a Preventiva de Conducci\u00f3n Responsable finaliza hoy jueves 31 de marzo y desde ma\u00f1ana 1 de abril se labrar\u00e1 un acta digital y se remitir\u00e1 la causa al Juzgado de Faltas que corresponda para que resuelva la procedencia de la multa.<\/p>\n<p>Cabe recordar que el 1 de diciembre de 2021 el Tribunal de Faltas Municipal instrument\u00f3 por un plazo de 120 d\u00edas la utilizaci\u00f3n estrat\u00e9gica de videoc\u00e1maras a fin de controlar preventivamente aquellos comportamientos que quebraren la convivencia vial.<\/p>\n<p>Dentro de este marco las advertencias preventivas que se labraron no se convirtieron en multas, sino que fueron notificaciones electr\u00f3nicas del Tribunal de Faltas que informaron al conductor la infracci\u00f3n cometida. El plazo no punitivo de la infracci\u00f3n detectada por videoc\u00e1mara finaliza esta noche.<\/p>\n<p>En estos cuatro meses donde se procesaron 11.177 videos, desestim\u00e1ndose 3400 posibles infracciones. As\u00ed, las infracciones detectadas por la municipalidad, con las c\u00e1maras, alcanza el n\u00famero de 7777 que fueron notificadas a los conductores. La m\u00e1s com\u00fan es la de violar carter\u00eda que indica Prohibido Estacionar, con 4489 infracciones. (Ver informe Adjunto). Tambi\u00e9n se observan vecinos conduciendo con un aparato telef\u00f3nico y cruzando sem\u00e1foros con la luz roja.<\/p>\n<p>Esta metodolog\u00eda de detecci\u00f3n de infracciones con c\u00e1maras ya est\u00e1 implementada en otra campa\u00f1a preventiva relacionada con el mantenimiento de sitios bald\u00edos y obstrucci\u00f3n de veredas, logrando al momento que el 83% de los vecinos que reciben una advertencia preventiva de Promotores de Convivencia cumplan con la ordenanza sin necesidad de sanci\u00f3n o multa.<\/p>\n<p>El Administrador de la Justicia de Faltas, Juan Manuel Ar\u00e1oz, se\u00f1al\u00f3 la importancia de estas acciones: <em>\u201cSe alcanza as\u00ed nuestro objetivo que es lograr el cambio de comportamiento de los individuos a favor de una convivencia ciudadana ordenada y pac\u00edfica, alej\u00e1ndonos de un fin recaudatorio\u201d.<\/em><\/p>\n","protected":false},"excerpt":{"rendered":"<p>No se trata de Fotomultas, ya que las im\u00e1genes son evaluadas por personal municipal quienes constatan si la conducta est\u00e1 tipificada como una infracci\u00f3n o se desestima. As\u00ed de las posibles infracciones detectadas con c\u00e1maras, en estos cuatro meses, se desestimaron 3400. La Justicia Administrativa de Faltas de la Ciudad informa que la Campa\u00f1a Preventiva [&hellip;]<\/p>\n","protected":false},"author":1,"featured_media":51982,"comment_status":"closed","ping_status":"closed","sticky":false,"template":"","format":"standard","meta":[],"categories":[44],"tags":[],"_links":{"self":[{"href":"http:\/\/cordobadirecto.com\/index.php\/wp-json\/wp\/v2\/posts\/51981"}],"collection":[{"href":"http:\/\/cordobadirecto.com\/index.php\/wp-json\/wp\/v2\/posts"}],"about":[{"href":"http:\/\/cordobadirecto.com\/index.php\/wp-json\/wp\/v2\/types\/post"}],"author":[{"embeddable":true,"href":"http:\/\/cordobadirecto.com\/index.php\/wp-json\/wp\/v2\/users\/1"}],"replies":[{"embeddable":true,"href":"http:\/\/cordobadirecto.com\/index.php\/wp-json\/wp\/v2\/comments?post=51981"}],"version-history":[{"count":0,"href":"http:\/\/cordobadirecto.com\/index.php\/wp-json\/wp\/v2\/posts\/51981\/revisions"}],"wp:featuredmedia":[{"embeddable":true,"href":"http:\/\/cordobadirecto.com\/index.php\/wp-json\/wp\/v2\/media\/51982"}],"wp:attachment":[{"href":"http:\/\/cordobadirecto.com\/index.php\/wp-json\/wp\/v2\/media?parent=51981"}],"wp:term":[{"taxonomy":"category","embeddable":true,"href":"http:\/\/cordobadirecto.com\/index.php\/wp-json\/wp\/v2\/categories?post=51981"},{"taxonomy":"post_tag","embeddable":true,"href":"http:\/\/cordobadirecto.com\/index.php\/wp-json\/wp\/v2\/tags?post=51981"}],"curies":[{"name":"wp","href":"https:\/\/api.w.org\/{rel}","templated":true}]}}