{"id":51996,"date":"2022-04-01T12:13:09","date_gmt":"2022-04-01T12:13:09","guid":{"rendered":"http:\/\/cordobadirecto.com\/index.php\/2022\/04\/01\/el-ministro-acastello-hizo-la-presentacion-del-cluster-de-la-construccion-cordoba-cadena-sudeste\/"},"modified":"2022-04-01T12:13:09","modified_gmt":"2022-04-01T12:13:09","slug":"el-ministro-acastello-hizo-la-presentacion-del-cluster-de-la-construccion-cordoba-cadena-sudeste","status":"publish","type":"post","link":"http:\/\/cordobadirecto.com\/index.php\/2022\/04\/01\/el-ministro-acastello-hizo-la-presentacion-del-cluster-de-la-construccion-cordoba-cadena-sudeste\/","title":{"rendered":"El ministro Acastello hizo la presentaci\u00f3n del cl\u00faster de la &quot;construcci\u00f3n <b>C\u00f3rdoba<\/b>&quot; &#8211; Cadena Sudeste"},"content":{"rendered":"<p>Infraestructura. Planificaci\u00f3n y competitividad. Empleo y futuro del trabajo. Formaci\u00f3n y capacitaciones. Sostenibilidad y <b>econom\u00eda<\/b> circular. <\/p>\n","protected":false},"excerpt":{"rendered":"<p>Infraestructura. Planificaci\u00f3n y competitividad. Empleo y futuro del trabajo. Formaci\u00f3n y capacitaciones. Sostenibilidad y econom\u00eda circular.<\/p>\n","protected":false},"author":1,"featured_media":0,"comment_status":"closed","ping_status":"closed","sticky":false,"template":"","format":"standard","meta":[],"categories":[40],"tags":[],"_links":{"self":[{"href":"http:\/\/cordobadirecto.com\/index.php\/wp-json\/wp\/v2\/posts\/51996"}],"collection":[{"href":"http:\/\/cordobadirecto.com\/index.php\/wp-json\/wp\/v2\/posts"}],"about":[{"href":"http:\/\/cordobadirecto.com\/index.php\/wp-json\/wp\/v2\/types\/post"}],"author":[{"embeddable":true,"href":"http:\/\/cordobadirecto.com\/index.php\/wp-json\/wp\/v2\/users\/1"}],"replies":[{"embeddable":true,"href":"http:\/\/cordobadirecto.com\/index.php\/wp-json\/wp\/v2\/comments?post=51996"}],"version-history":[{"count":0,"href":"http:\/\/cordobadirecto.com\/index.php\/wp-json\/wp\/v2\/posts\/51996\/revisions"}],"wp:attachment":[{"href":"http:\/\/cordobadirecto.com\/index.php\/wp-json\/wp\/v2\/media?parent=51996"}],"wp:term":[{"taxonomy":"category","embeddable":true,"href":"http:\/\/cordobadirecto.com\/index.php\/wp-json\/wp\/v2\/categories?post=51996"},{"taxonomy":"post_tag","embeddable":true,"href":"http:\/\/cordobadirecto.com\/index.php\/wp-json\/wp\/v2\/tags?post=51996"}],"curies":[{"name":"wp","href":"https:\/\/api.w.org\/{rel}","templated":true}]}}