{"id":52035,"date":"2022-04-01T00:00:00","date_gmt":"2022-04-01T00:00:00","guid":{"rendered":"https:\/\/lmdiario.com.ar\/contenido\/338281\/cordoba-ya-esta-apta-para-tener-su-propia-cinematografia"},"modified":"2022-04-01T00:00:00","modified_gmt":"2022-04-01T00:00:00","slug":"cordoba-ya-esta-apta-para-tener-su-propia-cinematografia","status":"publish","type":"post","link":"http:\/\/cordobadirecto.com\/index.php\/2022\/04\/01\/cordoba-ya-esta-apta-para-tener-su-propia-cinematografia\/","title":{"rendered":"\u201cC\u00f3rdoba ya est\u00e1 apta para tener su propia cinematograf\u00eda\u201d"},"content":{"rendered":"<p><a href=\"https:\/\/lmdiario.com.ar\/categoria\/52\/ed-impresa\" target=\"_self\" rel=\"noopener\"><img loading=\"lazy\" alt=\"chapa_ed_impresa_01 \" class=\"img-responsive lazyload\" data-src=\"http:\/\/cordobadirecto.com\/wp-content\/uploads\/2022\/04\/cordoba-ya-esta-apta-para-tener-su-propia-cinematografia.png\" height=\"22\" src=\"data:,\" title=\"Ed. Impresa_01\" width=\"140\"><\/a> &nbsp;<span><strong><em><\/em><\/strong><\/span>&nbsp;<\/p>\n<p><b><i>&nbsp;<\/i><\/b><\/p>\n<p>En mayo de 2021, las calles de la ciudad de C\u00f3rdoba se transformaron en set de filmaci\u00f3n. El centro, La Ca\u00f1ada y barrio G\u00fcemes eran el escenario del rodaje de \u201cGranizo\u201d, la pel\u00edcula dirigida por Marcos Carnevale y protagonizada por Guillermo Francella.&nbsp;<\/p>\n<p><strong>El reconocido cineasta, que dirigi\u00f3 \u00e9xitos como \u201cElsa y Fred\u201d o \u201cCoraz\u00f3n de Le\u00f3n\u201d, es oriundo de Inriville, y curiosamente \u201cGranizo\u201d fue su primera experiencia filmando en su provincia natal.&nbsp;<\/strong><\/p>\n<p>El actor Guillermo Francella, en tanto, es el protagonista de esta pel\u00edcula realizada para la plataforma&nbsp;<br \/>Netflix. Interpreta &nbsp;a Miguel Flores, un famoso meteor\u00f3logo de la televisi\u00f3n que se convierte en el m\u00e1s odiado del p\u00fablico cuando falla por primera vez en su vida en un pron\u00f3stico y no logra prevenir una &nbsp;tormenta de granizo que azota la Ciudad de Buenos Aires. Repudiado &nbsp;por sus televidentes por los da\u00f1os que les provoca la pedrada, se ve obligado a huir a C\u00f3rdoba, y recluirse en la casa de su hija a la cual no ve hace a\u00f1os.&nbsp;<\/p>\n<p>Lo que sigue despu\u00e9s<strong> es un viaje de redescubrimiento, en lo personal como en lo profesional, y gran parte de ese proceso transcurre en escenarios cordobeses <\/strong>que pueden disfrutarse en todo el mundo desde el pasado mi\u00e9rcoles 30 de marzo, cuando se estren\u00f3 el film en Netflix.<\/p>\n<p>Previo a su lanzamiento, La Nueva Ma\u00f1ana. tuvo la posibilidad de dialogar junto a otros colegas con el director y protagonista de la pel\u00edcula, y ahondar sobre la experiencia de realizar por primera vez cine cat\u00e1strofe en Argentina.<\/p>\n<p>Ambos hab\u00edan trabajado anteriormente juntos en \u201cCoraz\u00f3n de Le\u00f3n\u201d, una experiencia donde el actor interpretaba a un enano y era necesario utilizar recursos especiales para provocar un efecto veros\u00edmil en los espectadores. Lo mismo ocurre con \u201cGranizo\u201d, que cuenta con el gui\u00f3n de Nicol\u00e1s Giacobone.<\/p>\n<p>\u201cTen\u00eda muchos deseos de hacer \u201cGranizo\u201d desde que le\u00ed el gui\u00f3n y se lo llev\u00e9 a Marcos (Carnevale), porque es una pel\u00edcula que transita por la emoci\u00f3n, el humor y donde hay momentos de tensi\u00f3n. Se tratan temas como esta nueva cultura de la cancelaci\u00f3n en la televisi\u00f3n, &nbsp;el infortunio de que el que tanto prensa como el p\u00fablico llaman \u2018El infalible\u2019, se convierta de la noche a la ma\u00f1ana en un meme por haberse equivocado. Que sea escrachado, amenazado y se tenga que ir del lugar donde vive para viajar a C\u00f3rdoba\u201d, relat\u00f3 el actor de \u201cCasados con hijos\u201d.&nbsp;<\/p>\n<p>No fue sencillo llevar a cabo una filmaci\u00f3n en plena pandemia. Pero<strong> tanto Carnevale como Francella reconocen que en C\u00f3rdoba se sintieron muy respetados y fueron recibidos con mucho cari\u00f1o.<\/strong><\/p>\n<h3>Federalizar el cine argentino<\/h3>\n<p><img loading=\"lazy\" alt=\"granizo gob de cba (3)\" class=\"img-responsive lazyload\" data-src=\"http:\/\/cordobadirecto.com\/wp-content\/uploads\/2022\/04\/cordoba-ya-esta-apta-para-tener-su-propia-cinematografia.webp\" data-srcset=\"\/download\/multimedia.normal.a2072f79eb0dc9a9.6772616e697a6f20676f6220646520636261202833295f6e6f726d616c2e77656270.webp 1000w, \/download\/multimedia.miniatura.a2b8268427099e2b.6772616e697a6f20676f6220646520636261202833295f6d696e6961747572612e77656270.webp 400w\" height=\"667\" src=\"data:,\" width=\"1000\"><\/p>\n<p>\u201cPara m\u00ed era una responsabilidad enorme filmar en mi provincia porque era algo que nunca hab\u00eda hecho y lo ten\u00eda que hacer bien. Encima, desembarcamos con una pel\u00edcula enorme y con Guillermo. Tanto el Team Commission de C\u00f3rdoba como el Gobierno de la provincia se pusieron a disposici\u00f3n y nos abrieron las puertas de toda la Provincia.<strong> No nos falt\u00f3 nada y nos cuidaron mucho. Y eso hac\u00eda que la responsabilidad fuese a\u00fan mayor\u201d<\/strong>, explic\u00f3 Carnevale sobre la experiencia de rodar gran parte de la pel\u00edcula en nuestra provincia. &nbsp;<\/p>\n<p>Es que \u201cGranizo\u201d se rod\u00f3 en locaciones t\u00edpicas de la Capital, como la calle Belgrano (entre Fructuoso Rivera y Ach\u00e1val Rodr\u00edguez), en pleno coraz\u00f3n de barrio G\u00fcemes; se us\u00f3 el reconocido bar de tragos de autor \u201cLa Cova del Drac\u201d y tambi\u00e9n pueden verse tomas en el Estadio \u201cMario Alberto Kempes\u201d, el Paseo del Buen Pastor o la tradicional Ca\u00f1ada.<\/p>\n<p>Pero el equipo de filmaci\u00f3n no solo se centr\u00f3 en la ciudad de C\u00f3rdoba, sino que <strong>la trama de la pel\u00edcula tambi\u00e9n los llev\u00f3 al departamento de Punilla, m\u00e1s precisamente en la localidad de San Esteban,<\/strong> en donde transcurren escenas cruciales para el desenlace del film.<\/p>\n<p><strong>La dicotom\u00eda entre el paisaje urbano y el serrano, es f\u00e1cilmente reconocible en \u201cGranizo\u201d <\/strong>y en este punto se centr\u00f3 Carnevale ante la pregunta de La Nueva Ma\u00f1ana. \u201cEs cierto que C\u00f3rdoba Capital es un mundo y el de las sierras o el interior provincial, donde yo nac\u00ed, es otro. Y creo que estuvo bien que eso mismo lo contara un cordob\u00e9s. Porque a veces, hacer interpretaciones desde &nbsp;otras provincias o desde la Capital Federal sobre lo que es el interior, no refleja las cosas tal cual son. Y cuando vos sos del interior, eso lo detect\u00e1s enseguida\u201d, admiti\u00f3.<\/p>\n<p>\u201cEn eso nos ayud\u00f3 mucho el film comission con Jorge \u00c1lvarez (director del Polo Audiovisual de la Agencia C\u00f3rdoba Cultura) y Paola Su\u00e1rez. Eso lo queremos resaltar, porque gracias a ellos pudimos tener un servicio de producci\u00f3n de excelencia. <strong>C\u00f3rdoba ya est\u00e1 apta para tener su propia cinematograf\u00eda. Y creo que es hora que se federalice el cine en Argentina y no est\u00e9 concentrado solo en Capital\u201d,<\/strong> enfatiz\u00f3 el cineasta.<\/p>\n<h3>Picard\u00eda a la cordobesa<\/h3>\n<p><img loading=\"lazy\" alt=\"GZO_20210507-BTS_00146_R\" class=\"img-responsive lazyload\" data-src=\"http:\/\/cordobadirecto.com\/wp-content\/uploads\/2022\/04\/cordoba-ya-esta-apta-para-tener-su-propia-cinematografia-1.webp\" data-srcset=\"\/download\/multimedia.normal.977a916c150db200.475a4f5f32303231303530372d4254535f30303134365f525f6e6f726d616c2e77656270.webp 1000w, \/download\/multimedia.miniatura.9c230e07fbc2801c.475a4f5f32303231303530372d4254535f30303134365f525f6d696e6961747572612e77656270.webp 400w\" height=\"667\" src=\"data:,\" width=\"1000\"><\/p>\n<p>Por su parte, Guillermo Francella reconoci\u00f3 que desde el gobernador Juan Schiaretti hasta la \u00faltima persona que se cruzaron en la provincia los recibi\u00f3 con cari\u00f1o y respeto. \u201cA la gente la ve\u00edas contenta de que nosotros estuvi\u00e9ramos all\u00ed. &nbsp;Nos exteriorizaban eso y para m\u00ed fue muy gratificante\u201d, reconoci\u00f3 el actor.&nbsp;<\/p>\n<p>Y hay una cosa que bien se refleja en el film y es la picard\u00eda cordobesa. \u201cTiene que ver con esto que pasa entre cordobeses y los porte\u00f1os. Eso se ve bien cuando reci\u00e9n llego a la provincia en un taxi y ya aparece un cordob\u00e9s al lado felicit\u00e1ndome con la frase \u00b4los hiciste mierda a los porte\u00f1os\u00b4. Es una an\u00e9cdota muy graciosa. Yo lo hablaba con Marcos, y \u00e9l me dec\u00eda que estaba bueno ese contraste que se da, porque en C\u00f3rdoba, Miguel Flores, es recibido con mucho afecto y respeto\u201d, subray\u00f3 Francella.<\/p>\n<p>\u201cDe hecho, hay una escena cuando habla con un barman cordob\u00e9s, donde \u00e9l le dice al protagonista que le parece injusto el tratamiento que tuvieron para con \u00e9l en Buenos Aires. Flores est\u00e1 muy dolorido porque en alg\u00fan momento manifiesta que el aviso se te puede escapar, pero \u00e9l a la lluvia, no la vio venir. Est\u00e1 angustiado porque \u00e9l es un estudioso, no es ning\u00fan improvisado. Es alguien que ama su carrera y se dedic\u00f3 toda su vida a ella. Pero en C\u00f3rdoba, no siente ese sentimiento agresivo, ese escrache de la gente, esa cancelaci\u00f3n en la televisi\u00f3n por haberse equivocado. Obviamente que su equivocaci\u00f3n gener\u00f3 un perjuicio para mucha gente, pero err\u00f3 en un diagn\u00f3stico. No era tan \u2018infalible\u2019, pero tampoco era para que tuviera un tratamiento tan agresivo. Para m\u00ed, ese contraste que se muestra fue muy interesante de explorar desde lo interpretativo\u201d, cerr\u00f3.<\/p>\n<table>\n<tbody>\n<tr>\n<td><a href=\"https:\/\/lmdiario.com.ar\/categoria\/52\/ed-impresa\" target=\"_self\" rel=\"noopener\"><img loading=\"lazy\" alt=\"LNM - Edici\u00f3n Impresa\" caption=\"false\" class=\"img-responsive lazyload\" data-src=\"http:\/\/cordobadirecto.com\/wp-content\/uploads\/2022\/04\/cordoba-ya-esta-apta-para-tener-su-propia-cinematografia-2.webp\" height=\"262\" src=\"data:,\" title=\"Edici\u00f3n Impresa\" width=\"200\"><\/a><\/td>\n<\/tr>\n<\/tbody>\n<\/table>\n<hr>\n<p><strong><em>Segu\u00ed el desarrollo de esta noticia y otras m\u00e1s&nbsp;<br \/>en la edici\u00f3n impresa de La Nueva Ma\u00f1ana<\/em><\/strong>&nbsp;<br \/><span><em>[&nbsp;<span>Todos los <\/span><\/em><\/span><span><em><span>viernes en tu kiosco&nbsp;<\/span>]<\/em><\/span><\/p>\n<hr>\n","protected":false},"excerpt":{"rendered":"<p>&nbsp;&nbsp; &nbsp; En mayo de 2021, las calles de la ciudad de C\u00f3rdoba se transformaron en set de filmaci\u00f3n. El centro, La Ca\u00f1ada y barrio G\u00fcemes eran el escenario del rodaje de \u201cGranizo\u201d, la pel\u00edcula dirigida por Marcos Carnevale y protagonizada por Guillermo Francella.&nbsp; El reconocido cineasta, que dirigi\u00f3 \u00e9xitos como \u201cElsa y Fred\u201d o [&hellip;]<\/p>\n","protected":false},"author":1,"featured_media":52036,"comment_status":"closed","ping_status":"closed","sticky":false,"template":"","format":"standard","meta":[],"categories":[20],"tags":[],"_links":{"self":[{"href":"http:\/\/cordobadirecto.com\/index.php\/wp-json\/wp\/v2\/posts\/52035"}],"collection":[{"href":"http:\/\/cordobadirecto.com\/index.php\/wp-json\/wp\/v2\/posts"}],"about":[{"href":"http:\/\/cordobadirecto.com\/index.php\/wp-json\/wp\/v2\/types\/post"}],"author":[{"embeddable":true,"href":"http:\/\/cordobadirecto.com\/index.php\/wp-json\/wp\/v2\/users\/1"}],"replies":[{"embeddable":true,"href":"http:\/\/cordobadirecto.com\/index.php\/wp-json\/wp\/v2\/comments?post=52035"}],"version-history":[{"count":0,"href":"http:\/\/cordobadirecto.com\/index.php\/wp-json\/wp\/v2\/posts\/52035\/revisions"}],"wp:featuredmedia":[{"embeddable":true,"href":"http:\/\/cordobadirecto.com\/index.php\/wp-json\/wp\/v2\/media\/52036"}],"wp:attachment":[{"href":"http:\/\/cordobadirecto.com\/index.php\/wp-json\/wp\/v2\/media?parent=52035"}],"wp:term":[{"taxonomy":"category","embeddable":true,"href":"http:\/\/cordobadirecto.com\/index.php\/wp-json\/wp\/v2\/categories?post=52035"},{"taxonomy":"post_tag","embeddable":true,"href":"http:\/\/cordobadirecto.com\/index.php\/wp-json\/wp\/v2\/tags?post=52035"}],"curies":[{"name":"wp","href":"https:\/\/api.w.org\/{rel}","templated":true}]}}