{"id":52079,"date":"2022-04-01T21:42:04","date_gmt":"2022-04-01T21:42:04","guid":{"rendered":"http:\/\/cordobadirecto.com\/index.php\/2022\/04\/01\/yamir-antiman-cantara-su-cancion-sobre-el-autismo-desde-un-penal-bonaerense\/"},"modified":"2022-04-01T21:42:04","modified_gmt":"2022-04-01T21:42:04","slug":"yamir-antiman-cantara-su-cancion-sobre-el-autismo-desde-un-penal-bonaerense","status":"publish","type":"post","link":"http:\/\/cordobadirecto.com\/index.php\/2022\/04\/01\/yamir-antiman-cantara-su-cancion-sobre-el-autismo-desde-un-penal-bonaerense\/","title":{"rendered":"Yamir Antiman cantar\u00e1 su canci\u00f3n sobre el autismo desde un penal bonaerense"},"content":{"rendered":"<figure class=\"mb-3\"><img loading=\"lazy\" src=\"http:\/\/cordobadirecto.com\/wp-content\/uploads\/2022\/04\/yamir-antiman-cantara-su-cancion-sobre-el-autismo-desde-un-penal-bonaerense.jpg\" width=\"100%\" height=\"100%\" alt=\"Foto Prensa\"><figcaption> (Foto Prensa) <\/figcaption><\/figure>\n<p>Yamir Antiman, el rapero y poeta que compuso desde la c\u00e1rcel una canci\u00f3n inspirada en las vivencias de los padres y madres de chicos con trastornos del espectro autista (TEA), estar\u00e1 presente de forma virtual en el acto que este s\u00e1bado a las 14 horas realizar\u00e1n los familiares en Plaza de Mayo por el D\u00eda Internacional de Concientizaci\u00f3n sobre el Autismo.<\/p>\n<p>T<strong>ras el rechazo de la Justicia al pedido de salida extraordinaria que acompa\u00f1aron los familiares, el m\u00fasico oriundo de Boulogne, detenido en un penal de m\u00e1xima seguridad en Campana, dar\u00e1 el presente a trav\u00e9s de su celular<\/strong> -el mismo que utiliza para componer y grabar sus canciones- para abrazarse con los padres e interpretar su canc\u00f3n \u201cAbrazar a la Marea\u201d.<\/p>\n<div class=\"video_repositive\"> <a class=\"video_sticky\" href=\"javascript:void();\" onclick=\"removeStuckVideo(true);\"><i class=\"far fa-window-close\"><\/i><\/a> <\/p>\n<div id=\"rxR52MENnlw\" class=\"video_telam\" readability=\"6.5\">\n<div class=\"feature_article_inner\" readability=\"33\">\n<p><h2 class=\"text-center\">Abrazar a la Marea, Yamir Antiman<\/h2>\n<\/p><\/div>\n<p>VER VIDEO <i class=\"fas fa-play\"><\/i><\/p>\n<\/p><\/div><\/div>\n<p>En di\u00e1logo con T\u00e9lam, Antiman considera que hay puntos de contacto entre las personas que est\u00e1n privadas de la libertad y la lucha de los familiares:<strong> \u201cLa sociedad no es s\u00f3lo dura con los presos que somos los invisibles, los innecesarios, los que realmente molestamos. A ellos les pasa exactamente lo mismo, porque los consideran distintos al com\u00fan de la gente. Les molesta, no los quieren ver\u201d.<\/strong><\/p>\n<p>\u201cEllos est\u00e1n en libertad y gozando de todos sus derechos, y no son respetados como cualquier otra persona. Les pasa lo mismo que a m\u00ed, siendo yo el que hab\u00eda quebrantado la ley. Desde ah\u00ed sent\u00ed mucha empat\u00eda, porque est\u00e1n tan ninguneadas y deso\u00eddas por la sociedad igual que los presos\u201d, a\u00f1adi\u00f3.<\/p>\n<figure class=\"mb-3\"><img loading=\"lazy\" src=\"http:\/\/cordobadirecto.com\/wp-content\/uploads\/2022\/04\/yamir-antiman-cantara-su-cancion-sobre-el-autismo-desde-un-penal-bonaerense-1.jpg\" width=\"100%\" height=\"100%\" alt=\"Foto Prensa\"><figcaption> (Foto Prensa) <\/figcaption><\/figure>\n<p>En ese sentido, consider\u00f3 que <strong>\u201cla sociedad s\u00f3lo te acepta si est\u00e1s dentro de sus par\u00e1metros\u201d<\/strong> pero \u201csi ten\u00e9s epilepsia, autismo, s\u00edndrome de Down, alguna discapacidad, te ignora y te desecha\u201d, por lo que la canci\u00f3n intenta sumar \u201cuna voz a esas personas que no tienen voz\u201d y seguir luchando por su \u201cpropia integraci\u00f3n\u201d.<\/p>\n<p><strong>\u201cMe transformo f\u00edsica y mentalmente en la otra persona para entenderla y aproximarme al sentimiento del pr\u00f3jimo, y de esa manera entenderlo. Es as\u00ed como escribo; es mi m\u00e9todo de inspiraci\u00f3n\u201d<\/strong>, se\u00f1al\u00f3 sobre la canci\u00f3n que conmovi\u00f3 hasta las l\u00e1grimas a muchos de los padres de los ni\u00f1os con TEA.<\/p>\n<p>El acercamiento de Antiman con aquella problem\u00e1tica se origina a partir de los talleres que los Padres TEA realizan dentro de las c\u00e1rceles bonaerenses, desde donde se producen materiales de estimulaci\u00f3n temprana para los ni\u00f1os.<\/p>\n<p>Al respecto, Vera Vera, coordinadora de la red federal de Padres TEA, se refiri\u00f3 al proyecto que comenz\u00f3 en 2019 y que hoy est\u00e1 presente en diez c\u00e1rceles de la provincia de Buenos Aires: \u201cAhora nuestra intenci\u00f3n concreta es conseguir que una vez que est\u00e9n liberados sean talleristas en cooperativas y ense\u00f1ar ellos el oficio de producir estos materiales de estimulaci\u00f3n temprana afuera, como un trabajo arancelado&#8221;:<\/p>\n<blockquote class><p>El acercamiento de Antiman con aquella problem\u00e1tica se origina a partir de los talleres que los Padres TEA realizan dentro de las c\u00e1rceles bonaerenses<\/p><\/blockquote>\n<p>Lo producido, que para cualquier familia resulta \u201cinalcanzable\u201d porque son productos importados a precio d\u00f3lar, est\u00e1 destinado a aquellas familias que no pueden solventarlo y que resultan de vital importancia para la comunicaci\u00f3n cotidiana y el desarrollo de sus hijos.<\/p>\n<p><strong>\u201cYamir es un gran artista que r\u00e1pidamente se conmovi\u00f3 con nuestra lucha y que entendi\u00f3 que pod\u00eda aportar desde el arte a un tema bastante fuerte con una letra muy contundente que habla de lo que vivimos d\u00eda a d\u00eda. Somos dos poblaciones que son discriminadas y olvidadas por el Estado. Que ni siquiera tienen una primera oportunidad\u201d<\/strong>, a\u00f1adi\u00f3.<\/p>\n<p>En tanto, Ana Rodr\u00edguez, coordinadora y tallerista del proyecto \u201cayudarTEAayuda\u201d, dijo que con su letra Antiman estaba \u201crelatando nuestra realidad\u201d, a la vez que llam\u00f3 a acompa\u00f1ar el acto de ma\u00f1ana en Plaza de Mayo, donde se \u201cvisibilizar\u00e1 todo el trabajo\u201d de los familiares y del que Yamir es \u201cuna pieza fundamental\u201d por reflejar las vivencias de las familias del espectro autista.<\/p>\n<p>Yamir Antiman, que ha colaborado desde su encierro con algunos consagrados artistas de la escena urbana como Fili Wey y El Doctor, sigue esperando por una salida extraordinaria para poder presentarse en vivo por primera vez, luego de un rechazo anterior de la Justicia, para su debut en el escenario del Teatro Colonial de Avellaneda. <\/p>\n","protected":false},"excerpt":{"rendered":"<p>(Foto Prensa) Yamir Antiman, el rapero y poeta que compuso desde la c\u00e1rcel una canci\u00f3n inspirada en las vivencias de los padres y madres de chicos con trastornos del espectro autista (TEA), estar\u00e1 presente de forma virtual en el acto que este s\u00e1bado a las 14 horas realizar\u00e1n los familiares en Plaza de Mayo por [&hellip;]<\/p>\n","protected":false},"author":1,"featured_media":52080,"comment_status":"closed","ping_status":"closed","sticky":false,"template":"","format":"standard","meta":[],"categories":[20],"tags":[],"_links":{"self":[{"href":"http:\/\/cordobadirecto.com\/index.php\/wp-json\/wp\/v2\/posts\/52079"}],"collection":[{"href":"http:\/\/cordobadirecto.com\/index.php\/wp-json\/wp\/v2\/posts"}],"about":[{"href":"http:\/\/cordobadirecto.com\/index.php\/wp-json\/wp\/v2\/types\/post"}],"author":[{"embeddable":true,"href":"http:\/\/cordobadirecto.com\/index.php\/wp-json\/wp\/v2\/users\/1"}],"replies":[{"embeddable":true,"href":"http:\/\/cordobadirecto.com\/index.php\/wp-json\/wp\/v2\/comments?post=52079"}],"version-history":[{"count":0,"href":"http:\/\/cordobadirecto.com\/index.php\/wp-json\/wp\/v2\/posts\/52079\/revisions"}],"wp:featuredmedia":[{"embeddable":true,"href":"http:\/\/cordobadirecto.com\/index.php\/wp-json\/wp\/v2\/media\/52080"}],"wp:attachment":[{"href":"http:\/\/cordobadirecto.com\/index.php\/wp-json\/wp\/v2\/media?parent=52079"}],"wp:term":[{"taxonomy":"category","embeddable":true,"href":"http:\/\/cordobadirecto.com\/index.php\/wp-json\/wp\/v2\/categories?post=52079"},{"taxonomy":"post_tag","embeddable":true,"href":"http:\/\/cordobadirecto.com\/index.php\/wp-json\/wp\/v2\/tags?post=52079"}],"curies":[{"name":"wp","href":"https:\/\/api.w.org\/{rel}","templated":true}]}}