{"id":52085,"date":"2022-04-01T18:53:37","date_gmt":"2022-04-01T18:53:37","guid":{"rendered":"https:\/\/www.ole.com.ar\/autos\/ortelli-hablo-despedida_0_5Z7z7BOSL6.html"},"modified":"2022-04-01T18:53:37","modified_gmt":"2022-04-01T18:53:37","slug":"ortelli-estoy-tranquilo-con-la-decision-que-tome","status":"publish","type":"post","link":"http:\/\/cordobadirecto.com\/index.php\/2022\/04\/01\/ortelli-estoy-tranquilo-con-la-decision-que-tome\/","title":{"rendered":"Ortelli: &#8220;Estoy tranquilo con la decisi\u00f3n que tom\u00e9&#8221;"},"content":{"rendered":"<p>El Turismo Carretera se presentar\u00e1 el pr\u00f3ximo 17 de abril en el aut\u00f3dromo de La Pampa para disputar la cuarta fecha de la temporada, pero no ser\u00e1 un fin de semana m\u00e1s, <mark>ya que all\u00ed Guillermo Ortelli correr\u00e1 su \u00faltima carrera en la categor\u00eda. \u00bfC\u00f3mo vive el piloto de Salto la previa a ese fin de semana?<\/mark><\/p>\n<div class=\"sp__SM\">\n<div class=\"content-new \">\n<span class=\"tit-mobile\">Mir\u00e1 tambi\u00e9n<\/span><\/p>\n<div class=\"mg\">\n<div class=\"wrap-figure\">\n<picture>\n<a href=\"https:\/\/www.ole.com.ar\/autos\/f1-vuelve-vegas_0_3pMdheumDp.html\" target=\"_self\" rel=\"noopener\"><br \/>\n<img class=\"img-responsive\" alt=\"Vuelve a Las Vegas y de noche\" src=\"http:\/\/cordobadirecto.com\/wp-content\/uploads\/2022\/04\/ortelli-estoy-tranquilo-con-la-decision-que-tome.jpg\" loading=\"lazy\"><br \/>\n<\/a>\n<\/picture>\n<\/div>\n<\/div><\/div>\n<\/div>\n<p><mark>\u201cMe prepar\u00f3 bien y disfrutando. Mi despedida creo que fue ya la de San Juan. Esta ser\u00e1 una carrera donde voy a pasarla bien, por supuesto que voy a volver a subirme al auto y correr<\/mark>, pero a modo de agradecimiento de toda la gente que me ha dado tanto cari\u00f1o durante todo este tiempo\u201d, le expres\u00f3 en primer t\u00e9rmino Ortelli a Carburando.<\/p>\n<div class=\"sp__SM\">\n<div class=\"content-new \">\n<span class=\"tit-mobile\">Mir\u00e1 tambi\u00e9n<\/span><\/p>\n<div class=\"mg\">\n<div class=\"wrap-figure\">\n<picture>\n<a href=\"https:\/\/www.ole.com.ar\/autos\/sponsors-formula-1-oracle-red-bull_0_Cs8ZKUknGV.html\" target=\"_self\" rel=\"noopener\"><br \/>\n<img class=\"img-responsive\" alt=\"Los sponsors y sus ganancias: \u00bfCu\u00e1nto recaudan las principales marcas que patrocinan a los equipos de F\u00f3rmula 1?\" src=\"http:\/\/cordobadirecto.com\/wp-content\/uploads\/2022\/04\/ortelli-estoy-tranquilo-con-la-decision-que-tome-1.jpg\" loading=\"lazy\"><br \/>\n<\/a>\n<\/picture>\n<\/div>\n<\/div><\/div>\n<\/div>\n<div class=\"entry-tags\">\n<h2>TEMAS QUE APARECEN EN ESTA NOTA<\/h2>\n<\/p><\/div>\n","protected":false},"excerpt":{"rendered":"<p>El Turismo Carretera se presentar\u00e1 el pr\u00f3ximo 17 de abril en el aut\u00f3dromo de La Pampa para disputar la cuarta fecha de la temporada, pero no ser\u00e1 un fin de semana m\u00e1s, ya que all\u00ed Guillermo Ortelli correr\u00e1 su \u00faltima carrera en la categor\u00eda. \u00bfC\u00f3mo vive el piloto de Salto la previa a ese fin [&hellip;]<\/p>\n","protected":false},"author":1,"featured_media":52086,"comment_status":"closed","ping_status":"closed","sticky":false,"template":"","format":"standard","meta":[],"categories":[21],"tags":[],"_links":{"self":[{"href":"http:\/\/cordobadirecto.com\/index.php\/wp-json\/wp\/v2\/posts\/52085"}],"collection":[{"href":"http:\/\/cordobadirecto.com\/index.php\/wp-json\/wp\/v2\/posts"}],"about":[{"href":"http:\/\/cordobadirecto.com\/index.php\/wp-json\/wp\/v2\/types\/post"}],"author":[{"embeddable":true,"href":"http:\/\/cordobadirecto.com\/index.php\/wp-json\/wp\/v2\/users\/1"}],"replies":[{"embeddable":true,"href":"http:\/\/cordobadirecto.com\/index.php\/wp-json\/wp\/v2\/comments?post=52085"}],"version-history":[{"count":0,"href":"http:\/\/cordobadirecto.com\/index.php\/wp-json\/wp\/v2\/posts\/52085\/revisions"}],"wp:featuredmedia":[{"embeddable":true,"href":"http:\/\/cordobadirecto.com\/index.php\/wp-json\/wp\/v2\/media\/52086"}],"wp:attachment":[{"href":"http:\/\/cordobadirecto.com\/index.php\/wp-json\/wp\/v2\/media?parent=52085"}],"wp:term":[{"taxonomy":"category","embeddable":true,"href":"http:\/\/cordobadirecto.com\/index.php\/wp-json\/wp\/v2\/categories?post=52085"},{"taxonomy":"post_tag","embeddable":true,"href":"http:\/\/cordobadirecto.com\/index.php\/wp-json\/wp\/v2\/tags?post=52085"}],"curies":[{"name":"wp","href":"https:\/\/api.w.org\/{rel}","templated":true}]}}