{"id":52087,"date":"2022-04-01T13:57:56","date_gmt":"2022-04-01T13:57:56","guid":{"rendered":"https:\/\/www.ole.com.ar\/autos\/10-anos-callejero-buenos-aires_0_GPZYKuI7WQ.html"},"modified":"2022-04-01T13:57:56","modified_gmt":"2022-04-01T13:57:56","slug":"a-10-anos-de-una-fiesta-historica","status":"publish","type":"post","link":"http:\/\/cordobadirecto.com\/index.php\/2022\/04\/01\/a-10-anos-de-una-fiesta-historica\/","title":{"rendered":"A 10 a\u00f1os de una fiesta hist\u00f3rica"},"content":{"rendered":"<p>El 1\u00b0 de abril de 2012 hubo uno de los momentos m\u00e1s trascendentes en la historia del automovilismo argentino, ya que se realiz\u00f3 el Callejero de Buenos Aires a metros del Obelisco. 10 a\u00f1os de una fiesta inolvidable para todos los fan\u00e1ticos del mundo motor nacional.<\/p>\n<div class=\"sp__SM\">\n<div class=\"content-new \">\n<span class=\"tit-mobile\">Mir\u00e1 tambi\u00e9n<\/span><\/p>\n<div class=\"mg\">\n<div class=\"wrap-figure\">\n<picture>\n<a href=\"https:\/\/www.ole.com.ar\/autos\/max-mosley-formula1-suicidio_0_nHrpMXhUTJ.html\" target=\"_self\" rel=\"noopener\"><br \/>\n<img class=\"img-responsive\" alt=\"Max Mosley se suicid\u00f3 debido a un c\u00e1ncer terminal\" src=\"http:\/\/cordobadirecto.com\/wp-content\/uploads\/2022\/04\/a-10-anos-de-una-fiesta-historica.jpg\" loading=\"lazy\"><br \/>\n<\/a>\n<\/picture>\n<\/div>\n<\/div><\/div>\n<\/div>\n<p><mark>Un mill\u00f3n de personas estuvieron durante todo el fin de semana para no perderse ning\u00fan detalle del Callejero de Buenos Aires.<\/mark> Las tribunas armadas a lo largo de todo el trazado se llenaron desde bien temprano para vivir en horas del mediod\u00eda el triunfo del entrerriano Mariano Werner con el Toyota.<\/p>\n<p><mark>El m\u00e1s r\u00e1pido de la clasificaci\u00f3n fue Christian Ledesma con el Chevrolet, pero cuando se puso en marcha la carrera el marplatense aguant\u00f3 la presi\u00f3n de Jos\u00e9 Mar\u00eda L\u00f3pez<\/mark>, quien lo busc\u00f3 por afuera al final de la recta de la 9 de Julio pero Pechito perdi\u00f3 terreno y cay\u00f3 hasta el cuarto lugar del clasificador, con Facundo Ardusso y Werner por delante.<\/p>\n<p>Sobre el final de la carrera, <mark>Werner aprovech\u00f3 el abandono del Flaco de Las Parejas para quedar en la primera posici\u00f3n, lograr la victoria y quedar en la historia grande del automovilismo argentino.<\/mark><\/p>\n<div class=\"sp__SM\">\n<div class=\"content-new \">\n<span class=\"tit-mobile\">Mir\u00e1 tambi\u00e9n<\/span><\/p>\n<div class=\"mg\">\n<div class=\"wrap-figure\">\n<picture>\n<a href=\"https:\/\/www.ole.com.ar\/autos\/fia-echo-comisario-pista_0_U9otnxpv4e.html\" target=\"_self\" rel=\"noopener\"><br \/>\n<img class=\"img-responsive\" alt=\"La FIA ech\u00f3 a un comisario de pista por desearle un accidente a Hamilton\" src=\"http:\/\/cordobadirecto.com\/wp-content\/uploads\/2022\/04\/a-10-anos-de-una-fiesta-historica-1.jpg\" loading=\"lazy\"><br \/>\n<\/a>\n<\/picture>\n<\/div>\n<\/div><\/div>\n<\/div>\n<p>La televisi\u00f3n logr\u00f3 17 puntos de rating, r\u00e9cord para esa \u00e9poca, y una gran repercusi\u00f3n en medios nacionales y de todo el mundo.<\/p>\n<div class=\"entry-tags\">\n<h2>TEMAS QUE APARECEN EN ESTA NOTA<\/h2>\n<\/p><\/div>\n","protected":false},"excerpt":{"rendered":"<p>El 1\u00b0 de abril de 2012 hubo uno de los momentos m\u00e1s trascendentes en la historia del automovilismo argentino, ya que se realiz\u00f3 el Callejero de Buenos Aires a metros del Obelisco. 10 a\u00f1os de una fiesta inolvidable para todos los fan\u00e1ticos del mundo motor nacional. Mir\u00e1 tambi\u00e9n Un mill\u00f3n de personas estuvieron durante todo [&hellip;]<\/p>\n","protected":false},"author":1,"featured_media":52088,"comment_status":"closed","ping_status":"closed","sticky":false,"template":"","format":"standard","meta":[],"categories":[21],"tags":[],"_links":{"self":[{"href":"http:\/\/cordobadirecto.com\/index.php\/wp-json\/wp\/v2\/posts\/52087"}],"collection":[{"href":"http:\/\/cordobadirecto.com\/index.php\/wp-json\/wp\/v2\/posts"}],"about":[{"href":"http:\/\/cordobadirecto.com\/index.php\/wp-json\/wp\/v2\/types\/post"}],"author":[{"embeddable":true,"href":"http:\/\/cordobadirecto.com\/index.php\/wp-json\/wp\/v2\/users\/1"}],"replies":[{"embeddable":true,"href":"http:\/\/cordobadirecto.com\/index.php\/wp-json\/wp\/v2\/comments?post=52087"}],"version-history":[{"count":0,"href":"http:\/\/cordobadirecto.com\/index.php\/wp-json\/wp\/v2\/posts\/52087\/revisions"}],"wp:featuredmedia":[{"embeddable":true,"href":"http:\/\/cordobadirecto.com\/index.php\/wp-json\/wp\/v2\/media\/52088"}],"wp:attachment":[{"href":"http:\/\/cordobadirecto.com\/index.php\/wp-json\/wp\/v2\/media?parent=52087"}],"wp:term":[{"taxonomy":"category","embeddable":true,"href":"http:\/\/cordobadirecto.com\/index.php\/wp-json\/wp\/v2\/categories?post=52087"},{"taxonomy":"post_tag","embeddable":true,"href":"http:\/\/cordobadirecto.com\/index.php\/wp-json\/wp\/v2\/tags?post=52087"}],"curies":[{"name":"wp","href":"https:\/\/api.w.org\/{rel}","templated":true}]}}