{"id":52089,"date":"2022-04-01T21:42:22","date_gmt":"2022-04-01T21:42:22","guid":{"rendered":"https:\/\/www.ole.com.ar\/futbol-ascenso\/p-nacional-santamarina-gonzalez-barsottini_0_GoGrPv83L9.html"},"modified":"2022-04-01T21:42:22","modified_gmt":"2022-04-01T21:42:22","slug":"santamarina-ya-tiene-sus-nuevos-tecnicos","status":"publish","type":"post","link":"http:\/\/cordobadirecto.com\/index.php\/2022\/04\/01\/santamarina-ya-tiene-sus-nuevos-tecnicos\/","title":{"rendered":"Santamarina ya tiene sus nuevos t\u00e9cnicos"},"content":{"rendered":"<p>Santamarina navega entre los \u00faltimos puestos de la Primera Nacional. Solamente gan\u00f3 un partido de los ocho disputados, debido a estos malos resultados la Comisi\u00f3n Directiva decidi\u00f3 alejar a Sebasti\u00e1n Cejas de su cargo y con el correr de los d\u00edas ya encontraron su reemplazante: Ser\u00eda un dupla t\u00e9cnica que conoce a la perfecci\u00f3n el club.<\/p>\n<div class=\"sp__SM\">\n<div class=\"content-new \">\n<span class=\"tit-mobile\">Mir\u00e1 tambi\u00e9n<\/span><\/p>\n<div class=\"mg\">\n<div class=\"wrap-figure\">\n<picture>\n<a href=\"https:\/\/www.ole.com.ar\/futbol-ascenso\/primera-b-fenix-dep-merlo_0_utTv47NbYs.html\" target=\"_self\" rel=\"noopener\"><br \/>\n<img class=\"img-responsive\" alt=\"\u00a1Se termin\u00f3 la mala racha para F\u00e9nix!\" src=\"http:\/\/cordobadirecto.com\/wp-content\/uploads\/2022\/04\/santamarina-ya-tiene-sus-nuevos-tecnicos.jpg\" loading=\"lazy\"><br \/>\n<\/a>\n<\/picture>\n<\/div>\n<\/div><\/div>\n<\/div>\n<p> Se trata de la dupla Mariano Gonz\u00e1lez y Osvaldo Barsottini. Ambos con pasado reciente en Santamarina dentro de la Primera Nacional, fueron confirmados por la instituci\u00f3n como nuevos entrenadores del equipo.<\/p>\n<div class=\"sp__SM\">\n<div class=\"content-new \">\n<span class=\"tit-mobile\">Mir\u00e1 tambi\u00e9n<\/span><\/p>\n<div class=\"mg\">\n<div class=\"wrap-figure\">\n<picture>\n<a href=\"https:\/\/www.ole.com.ar\/futbol-ascenso\/primera-b-fecha-mate-comu_0_WQQX3lkQAF.html\" target=\"_self\" rel=\"noopener\"><br \/>\n<img class=\"img-responsive\" alt=\"Marcelo G\u00f3mez y un debut dif\u00edcil ante el Cartero\" src=\"http:\/\/cordobadirecto.com\/wp-content\/uploads\/2022\/04\/santamarina-ya-tiene-sus-nuevos-tecnicos-1.jpg\" loading=\"lazy\"><br \/>\n<\/a>\n<\/picture>\n<\/div>\n<\/div><\/div>\n<\/div>\n<p> Esto significa una gran apuesta del club de Tandil porque con esta decisi\u00f3n se retiran dos de sus mejores jugadores con gran trayectoria para llevar a cabo un proyecto a largo plazo en el club.<\/p>\n<div class=\"sp__SM\">\n<div class=\"content-new \">\n<span class=\"tit-mobile\">Mir\u00e1 tambi\u00e9n<\/span><\/p>\n<div class=\"mg\">\n<div class=\"wrap-figure\">\n<picture>\n<a href=\"https:\/\/www.ole.com.ar\/futbol-ascenso\/primera-b-ituzaingo_0_9kt4aJG9cX.html\" target=\"_self\" rel=\"noopener\"><br \/>\n<img class=\"img-responsive\" alt=\"Ituzaing\u00f3: festejo de aniversario\" src=\"http:\/\/cordobadirecto.com\/wp-content\/uploads\/2022\/04\/santamarina-ya-tiene-sus-nuevos-tecnicos-2.jpg\" loading=\"lazy\"><br \/>\n<\/a>\n<\/picture>\n<\/div>\n<\/div><\/div>\n<\/div>\n<p>El Aurinegro visita a Deportivo Madryn el domingo desde las 16.00 y lo cierto es que el coordinador de f\u00fatbol ser\u00e1 quien est\u00e9 al mando del equipo ese d\u00eda. Mientras que el ciclo de los ahora ex futbolistas comienza a partir del lunes.<\/p>\n<div class=\"sp__SM\">\n<div class=\"content-new \">\n<span class=\"tit-mobile\">Mir\u00e1 tambi\u00e9n<\/span><\/p>\n<div class=\"mg\">\n<div class=\"wrap-figure\">\n<picture>\n<a href=\"https:\/\/www.ole.com.ar\/futbol-ascenso\/primera-b-argentino-quilmes_0_nHWwcimmQ1.html\" target=\"_self\" rel=\"noopener\"><br \/>\n<img class=\"img-responsive\" alt=\"H\u00e9roes en Malvinas: el homenaje de Argentino de Quilmes\" src=\"http:\/\/cordobadirecto.com\/wp-content\/uploads\/2022\/04\/santamarina-ya-tiene-sus-nuevos-tecnicos-3.jpg\" loading=\"lazy\"><br \/>\n<\/a>\n<\/picture>\n<\/div>\n<\/div><\/div>\n<\/div>\n<div class=\"sp__SM\">\n<div class=\"content-new \">\n<span class=\"tit-mobile\">Mir\u00e1 tambi\u00e9n<\/span><\/p>\n<div class=\"mg\">\n<div class=\"wrap-figure\">\n<picture>\n<a href=\"https:\/\/www.ole.com.ar\/futbol-ascenso\/primera-c-porvenir-enrique-merelas-_0_NzaOPmU33S.html\" target=\"_self\" rel=\"noopener\"><br \/>\n<img class=\"img-responsive\" alt=\"Esc\u00e1ndalo en El Porvenir: &quot;Cinco jugadores reconocieron que recibieron dinero&quot;\" src=\"http:\/\/cordobadirecto.com\/wp-content\/uploads\/2022\/04\/santamarina-ya-tiene-sus-nuevos-tecnicos-4.jpg\" loading=\"lazy\"><br \/>\n<\/a>\n<\/picture>\n<\/div>\n<\/div><\/div>\n<\/div>\n<div class=\"sp__SM\">\n<div class=\"content-new \">\n<span class=\"tit-mobile\">Mir\u00e1 tambi\u00e9n<\/span><\/p>\n<div class=\"mg\">\n<div class=\"wrap-figure\">\n<picture>\n<a href=\"https:\/\/www.ole.com.ar\/futbol-ascenso\/primera-b-canuelas-vuelven_0_1LMKjYzNyi.html\" target=\"_self\" rel=\"noopener\"><br \/>\n<img class=\"img-responsive\" alt=\"Dos que vuelven en Ca\u00f1uelas\" src=\"http:\/\/cordobadirecto.com\/wp-content\/uploads\/2022\/04\/santamarina-ya-tiene-sus-nuevos-tecnicos-5.jpg\" loading=\"lazy\"><br \/>\n<\/a>\n<\/picture>\n<\/div>\n<\/div><\/div>\n<\/div>\n<div class=\"entry-tags\">\n<h2>TEMAS QUE APARECEN EN ESTA NOTA<\/h2>\n<\/p><\/div>\n","protected":false},"excerpt":{"rendered":"<p>Santamarina navega entre los \u00faltimos puestos de la Primera Nacional. Solamente gan\u00f3 un partido de los ocho disputados, debido a estos malos resultados la Comisi\u00f3n Directiva decidi\u00f3 alejar a Sebasti\u00e1n Cejas de su cargo y con el correr de los d\u00edas ya encontraron su reemplazante: Ser\u00eda un dupla t\u00e9cnica que conoce a la perfecci\u00f3n el [&hellip;]<\/p>\n","protected":false},"author":1,"featured_media":52090,"comment_status":"closed","ping_status":"closed","sticky":false,"template":"","format":"standard","meta":[],"categories":[21],"tags":[],"_links":{"self":[{"href":"http:\/\/cordobadirecto.com\/index.php\/wp-json\/wp\/v2\/posts\/52089"}],"collection":[{"href":"http:\/\/cordobadirecto.com\/index.php\/wp-json\/wp\/v2\/posts"}],"about":[{"href":"http:\/\/cordobadirecto.com\/index.php\/wp-json\/wp\/v2\/types\/post"}],"author":[{"embeddable":true,"href":"http:\/\/cordobadirecto.com\/index.php\/wp-json\/wp\/v2\/users\/1"}],"replies":[{"embeddable":true,"href":"http:\/\/cordobadirecto.com\/index.php\/wp-json\/wp\/v2\/comments?post=52089"}],"version-history":[{"count":0,"href":"http:\/\/cordobadirecto.com\/index.php\/wp-json\/wp\/v2\/posts\/52089\/revisions"}],"wp:featuredmedia":[{"embeddable":true,"href":"http:\/\/cordobadirecto.com\/index.php\/wp-json\/wp\/v2\/media\/52090"}],"wp:attachment":[{"href":"http:\/\/cordobadirecto.com\/index.php\/wp-json\/wp\/v2\/media?parent=52089"}],"wp:term":[{"taxonomy":"category","embeddable":true,"href":"http:\/\/cordobadirecto.com\/index.php\/wp-json\/wp\/v2\/categories?post=52089"},{"taxonomy":"post_tag","embeddable":true,"href":"http:\/\/cordobadirecto.com\/index.php\/wp-json\/wp\/v2\/tags?post=52089"}],"curies":[{"name":"wp","href":"https:\/\/api.w.org\/{rel}","templated":true}]}}