{"id":52107,"date":"2022-04-01T23:53:18","date_gmt":"2022-04-01T23:53:18","guid":{"rendered":"https:\/\/cordoba.gob.ar\/?p=21650"},"modified":"2022-04-01T23:53:18","modified_gmt":"2022-04-01T23:53:18","slug":"se-viene-la-octava-edicion-del-festival-mundial-del-humor-y-el-choripan","status":"publish","type":"post","link":"http:\/\/cordobadirecto.com\/index.php\/2022\/04\/01\/se-viene-la-octava-edicion-del-festival-mundial-del-humor-y-el-choripan\/","title":{"rendered":"Se viene la octava edici\u00f3n del Festival Mundial del Humor y El Chorip\u00e1n"},"content":{"rendered":"<div><img src=\"http:\/\/cordobadirecto.com\/wp-content\/uploads\/2022\/04\/se-viene-la-octava-edicion-del-festival-mundial-del-humor-y-el-choripan.jpg\" class=\"ff-og-image-inserted\"><\/div>\n<ul>\n<li><strong>El intendente Llaryora estuvo presente en el lanzamiento del evento.<\/strong><\/li>\n<li><strong>La actividad cont\u00f3 con la participaci\u00f3n de Lore Jim\u00e9nez, Alta Mezcla, Diana Fons y dem\u00e1s artistas.<\/strong><\/li>\n<li><strong>El Festival se desarrollar\u00e1 el 8 y 9 de abril, con un circuito gastron\u00f3mico y propuestas art\u00edsticas para toda la familia.<\/strong><\/li>\n<\/ul>\n<hr>\n<p>El intendente Mart\u00edn Llaryora particip\u00f3 del lanzamiento de la octava edici\u00f3n del Festival Mundial de Humor y El Chorip\u00e1n 2022.<\/p>\n<p>La actividad tuvo lugar en el puesto \u201cEl Dante\u201d del Parque Sarmiento, y cont\u00f3 con la actuaci\u00f3n de Lore Jim\u00e9nez, Alta Mezcla, Diana Fonss y otros artistas locales.<\/p>\n<p><em>\u201cEstamos muy contentos de estar presentes en el coraz\u00f3n del Parque Sarmiento, desde donde invitamos a los vecinos de C\u00f3rdoba, de otras localidades y de otras provincias de Argentina a pasarla bien con gastronom\u00eda, humor y espect\u00e1culos en vivo, porque el chorip\u00e1n lo disfruta toda la familia\u201d<\/em>, propuso Llaryora.<\/p>\n<p>El Festival del \u201cChori\u201d es organizado por la Secretar\u00eda Cultura y Juventud municipal, y se llevar\u00e1 a cabo este viernes 8 y el s\u00e1bado 9 de abril.<\/p>\n<p>El punto de encuentro ser\u00e1 sobre la avenida Nores Mart\u00ednez, en la uni\u00f3n del parque Sarmiento y la Ciudad Universitaria.<\/p>\n<p>Se trata de un encuentro popular que gira en torno al humor, la m\u00fasica y el caracter\u00edstico plato cordob\u00e9s.<\/p>\n<p>Es una propuesta abierta a la familia y a la comunidad toda.<\/p>\n<p>Habr\u00e1 3 categor\u00edas de puestos: Cl\u00e1sico, Mundial y Gourmet, los cuales fueron seleccionados por medio de una convocatoria p\u00fablica, bajo criterios de originalidad y variedad gastron\u00f3mica.<\/p>\n<p>Cada categor\u00eda ser\u00e1 evaluada por un jurado integrado por chefs, periodistas, gastron\u00f3micos, influencers y un representante de la Secretar\u00eda organizadora, quienes otorgar\u00e1n premios a las mejores propuestas.<\/p>\n<p>Adem\u00e1s, la edici\u00f3n 2022 suma la propuesta cerveza artesanal, resultando ser uno de los maridajes preferidos a la hora de consumir el chorip\u00e1n.<\/p>\n<p><em>\u201cIncluimos la cerveza artesanal para ofrecer la combinaci\u00f3n gastron\u00f3mica que m\u00e1s le gusta a los cordobeses\u201d,<\/em> expres\u00f3 el secretario de Cultura y juventud, Mariano Almada.<\/p>\n<p>Los programaci\u00f3n gastron\u00f3mica del Festival se desarrollar\u00e1 de la siguiente manera:<\/p>\n<p>\u2013 Viernes 8<br \/>Horario: 17 a 00 hs<br \/>Habr\u00e1 44 puestos que ofrecer\u00e1n el chorip\u00e1n de la categor\u00eda Cl\u00e1sico.<\/p>\n<p>\u2013 S\u00e1bado 9<br \/>Horario: 12 a 00 hs<br \/>Participar\u00e1 la categor\u00eda Mundial, con 10 puestos de los siguientes pa\u00edses: Italia, Estados Unidos, Cuba, Pa\u00edses \u00c1rabes, Colombia, M\u00e9xico, Polonia, Rep\u00fablica Checa y Rep\u00fablica Eslovaca.<br \/>El mismo d\u00eda, se podr\u00e1n visitar 10 puestos que corresponden a la categor\u00eda Gourmet, uno de los cuales ser\u00e1 vegano cuyo plato ser\u00e1 a base de seit\u00e1n.<br \/>As\u00ed mismo, se colocar\u00e1 un puesto de chorip\u00e1n sin TACC, que tendr\u00e1 un espacio diferenciado para evitar la contaminaci\u00f3n cruzada.<\/p>\n<p>Cabe destacar, que es la primera edici\u00f3n en la que se incorpora la cerveza artesanal con 9 puestos durante las dos jornadas.<\/p>\n<p><strong>GRILLA ART\u00cdSTICA<\/strong><br \/>El predio del Festival contar\u00e1 con un escenario principal y otro en la carpa \u201cEntre panes\u201d.<\/p>\n<p>\u2013 Viernes 8<br \/>Escenario Principal: Santiago Gianola en locuci\u00f3n junto a Mavy Lacovara y la DJ Flor Aquin, Banda Sinf\u00f3nica Municipal, Soul Bitches; Alta Mezcla; Gabriel Marasini; De Boca en Boca; Nardo Escanilla y Planeador V.<\/p>\n<p>Espacio \u201cEntre panes\u201d: Rinc\u00f3n del meme y Mem\u00e9 Point, locuci\u00f3n de Diana Fonss junto a DJ Diego Quiroga, Arte al Paso: Las mochas del pasaje\/enclave Circo; charlas Entre Panes con Pedro Saborido; stand up de Mariel Soria y finaliza con otra charla de Luz Ozorno de Las Despechadas.<\/p>\n<p>\u2013 S\u00e1bado 9<br \/>Escenario Principal: Santiago Gianola en locuci\u00f3n con Mavy Lacovara y DJ Yinyer, Orquesta Municipal de Cuerdas junto a Valdes; Princess; Las Despechadas; Lore Jimenez; Los Can Can; Cony La Tuquera; show de La Bicho y cierra el d\u00eda con Sabor Canela.<\/p>\n<p>Espacio \u201cEntre panes\u201d: Rinc\u00f3n del meme y Mem\u00e9 Point, locuci\u00f3n de Diana Fonss junto a DJ Diego Quiroga, Charlas Entre Panes con Hecatombe; Arte al Paso: Las mochas del pasaje\/enclave Circo; charlas con No es de Vegana y Rodrigo Artal; cerrando al jornada con Juan de Battisti.<\/p>\n","protected":false},"excerpt":{"rendered":"<p>El intendente Llaryora estuvo presente en el lanzamiento del evento. La actividad cont\u00f3 con la participaci\u00f3n de Lore Jim\u00e9nez, Alta Mezcla, Diana Fons y dem\u00e1s artistas. El Festival se desarrollar\u00e1 el 8 y 9 de abril, con un circuito gastron\u00f3mico y propuestas art\u00edsticas para toda la familia. El intendente Mart\u00edn Llaryora particip\u00f3 del lanzamiento de [&hellip;]<\/p>\n","protected":false},"author":1,"featured_media":52108,"comment_status":"closed","ping_status":"closed","sticky":false,"template":"","format":"standard","meta":[],"categories":[44],"tags":[],"_links":{"self":[{"href":"http:\/\/cordobadirecto.com\/index.php\/wp-json\/wp\/v2\/posts\/52107"}],"collection":[{"href":"http:\/\/cordobadirecto.com\/index.php\/wp-json\/wp\/v2\/posts"}],"about":[{"href":"http:\/\/cordobadirecto.com\/index.php\/wp-json\/wp\/v2\/types\/post"}],"author":[{"embeddable":true,"href":"http:\/\/cordobadirecto.com\/index.php\/wp-json\/wp\/v2\/users\/1"}],"replies":[{"embeddable":true,"href":"http:\/\/cordobadirecto.com\/index.php\/wp-json\/wp\/v2\/comments?post=52107"}],"version-history":[{"count":0,"href":"http:\/\/cordobadirecto.com\/index.php\/wp-json\/wp\/v2\/posts\/52107\/revisions"}],"wp:featuredmedia":[{"embeddable":true,"href":"http:\/\/cordobadirecto.com\/index.php\/wp-json\/wp\/v2\/media\/52108"}],"wp:attachment":[{"href":"http:\/\/cordobadirecto.com\/index.php\/wp-json\/wp\/v2\/media?parent=52107"}],"wp:term":[{"taxonomy":"category","embeddable":true,"href":"http:\/\/cordobadirecto.com\/index.php\/wp-json\/wp\/v2\/categories?post=52107"},{"taxonomy":"post_tag","embeddable":true,"href":"http:\/\/cordobadirecto.com\/index.php\/wp-json\/wp\/v2\/tags?post=52107"}],"curies":[{"name":"wp","href":"https:\/\/api.w.org\/{rel}","templated":true}]}}