{"id":52109,"date":"2022-04-02T05:22:43","date_gmt":"2022-04-02T05:22:43","guid":{"rendered":"http:\/\/cordobadirecto.com\/index.php\/2022\/04\/02\/subio-30-en-marzo-el-patentamiento-de-motos-la-capital\/"},"modified":"2022-04-02T05:22:43","modified_gmt":"2022-04-02T05:22:43","slug":"subio-30-en-marzo-el-patentamiento-de-motos-la-capital","status":"publish","type":"post","link":"http:\/\/cordobadirecto.com\/index.php\/2022\/04\/02\/subio-30-en-marzo-el-patentamiento-de-motos-la-capital\/","title":{"rendered":"Subi\u00f3 30% en marzo el patentamiento de motos &#8211; La Capital"},"content":{"rendered":"<p>La Capital | <b>Econom\u00eda<\/b> | motos &#8230; dijo que los fabricantes necesitan una pr\u00f3rroga del decreto 81 o una <b>nueva<\/b> ley de incentivos a la integraci\u00f3n&nbsp;&#8230; <\/p>\n","protected":false},"excerpt":{"rendered":"<p>La Capital | Econom\u00eda | motos &#8230; dijo que los fabricantes necesitan una pr\u00f3rroga del decreto 81 o una nueva ley de incentivos a la integraci\u00f3n&nbsp;&#8230;<\/p>\n","protected":false},"author":1,"featured_media":0,"comment_status":"closed","ping_status":"closed","sticky":false,"template":"","format":"standard","meta":[],"categories":[40],"tags":[],"_links":{"self":[{"href":"http:\/\/cordobadirecto.com\/index.php\/wp-json\/wp\/v2\/posts\/52109"}],"collection":[{"href":"http:\/\/cordobadirecto.com\/index.php\/wp-json\/wp\/v2\/posts"}],"about":[{"href":"http:\/\/cordobadirecto.com\/index.php\/wp-json\/wp\/v2\/types\/post"}],"author":[{"embeddable":true,"href":"http:\/\/cordobadirecto.com\/index.php\/wp-json\/wp\/v2\/users\/1"}],"replies":[{"embeddable":true,"href":"http:\/\/cordobadirecto.com\/index.php\/wp-json\/wp\/v2\/comments?post=52109"}],"version-history":[{"count":0,"href":"http:\/\/cordobadirecto.com\/index.php\/wp-json\/wp\/v2\/posts\/52109\/revisions"}],"wp:attachment":[{"href":"http:\/\/cordobadirecto.com\/index.php\/wp-json\/wp\/v2\/media?parent=52109"}],"wp:term":[{"taxonomy":"category","embeddable":true,"href":"http:\/\/cordobadirecto.com\/index.php\/wp-json\/wp\/v2\/categories?post=52109"},{"taxonomy":"post_tag","embeddable":true,"href":"http:\/\/cordobadirecto.com\/index.php\/wp-json\/wp\/v2\/tags?post=52109"}],"curies":[{"name":"wp","href":"https:\/\/api.w.org\/{rel}","templated":true}]}}