{"id":52114,"date":"2022-04-01T23:46:09","date_gmt":"2022-04-01T23:46:09","guid":{"rendered":"https:\/\/cordoba.gob.ar\/?p=21647"},"modified":"2022-04-01T23:46:09","modified_gmt":"2022-04-01T23:46:09","slug":"la-orquesta-de-instrumentos-reciclados-de-juvips-brindara-un-concierto-y-subastara-instrumentos-intervenidos-por-artistas","status":"publish","type":"post","link":"http:\/\/cordobadirecto.com\/index.php\/2022\/04\/01\/la-orquesta-de-instrumentos-reciclados-de-juvips-brindara-un-concierto-y-subastara-instrumentos-intervenidos-por-artistas\/","title":{"rendered":"La Orquesta de Instrumentos Reciclados de JUVIPS brindar\u00e1 un concierto y subastar\u00e1 instrumentos intervenidos por artistas"},"content":{"rendered":"<div><img src=\"http:\/\/cordobadirecto.com\/wp-content\/uploads\/2022\/04\/la-orquesta-de-instrumentos-reciclados-de-juvips-brindara-un-concierto-y-subastara-instrumentos-intervenidos-por-artistas.jpg\" class=\"ff-og-image-inserted\"><\/div>\n<ul>\n<li><strong>Las actividades ser\u00e1n el domingo 3 de abril a las 18 horas, con entrada libre y gratuita.<\/strong><\/li>\n<li><strong>Se llevar\u00e1 a cabo en el Centro Cultural Manuel de Falla, ubicado en calle Carlos Thays 1075, Parque Sarmiento.<\/strong><\/li>\n<\/ul>\n<hr>\n<p>La orquesta conformada por ni\u00f1os y j\u00f3venes de los barrios Nuestro Hogar 3, Ampliaci\u00f3n Renacimiento y Nuevo Progreso, dependiente de la Fundaci\u00f3n JUVIPS (Juventud por la inclusi\u00f3n y la participaci\u00f3n social), realizar\u00e1 un viaje por Brasil donde entre el 8 y el 21 de abril, llevar\u00e1 adelante numerosas actividades en el estado de San Pablo, invitada por ADESAMPA, la Agencia de Desarrollo de la Ciudad y la Fundaci\u00f3n ORPAS, en el marco de proyectos bilaterales para la promoci\u00f3n de la cultura y la econom\u00eda circular.<\/p>\n<p>Con el objetivo de recaudar fondos que ayuden a solventar costos del viaje, subastar\u00e1n instrumentos realizados en la Escuela de Luther\u00eda de la propia fundaci\u00f3n.<\/p>\n<p>La subasta es p\u00fablica y tendr\u00e1 lugar el domingo 3 de abril a las 18 horas en el Centro Cultural Manuel de Falla, ubicado en calle Carlos Thays 1075, Parque Sarmiento.<\/p>\n<p>Durante la jornada, la Orquesta de Instrumentos Reciclados ofrecer\u00e1 un concierto de despedida antes de su viaje a Brasil.<\/p>\n<p>Estas actividades organizadas por JUVIPS, cuentan con el acompa\u00f1amiento de la Secretar\u00eda de Cultura y Juventud de la Municipalidad de C\u00f3rdoba, en acciones de trabajo articulado que propician programas comunitarios, deportivos, culturales y de concientizaci\u00f3n ambiental, orientados a fortalecer el tejido social en las comunidades.<\/p>\n<p>De esta manera, por gestiones llevadas adelante por la Secretar\u00eda de Cultura y Juventud del municipio, seis artistas visuales de reconocida trayectoria intervendr\u00e1n art\u00edsticamente instrumentos de la Orquesta de Reciclados, algunos de los cu\u00e1les ser\u00e1n subastados y los dem\u00e1s formar\u00e1n parte del acervo de la orquesta.<\/p>\n<p>Entre los artistas se encuentra Mart\u00edn Ron, Lu Yorlano, Chuave, Maca Torres, Jael Airasca y Diego Arrascaeta quienes plasmaron sus obras en los instrumentos y que han participado del programa municipal \u201cArte de nuestra Gente\u201d.<\/p>\n","protected":false},"excerpt":{"rendered":"<p>Las actividades ser\u00e1n el domingo 3 de abril a las 18 horas, con entrada libre y gratuita. Se llevar\u00e1 a cabo en el Centro Cultural Manuel de Falla, ubicado en calle Carlos Thays 1075, Parque Sarmiento. La orquesta conformada por ni\u00f1os y j\u00f3venes de los barrios Nuestro Hogar 3, Ampliaci\u00f3n Renacimiento y Nuevo Progreso, dependiente [&hellip;]<\/p>\n","protected":false},"author":1,"featured_media":52115,"comment_status":"closed","ping_status":"closed","sticky":false,"template":"","format":"standard","meta":[],"categories":[44],"tags":[],"_links":{"self":[{"href":"http:\/\/cordobadirecto.com\/index.php\/wp-json\/wp\/v2\/posts\/52114"}],"collection":[{"href":"http:\/\/cordobadirecto.com\/index.php\/wp-json\/wp\/v2\/posts"}],"about":[{"href":"http:\/\/cordobadirecto.com\/index.php\/wp-json\/wp\/v2\/types\/post"}],"author":[{"embeddable":true,"href":"http:\/\/cordobadirecto.com\/index.php\/wp-json\/wp\/v2\/users\/1"}],"replies":[{"embeddable":true,"href":"http:\/\/cordobadirecto.com\/index.php\/wp-json\/wp\/v2\/comments?post=52114"}],"version-history":[{"count":0,"href":"http:\/\/cordobadirecto.com\/index.php\/wp-json\/wp\/v2\/posts\/52114\/revisions"}],"wp:featuredmedia":[{"embeddable":true,"href":"http:\/\/cordobadirecto.com\/index.php\/wp-json\/wp\/v2\/media\/52115"}],"wp:attachment":[{"href":"http:\/\/cordobadirecto.com\/index.php\/wp-json\/wp\/v2\/media?parent=52114"}],"wp:term":[{"taxonomy":"category","embeddable":true,"href":"http:\/\/cordobadirecto.com\/index.php\/wp-json\/wp\/v2\/categories?post=52114"},{"taxonomy":"post_tag","embeddable":true,"href":"http:\/\/cordobadirecto.com\/index.php\/wp-json\/wp\/v2\/tags?post=52114"}],"curies":[{"name":"wp","href":"https:\/\/api.w.org\/{rel}","templated":true}]}}