{"id":52122,"date":"2022-04-02T12:35:00","date_gmt":"2022-04-02T12:35:00","guid":{"rendered":"http:\/\/cordobadirecto.com\/index.php\/2022\/04\/02\/una-vez-mas-algun-poderoso-encerrado-en-intereses-nacionalistas-provoca-conflictos\/"},"modified":"2022-04-02T12:35:00","modified_gmt":"2022-04-02T12:35:00","slug":"una-vez-mas-algun-poderoso-encerrado-en-intereses-nacionalistas-provoca-conflictos","status":"publish","type":"post","link":"http:\/\/cordobadirecto.com\/index.php\/2022\/04\/02\/una-vez-mas-algun-poderoso-encerrado-en-intereses-nacionalistas-provoca-conflictos\/","title":{"rendered":"&#8220;Una vez m\u00e1s alg\u00fan poderoso encerrado en intereses nacionalistas provoca conflictos&#8221;"},"content":{"rendered":"<figure class=\"mb-3\"><img loading=\"lazy\" src=\"http:\/\/cordobadirecto.com\/wp-content\/uploads\/2022\/04\/una-vez-mas-algun-poderoso-encerrado-en-intereses-nacionalistas-provoca-conflictos.jpg\" width=\"100%\" height=\"100%\" alt=\"Francisco arrib este sbado a Malta en una visita que fue reprogramada por la pandemia de coronavirus Foto AFP\"><figcaption> Francisco arrib\u00f3 este s\u00e1bado a Malta en una visita que fue reprogramada por la pandemia de coronavirus. Foto: AFP. <\/figcaption><\/figure>\n<p>El <strong>papa Francisco<\/strong> conden\u00f3 este s\u00e1bado en Malta la actuaci\u00f3n de &#8220;alg\u00fan poderoso&#8221; que encerrado en &#8220;intereses nacionalistas provoca y fomenta conflictos&#8221; como el de Ucrania y pidi\u00f3 <strong>responder a la &#8220;emergencia migratoria&#8221; agravada por esa guerra que lanz\u00f3 Rusia<\/strong>.<\/p>\n<p>En un discurso en el palacio presidencial de La Valeta, al iniciar una visita de dos d\u00edas a la isla del Mediterr\u00e1neo, <strong>el Pont\u00edfice lament\u00f3 el &#8220;viento glacial de la guerra&#8221; procedente de &#8220;Europa del Este&#8221;.<\/strong><\/p>\n<p>&#8220;Una vez m\u00e1s alg\u00fan poderoso, tristemente encerrado en las anacr\u00f3nicas pretensiones de intereses nacionalistas, provoca y fomenta conflictos&#8221;, dijo en lo que parece ser una alusi\u00f3n al presidente ruso Vladimir Putin, aunque sin nombrarlo.<\/p>\n<p>&#8220;Pens\u00e1bamos que las invasiones de otros pa\u00edses, los brutales combates en las calles y las amenazas at\u00f3micas fueran oscuros recuerdos de un pasado lejano. Pero el viento g\u00e9lido de la guerra, que s\u00f3lo trae muerte, destrucci\u00f3n y odio, se ha abatido con prepotencia sobre la vida de muchos&#8221;, declar\u00f3, citado por la agencia de noticias AFP.<\/p>\n<blockquote class><p>&#8220;El viento g\u00e9lido de la guerra, que s\u00f3lo trae muerte, destrucci\u00f3n y odio, se ha abatido con prepotencia sobre la vida de muchos&#8221;<\/p><\/blockquote>\n<p>Francisco denunci\u00f3 adem\u00e1s &#8220;<strong>las seducciones de la autocracia&#8221;<\/strong> y<strong> &#8220;los nuevos imperialismos&#8221;<\/strong>, que traen el riesgo de &#8220;Guerra Fr\u00eda ampliada que puede sofocar la vida de pueblos y generaciones enteros&#8221;.<\/p>\n<p>Frente al conflicto en Ucrania, que llev\u00f3 a m\u00e1s de 4,1 millones de personas, cerca del 10% de la poblaci\u00f3n ucraniana, a huir del pa\u00eds, el Papa pidi\u00f3 &#8220;respuestas amplias y compartidas&#8221;.<\/p>\n<p><strong>&#8220;No pueden cargar con todo el problema s\u00f3lo algunos pa\u00edses, mientras otros permanecen indiferentes&#8221;<\/strong>, manifest\u00f3 ante el presidente malt\u00e9s George Vella y el cuerpo diplom\u00e1tico.<\/p>\n<blockquote class><p>&#8220;No pueden cargar con todo el problema s\u00f3lo algunos pa\u00edses, mientras otros permanecen indiferentes&#8221;<\/p><\/blockquote>\n<p>Adem\u00e1s de la referencia a Ucrania, se trat\u00f3 de una cr\u00edtica a la pol\u00edtica migratoria de Malta, acusada a menudo de cerrar sus puertos a las ONGs que socorren migrantes que tratan de alcanzar Europa en una peligrosa traves\u00eda por el Mediterr\u00e1neo.<\/p>\n<p>Francisco arrib\u00f3 este s\u00e1bado a Malta en una visita que hab\u00eda sido originalmente pensada para mayo de 2020 pero fue reprogramada por la pandemia de coronavirus.<\/p>\n<p>M\u00e1s tarde se trasladar\u00e1 en catamar\u00e1n a Gozo (norte), una de las tres islas habitadas de Malta, donde presidir\u00e1 una oraci\u00f3n en el santuario nacional de Ta&#8217;Pinu.<\/p>\n<p>El pont\u00edfice realizar\u00e1 el domingo una misa con la presencia esperada de 10.000 personas en Floriana, cerca de la capital La Valeta, tras una visita a la Gruta de San Pablo, donde se cree que se refugi\u00f3 el ap\u00f3stol.<\/p>\n<p>Tambi\u00e9n el domingo visitar\u00e1 a migrantes radicados en el laboratorio de paz de Hal Far, un centro migratorio fundado por un fraile franciscano en 1971 en honor de Juan XXIII.<\/p>\n<p><strong>&#8220;Muchas gracias por acompa\u00f1arme en este viaje, que es r\u00e1pido, pero que ser\u00e1 hermoso&#8221;, dijo Francisco<\/strong> a los periodistas que viajan con \u00e9l, al llegar a Malta poco antes de las 10 hora local (5 de Argentina).<\/p>\n<p>Afectado por dolores de cadera y rodilla, tuvo que utilizar por primera vez una plataforma elevadora para embarcar en su avi\u00f3n desde Roma.<\/p>\n<p>Malta, pa\u00eds con menos de medio mill\u00f3n de habitantes y una poblaci\u00f3n cat\u00f3lica de cerca del 85%, es una de las naciones que recibe m\u00e1s migrantes y refugiados desde el Norte de \u00c1frica y desde las rutas de Oriente Medio.<\/p>\n<p><strong>En 2016 el Vaticano emplaz\u00f3 un pesebre donado por el Gobierno malt\u00e9s en la Plaza San Pedro en el que una barca de madera simboliz\u00f3 la centralidad de los migrantes como preocupaci\u00f3n compartida para Roma y La Valeta.<\/strong><\/p>\n<p>El viaje, apuntaron fuentes vaticanas a T\u00e9lam, ser\u00e1 adem\u00e1s una &#8220;continuac\u00f3n conceptual&#8221; de la visita que Jorge Bergoglio, de 85 a\u00f1os, hizo en diciembre a Grecia y Chipre, otros dos pa\u00edses europeos atravesados por la emergencia migratoria continental.<\/p>\n<blockquote class><p>Malta, pa\u00eds con menos de medio mill\u00f3n de habitantes y una poblaci\u00f3n cat\u00f3lica de cerca del 85%, es una de las naciones que recibe m\u00e1s migrantes y refugiados<\/p><\/blockquote>\n<p>Considerada una de las &#8220;cunas&#8221; del cristianismo en Europa, Malta es cononocido como el pa\u00eds en el que hay &#8220;una Iglesia para cada d\u00eda&#8221; por sus 365 lugares de culto cat\u00f3lico distribuidos en el archipi\u00e9lago.<\/p>\n<p>El Papa aterrizar\u00e1 de regreso en Roma el domingo a las 19.40 locales.<\/p>\n<p><strong>El de este fin de semana ser\u00e1 el viaje 36 de Francisco fuera de Italia, y Malta ser\u00e1 el pa\u00eds 56 al que llega el pont\u00edifce argentino.<\/strong> Para 2022, ya est\u00e1 tambi\u00e9n confirmada una visita a Congo y Sud\u00e1n del Sur del 2 al 7 de julio.<\/p>\n<p>Adem\u00e1s de Malta y los pa\u00edses africanos, Francisco podr\u00eda viajar este a\u00f1o Canad\u00e1 y, en lo que ser\u00eda su primera visita a Ocean\u00eda como Papa, llegar\u00eda a Pap\u00faa Nueva Guinea como parte de una gira que incluir\u00eda tambi\u00e9n Timor del Este, seg\u00fan la agenda tentativa con la que trabaja el Vaticano. <\/p>\n","protected":false},"excerpt":{"rendered":"<p>Francisco arrib\u00f3 este s\u00e1bado a Malta en una visita que fue reprogramada por la pandemia de coronavirus. Foto: AFP. El papa Francisco conden\u00f3 este s\u00e1bado en Malta la actuaci\u00f3n de &#8220;alg\u00fan poderoso&#8221; que encerrado en &#8220;intereses nacionalistas provoca y fomenta conflictos&#8221; como el de Ucrania y pidi\u00f3 responder a la &#8220;emergencia migratoria&#8221; agravada por esa [&hellip;]<\/p>\n","protected":false},"author":1,"featured_media":52123,"comment_status":"closed","ping_status":"closed","sticky":false,"template":"","format":"standard","meta":[],"categories":[24],"tags":[],"_links":{"self":[{"href":"http:\/\/cordobadirecto.com\/index.php\/wp-json\/wp\/v2\/posts\/52122"}],"collection":[{"href":"http:\/\/cordobadirecto.com\/index.php\/wp-json\/wp\/v2\/posts"}],"about":[{"href":"http:\/\/cordobadirecto.com\/index.php\/wp-json\/wp\/v2\/types\/post"}],"author":[{"embeddable":true,"href":"http:\/\/cordobadirecto.com\/index.php\/wp-json\/wp\/v2\/users\/1"}],"replies":[{"embeddable":true,"href":"http:\/\/cordobadirecto.com\/index.php\/wp-json\/wp\/v2\/comments?post=52122"}],"version-history":[{"count":0,"href":"http:\/\/cordobadirecto.com\/index.php\/wp-json\/wp\/v2\/posts\/52122\/revisions"}],"wp:featuredmedia":[{"embeddable":true,"href":"http:\/\/cordobadirecto.com\/index.php\/wp-json\/wp\/v2\/media\/52123"}],"wp:attachment":[{"href":"http:\/\/cordobadirecto.com\/index.php\/wp-json\/wp\/v2\/media?parent=52122"}],"wp:term":[{"taxonomy":"category","embeddable":true,"href":"http:\/\/cordobadirecto.com\/index.php\/wp-json\/wp\/v2\/categories?post=52122"},{"taxonomy":"post_tag","embeddable":true,"href":"http:\/\/cordobadirecto.com\/index.php\/wp-json\/wp\/v2\/tags?post=52122"}],"curies":[{"name":"wp","href":"https:\/\/api.w.org\/{rel}","templated":true}]}}