{"id":52124,"date":"2022-04-02T19:41:29","date_gmt":"2022-04-02T19:41:29","guid":{"rendered":"http:\/\/cordobadirecto.com\/index.php\/2022\/04\/02\/si-las-politicas-micro-no-se-inscriben-en-un-plan-macroeconomico-vamos-a-fracasar\/"},"modified":"2022-04-02T19:41:29","modified_gmt":"2022-04-02T19:41:29","slug":"si-las-politicas-micro-no-se-inscriben-en-un-plan-macroeconomico-vamos-a-fracasar","status":"publish","type":"post","link":"http:\/\/cordobadirecto.com\/index.php\/2022\/04\/02\/si-las-politicas-micro-no-se-inscriben-en-un-plan-macroeconomico-vamos-a-fracasar\/","title":{"rendered":"\u201cSi las pol\u00edticas micro no se inscriben en un plan macroecon\u00f3mico vamos a fracasar\u201d"},"content":{"rendered":"<p>El secretario de Comercio Interior, Roberto Feletti lanz\u00f3 una dura advertencia hacia adentro del equipo <b>econ\u00f3mico<\/b> al asegurar que si las pol\u00edticas&nbsp;&#8230; <\/p>\n","protected":false},"excerpt":{"rendered":"<p>El secretario de Comercio Interior, Roberto Feletti lanz\u00f3 una dura advertencia hacia adentro del equipo econ\u00f3mico al asegurar que si las pol\u00edticas&nbsp;&#8230;<\/p>\n","protected":false},"author":1,"featured_media":0,"comment_status":"closed","ping_status":"closed","sticky":false,"template":"","format":"standard","meta":[],"categories":[40],"tags":[],"_links":{"self":[{"href":"http:\/\/cordobadirecto.com\/index.php\/wp-json\/wp\/v2\/posts\/52124"}],"collection":[{"href":"http:\/\/cordobadirecto.com\/index.php\/wp-json\/wp\/v2\/posts"}],"about":[{"href":"http:\/\/cordobadirecto.com\/index.php\/wp-json\/wp\/v2\/types\/post"}],"author":[{"embeddable":true,"href":"http:\/\/cordobadirecto.com\/index.php\/wp-json\/wp\/v2\/users\/1"}],"replies":[{"embeddable":true,"href":"http:\/\/cordobadirecto.com\/index.php\/wp-json\/wp\/v2\/comments?post=52124"}],"version-history":[{"count":0,"href":"http:\/\/cordobadirecto.com\/index.php\/wp-json\/wp\/v2\/posts\/52124\/revisions"}],"wp:attachment":[{"href":"http:\/\/cordobadirecto.com\/index.php\/wp-json\/wp\/v2\/media?parent=52124"}],"wp:term":[{"taxonomy":"category","embeddable":true,"href":"http:\/\/cordobadirecto.com\/index.php\/wp-json\/wp\/v2\/categories?post=52124"},{"taxonomy":"post_tag","embeddable":true,"href":"http:\/\/cordobadirecto.com\/index.php\/wp-json\/wp\/v2\/tags?post=52124"}],"curies":[{"name":"wp","href":"https:\/\/api.w.org\/{rel}","templated":true}]}}