{"id":52228,"date":"2022-04-02T21:43:02","date_gmt":"2022-04-02T21:43:02","guid":{"rendered":"http:\/\/cordobadirecto.com\/index.php\/2022\/04\/02\/del-lollapalooza-a-spinettango-nebbia-disfruta-de-un-presente-muy-pleno\/"},"modified":"2022-04-02T21:43:02","modified_gmt":"2022-04-02T21:43:02","slug":"del-lollapalooza-a-spinettango-nebbia-disfruta-de-un-presente-muy-pleno","status":"publish","type":"post","link":"http:\/\/cordobadirecto.com\/index.php\/2022\/04\/02\/del-lollapalooza-a-spinettango-nebbia-disfruta-de-un-presente-muy-pleno\/","title":{"rendered":"Del Lollapalooza a &#8220;Spinettango&#8221;, Nebbia disfruta de un presente &#8220;muy pleno&#8221;"},"content":{"rendered":"<figure class=\"mb-3\"><img loading=\"lazy\" src=\"http:\/\/cordobadirecto.com\/wp-content\/uploads\/2022\/04\/del-lollapalooza-a-spinettango-nebbia-disfruta-de-un-presente-muy-pleno.jpg\" width=\"100%\" height=\"100%\" alt=\"Foto Julin lvarez\"><figcaption> Foto: Juli\u00e1n \u00c1lvarez <\/figcaption><\/figure>\n<p>Litto Nebbia, quien viene de brillar en la edici\u00f3n argentina del Lollapalooza y participar en el flamante disco \u201cSpinettango\u201d, producido por Hern\u00e1n \u201cDon Camel\u201d Sforzini, atraviesa <strong>un presente que lo encuentra \u201cmuy pleno art\u00edstica y espiritualmente\u201d.<\/strong><\/p>\n<p>Prol\u00edfico y siempre vigente, el pr\u00f3cer del rock argentino habl\u00f3, entre otras cuestiones, sobre lo que representa el hecho de haber participado recientemente en el multitudinario encuentro rockero, donde se destac\u00f3 especialmente, acompa\u00f1ado por Ariel Minimal en guitarra, Leopoldo Deza en teclados y vientos; Nica Corley en guitarra y su hermano Tifa, en bater\u00eda, ambos de Los Reyes del Falsete.<\/p>\n<p>\u201cMe da mucho gusto que me hayan convocado para este festival tan reconocido. <strong>Es un pelda\u00f1o m\u00e1s para mi extensa carrera<\/strong>, siempre luchando por cosas nuevas y mezcl\u00e1ndome de alguna manera con tantas novedades que aparece\u201d, dijo Nebbia en di\u00e1logo con T\u00e9lam.<\/p>\n<blockquote class><p>\u201cMe da mucho gusto que me hayan convocado para este festival tan reconocido. Es un pelda\u00f1o m\u00e1s para mi extensa carrera, siempre luchando por cosas nuevas&#8221;<\/p><\/blockquote>\n<p>\u201cLo m\u00e1s satisfactorio para mi persona como artista, es que me presento siempre dentro de mi estilo y capacidad de vocaci\u00f3n\u201d, remarc\u00f3 quien en uno de los escenarios enclavados en el Hip\u00f3dromo de San Isidro inici\u00f3 su set con &#8220;Si no son m\u00e1s de las tres&#8221;.<\/p>\n<p>All\u00ed tambi\u00e9n ejecut\u00f3 &#8220;Nueva zamba para mi tierra&#8221;, &#8220;El rey llor\u00f3&#8221;, un potpurr\u00ed con &#8220;Viento dile a la lluvia&#8221; y &#8220;Ayer nom\u00e1s&#8221;, &#8220;Quien quiere o\u00edr que oiga&#8221;, &#8220;Solo se trata de vivir&#8221; y &#8220;Yo no permito&#8221;, entre otras.<\/p>\n<p>El compositor, cantante, pianista y guitarrista rosarino, de 73 a\u00f1os, quien <strong>acostumbra sorprender con nuevas canciones y mantiene intacto su pulso creativo<\/strong>, cant\u00f3 recientemente una bella versi\u00f3n de \u201cMuchacha ojos de papel\u201d, que forma parte del disco \u201cSpinettango\u201d, disco lanzado este viernes por la agrupaci\u00f3n Los Altiyeros.<\/p>\n<div class=\"video_repositive\"> <a class=\"video_sticky\" href=\"javascript:void();\" onclick=\"removeStuckVideo(true);\"><i class=\"far fa-window-close\"><\/i><\/a> <\/p>\n<div id=\"FR2voIF997I\" class=\"video_telam\" readability=\"6\">\n<div class=\"feature_article_inner\" readability=\"32\">\n<p><h2 class=\"text-center\">Spinettango &#8211; Muchacha (Ojos de Papel) feat. Litto Nebbia<\/h2>\n<\/p><\/div>\n<p>VER VIDEO <i class=\"fas fa-play\"><\/i><\/p>\n<\/p><\/div><\/div>\n<p>El trabajo est\u00e1 integrado por&nbsp; , y opera como tributo al artista al cumplirse 10 a\u00f1os de su fallecimiento.<\/p>\n<p>\u201cSpinettango\u201d est\u00e1 producido por Sforzini y cuenta adem\u00e1s con otros grandes invitados como Daniel Melingo, Mimi Maura, la murga Lack and Rest, Santiago Mu\u00f1iz y Dami\u00e1n Torres Quintet.<\/p>\n<p>\u201cFue una invitaci\u00f3n de mi amigo Hern\u00e1n Sforzini. Me gust\u00f3 como estaba ejecutado el tema por el grupo y tambi\u00e9n como cantaba el solista (Santiago Mu\u00f1iz, cantor de Altiyeros), expres\u00f3 Litto.<\/p>\n<p><strong>\u201cSiempre es un honor que te convoquen a participar del homenaje a un m\u00fasico sensible como Spinetta\u201d, dijo el compositor de decenas de cl\u00e1sicos<\/strong> del cancionero popular argentino, como &#8220;El otro cambio&#8221;, \u201cCanci\u00f3n sin pu\u00f1ales\u201d, \u201cGente que no sabe lo que quiere\u201d, \u201cNo importa la raz\u00f3n\u201d, \u201cRock de la mujer perdida\u201d y \u201cRecuerdos en un taxi\u201d, por citar solamente algunos de una imponente y cuantiosa obra.<\/p>\n<p>Pero mientras sigue creando y pensando en nuevos \u00e1lbumes (por ejemplo \u201cSe\u00f1ores del Carnaval\u201d que lo une a C\u00e9sar Franov, en bajo el\u00e9ctrico y teclados; Jota Morelli, en bater\u00eda; y Francisco Ingaramo, en teclados y guitarra), Litto pone en \u00f3rbita cada medianoche de s\u00e1bado su <strong>\u201cPlaneta Nebbia\u201d<\/strong> por Radio Nacional.<\/p>\n<p>El programa que comenz\u00f3 en Radio 10, inici\u00f3 en marzo pasado su tercera temporada (segunda consecutiva en la emisora p\u00fablica) poniendo en di\u00e1logo la m\u00fasica propia con influencias y referencias varias.<\/p>\n<p>Consultado acerca del parentesco que encuentra entre el tango y el rock argentino, y acerca del sonido de Buenos Aires siempre presente en su obra, se\u00f1al\u00f3: \u201cLo escucho pr\u00e1cticamente en muchas de las canciones del inicio del rock argentino, surge esa clim\u00e1tica del tango. El aire de la m\u00fasica urbana\u201d.<\/p>\n<p>\u201cEsto se puede encontrar no solo en pila de canciones m\u00edas de las primeras, sino tambi\u00e9n en temas de Miguel Cantilo, Javier Mart\u00ednez, Roque Narvaja, ni que hablar de Moris, y tambi\u00e9n algo de Spinetta\u201d, agreg\u00f3.<\/p>\n<p>En relaci\u00f3n a c\u00f3mo se fue impregnando el rock del tango, el fundador del grupo Los Gatos y del sello Melopea dijo: <strong>\u201cCreo que el tango y el rock argentino se asemejan en cuanto a que son representativos de nuestra idiosincrasia <\/strong>y tambi\u00e9n desde sus comienzos, en la lucha contra la adversidad\u201d.<\/p>\n<p>\u201cFinalmente el lenguaje de la canci\u00f3n ciudadana, tiene varios puntos en com\u00fan \u2013continu\u00f3-. Describir la realidad, luchar por sus derechos, y reafirmarse en su originalidad\u201d.<\/p>\n<p>En la entrevista con la agencia, Nebbia tambi\u00e9n se refiri\u00f3 a su presente art\u00edstico, a su vigencia a trav\u00e9s de los a\u00f1os y al secreto para ser tan querido y respetado por varias generaciones.<\/p>\n<p>\u201cMe siento muy pleno art\u00edsticamente y espiritualmente. No existe secreto para esto. Es tan solo pasi\u00f3n, plena dedicaci\u00f3n al arte, y un poco de destino, tal vez&#8230;\u201d, concluy\u00f3. <\/p>\n","protected":false},"excerpt":{"rendered":"<p>Foto: Juli\u00e1n \u00c1lvarez Litto Nebbia, quien viene de brillar en la edici\u00f3n argentina del Lollapalooza y participar en el flamante disco \u201cSpinettango\u201d, producido por Hern\u00e1n \u201cDon Camel\u201d Sforzini, atraviesa un presente que lo encuentra \u201cmuy pleno art\u00edstica y espiritualmente\u201d. Prol\u00edfico y siempre vigente, el pr\u00f3cer del rock argentino habl\u00f3, entre otras cuestiones, sobre lo que [&hellip;]<\/p>\n","protected":false},"author":1,"featured_media":52229,"comment_status":"closed","ping_status":"closed","sticky":false,"template":"","format":"standard","meta":[],"categories":[20],"tags":[],"_links":{"self":[{"href":"http:\/\/cordobadirecto.com\/index.php\/wp-json\/wp\/v2\/posts\/52228"}],"collection":[{"href":"http:\/\/cordobadirecto.com\/index.php\/wp-json\/wp\/v2\/posts"}],"about":[{"href":"http:\/\/cordobadirecto.com\/index.php\/wp-json\/wp\/v2\/types\/post"}],"author":[{"embeddable":true,"href":"http:\/\/cordobadirecto.com\/index.php\/wp-json\/wp\/v2\/users\/1"}],"replies":[{"embeddable":true,"href":"http:\/\/cordobadirecto.com\/index.php\/wp-json\/wp\/v2\/comments?post=52228"}],"version-history":[{"count":0,"href":"http:\/\/cordobadirecto.com\/index.php\/wp-json\/wp\/v2\/posts\/52228\/revisions"}],"wp:featuredmedia":[{"embeddable":true,"href":"http:\/\/cordobadirecto.com\/index.php\/wp-json\/wp\/v2\/media\/52229"}],"wp:attachment":[{"href":"http:\/\/cordobadirecto.com\/index.php\/wp-json\/wp\/v2\/media?parent=52228"}],"wp:term":[{"taxonomy":"category","embeddable":true,"href":"http:\/\/cordobadirecto.com\/index.php\/wp-json\/wp\/v2\/categories?post=52228"},{"taxonomy":"post_tag","embeddable":true,"href":"http:\/\/cordobadirecto.com\/index.php\/wp-json\/wp\/v2\/tags?post=52228"}],"curies":[{"name":"wp","href":"https:\/\/api.w.org\/{rel}","templated":true}]}}