{"id":52230,"date":"2022-04-02T21:43:05","date_gmt":"2022-04-02T21:43:05","guid":{"rendered":"http:\/\/cordobadirecto.com\/index.php\/2022\/04\/02\/fito-paez-canto-cable-a-tierra-con-carlos-vives-en-su-vuelta-a-colombia\/"},"modified":"2022-04-02T21:43:05","modified_gmt":"2022-04-02T21:43:05","slug":"fito-paez-canto-cable-a-tierra-con-carlos-vives-en-su-vuelta-a-colombia","status":"publish","type":"post","link":"http:\/\/cordobadirecto.com\/index.php\/2022\/04\/02\/fito-paez-canto-cable-a-tierra-con-carlos-vives-en-su-vuelta-a-colombia\/","title":{"rendered":"Fito P\u00e1ez cant\u00f3 &#8220;Cable a tierra&#8221; con Carlos Vives en su vuelta a Colombia"},"content":{"rendered":"<figure class=\"mb-3\"><img loading=\"lazy\" src=\"http:\/\/cordobadirecto.com\/wp-content\/uploads\/2022\/04\/fito-paez-canto-cable-a-tierra-con-carlos-vives-en-su-vuelta-a-colombia.jpg\" width=\"100%\" height=\"100%\" alt=\"El rosarino ratific su fuerte lazo con el pblico de Colombia\"><figcaption> El rosarino ratific\u00f3 su fuerte lazo con el p\u00fablico de Colombia. <\/figcaption><\/figure>\n<p>El artista argentino Fito P\u00e1ez comparti\u00f3 \u201cCable a tierra\u201d, una de las gemas de su repertorio, con el colombiano Carlos Vives en el recital que el viernes por la noche se desarroll\u00f3 a sala llena en el Movistar Arena de Bogot\u00e1.<\/p>\n<p>De paso por Colombia, donde el jueves hab\u00eda colmado El Centro de Espect\u00e1culos La Macarena de Medell\u00edn, el rosarino ratific\u00f3 su fuerte lazo con el p\u00fablico de aquel pa\u00eds.<\/p>\n<blockquote class=\"twitter-tweet\" readability=\"4.0122699386503\">\n<p lang=\"es\" dir=\"ltr\">Am\u00e9 este momento <a href=\"https:\/\/twitter.com\/FitoPaezMusica?ref_src=twsrc%5Etfw\">@FitoPaezMusica<\/a> FITO P\u00c1EZ Y CARLOS VIVES cantando cable a tierra. <a href=\"https:\/\/t.co\/pbzcCG8i5v\">pic.twitter.com\/pbzcCG8i5v<\/a><\/p>\n<p>\u2014 KILLER QUEEN \ud83d\udca5 (@IAmMissFergie) <a href=\"https:\/\/twitter.com\/IAmMissFergie\/status\/1510126611189936130?ref_src=twsrc%5Etfw\">April 2, 2022<\/a><\/p><\/blockquote>\n<p>El viernes por la noche abord\u00f3 unas 21 canciones que recorrieron buena parte de su prol\u00edfica e influyente trayectoria, entre ellas, &#8220;Giros&#8221;, &#8220;La conquista del espacio&#8221;, &#8220;La m\u00fasica de los sue\u00f1os de tu juventud\u201d, \u201cNaturaleza sangre&#8221;, &#8220;La canci\u00f3n de las bestias\u201d y \u201cAl lado del camino\u201d.<\/p>\n<blockquote class=\"instagram-media\" data-instgrm-captioned data-instgrm-permalink=\"https:\/\/www.instagram.com\/p\/Cb3QZluO4Ew\/?utm_source=ig_embed&amp;utm_campaign=loading\" data-instgrm-version=\"14\" readability=\"0\"><\/blockquote>\n<p>La pr\u00f3xima presencia en vivo del m\u00fasico, escritor y cineasta ser\u00e1 en el marco del festival Quilmes Rock donde se presentar\u00e1 el 30 de abril en Tecn\u00f3polis de Buenos Aires.<\/p>\n<p>Luego, en mayo, llegar\u00e1 a Espa\u00f1a para presentarse el 5 en Madrid y dos noches m\u00e1s tarde en Barcelona y el 12 se concretar\u00e1 la salida de \u201cThe Golden Light\u201d, tercera y \u00faltima parte de una trilog\u00eda que ya entreg\u00f3 \u201cLos a\u00f1os salvajes\u201d (en noviembre de 2021) y &#8220;Futurolog\u00eda Arlt&#8221; en marzo pasado.<\/p>\n<figure class=\"mb-3\"><img loading=\"lazy\" src=\"http:\/\/cordobadirecto.com\/wp-content\/uploads\/2022\/04\/fito-paez-canto-cable-a-tierra-con-carlos-vives-en-su-vuelta-a-colombia-1.jpg\" width=\"100%\" height=\"100%\" alt=\"El recital a sala llena en el Movistar Arena de Bogot\"><figcaption> El recital a sala llena en el Movistar Arena de Bogot\u00e1. <\/figcaption><\/figure>\n<p>Como corista e invitada especial, estuvo en el escenario junto al gran P\u00e1ez, la rioplatense Julieta Rada, quien se mostr\u00f3 muy agradecida en redes sociales.&nbsp;<\/p>\n<blockquote class=\"instagram-media\" data-instgrm-captioned data-instgrm-permalink=\"https:\/\/www.instagram.com\/p\/Cb0DsHaOMrv\/?utm_source=ig_embed&amp;utm_campaign=loading\" data-instgrm-version=\"14\" readability=\"0\"><\/blockquote>\n","protected":false},"excerpt":{"rendered":"<p>El rosarino ratific\u00f3 su fuerte lazo con el p\u00fablico de Colombia. El artista argentino Fito P\u00e1ez comparti\u00f3 \u201cCable a tierra\u201d, una de las gemas de su repertorio, con el colombiano Carlos Vives en el recital que el viernes por la noche se desarroll\u00f3 a sala llena en el Movistar Arena de Bogot\u00e1. De paso por [&hellip;]<\/p>\n","protected":false},"author":1,"featured_media":52231,"comment_status":"closed","ping_status":"closed","sticky":false,"template":"","format":"standard","meta":[],"categories":[20],"tags":[],"_links":{"self":[{"href":"http:\/\/cordobadirecto.com\/index.php\/wp-json\/wp\/v2\/posts\/52230"}],"collection":[{"href":"http:\/\/cordobadirecto.com\/index.php\/wp-json\/wp\/v2\/posts"}],"about":[{"href":"http:\/\/cordobadirecto.com\/index.php\/wp-json\/wp\/v2\/types\/post"}],"author":[{"embeddable":true,"href":"http:\/\/cordobadirecto.com\/index.php\/wp-json\/wp\/v2\/users\/1"}],"replies":[{"embeddable":true,"href":"http:\/\/cordobadirecto.com\/index.php\/wp-json\/wp\/v2\/comments?post=52230"}],"version-history":[{"count":0,"href":"http:\/\/cordobadirecto.com\/index.php\/wp-json\/wp\/v2\/posts\/52230\/revisions"}],"wp:featuredmedia":[{"embeddable":true,"href":"http:\/\/cordobadirecto.com\/index.php\/wp-json\/wp\/v2\/media\/52231"}],"wp:attachment":[{"href":"http:\/\/cordobadirecto.com\/index.php\/wp-json\/wp\/v2\/media?parent=52230"}],"wp:term":[{"taxonomy":"category","embeddable":true,"href":"http:\/\/cordobadirecto.com\/index.php\/wp-json\/wp\/v2\/categories?post=52230"},{"taxonomy":"post_tag","embeddable":true,"href":"http:\/\/cordobadirecto.com\/index.php\/wp-json\/wp\/v2\/tags?post=52230"}],"curies":[{"name":"wp","href":"https:\/\/api.w.org\/{rel}","templated":true}]}}